{"id":25876,"date":"2022-12-26T12:20:13","date_gmt":"2022-12-26T15:20:13","guid":{"rendered":"https:\/\/radiorevelacionfm.cl\/?p=25876"},"modified":"2022-12-26T12:20:13","modified_gmt":"2022-12-26T15:20:13","slug":"jardin-infantil-las-murtitas-retoma-sus-funciones-en-remozado-recinto","status":"publish","type":"post","link":"https:\/\/radiorevelacionfm.cl\/?p=25876","title":{"rendered":"Jard\u00edn Infantil \u201cLas Murtitas\u201d retoma sus funciones en remozado recinto"},"content":{"rendered":"<div class=\"flex_column av_one_full  flex_column_div av-zero-column-padding first  avia-builder-el-0  el_before_av_one_full  avia-builder-el-first  \" style='border-radius:0px; '><div  class='avia-image-container  av-styling-    avia-builder-el-1  avia-builder-el-no-sibling  avia-align-center '  itemprop=\"image\" itemscope=\"itemscope\" itemtype=\"https:\/\/schema.org\/ImageObject\"  ><div class='avia-image-container-inner'><div class='avia-image-overlay-wrap'><img decoding=\"async\" class='wp-image-25878 avia-img-lazy-loading-not-25878 avia_image' src=\"https:\/\/radiorevelacionfm.cl\/wp-content\/uploads\/2022\/12\/1-58-2-1-1_optimized-1.jpeg\" alt='' title='1-(58)-(2)-(1)-(1)_optimized (1)' height=\"576\" width=\"1024\"  itemprop=\"thumbnailUrl\" srcset=\"https:\/\/radiorevelacionfm.cl\/wp-content\/uploads\/2022\/12\/1-58-2-1-1_optimized-1.jpeg 1024w, https:\/\/radiorevelacionfm.cl\/wp-content\/uploads\/2022\/12\/1-58-2-1-1_optimized-1-300x169.jpeg 300w, https:\/\/radiorevelacionfm.cl\/wp-content\/uploads\/2022\/12\/1-58-2-1-1_optimized-1-768x432.jpeg 768w, https:\/\/radiorevelacionfm.cl\/wp-content\/uploads\/2022\/12\/1-58-2-1-1_optimized-1-705x397.jpeg 705w, https:\/\/radiorevelacionfm.cl\/wp-content\/uploads\/2022\/12\/1-58-2-1-1_optimized-1-600x338.jpeg 600w\" sizes=\"(max-width: 1024px) 100vw, 1024px\" \/><\/div><\/div><\/div><\/div><div class=\"flex_column av_one_full  flex_column_div av-zero-column-padding first  avia-builder-el-2  el_after_av_one_full  el_before_av_one_full  column-top-margin\" style='border-radius:0px; '><section class=\"av_textblock_section \"  itemscope=\"itemscope\" itemtype=\"https:\/\/schema.org\/BlogPosting\" itemprop=\"blogPost\" ><div class='avia_textblock  '   itemprop=\"text\" ><p style=\"text-align: center;\"><strong><span style=\"font-size: 18pt;\">Jard\u00edn Infantil \u201cLas Murtitas\u201d retoma sus funciones en remozado recinto<\/span><\/strong><\/p>\n<div id=\"gtx-trans\" style=\"position: absolute; left: -50px; top: 4.31534px;\">\n<div class=\"gtx-trans-icon\"><\/div>\n<\/div>\n<\/div><\/section><\/div><div class=\"flex_column av_one_full  flex_column_div av-zero-column-padding first  avia-builder-el-4  el_after_av_one_full  el_before_av_hr  column-top-margin\" style='border-radius:0px; '><section class=\"av_textblock_section \"  itemscope=\"itemscope\" itemtype=\"https:\/\/schema.org\/BlogPosting\" itemprop=\"blogPost\" ><div class='avia_textblock  '   itemprop=\"text\" ><p style=\"font-weight: 400; text-align: justify;\">Contentos y felices regres\u00f3 toda la comunidad educativa del jard\u00edn Infantil \u201cLas Murtitas\u201d de Bah\u00eda Murta en la comuna de R\u00edo Ib\u00e1\u00f1ez, tras varios meses en obras de mejoramiento en materia de infraestructura de su establecimiento, permitiendo con esto poder entregar mejores condiciones en materia de calidad educativa y poder postular al Reconocimiento Oficial por parte del Ministerio de Educaci\u00f3n.<\/p>\n<p style=\"font-weight: 400; text-align: justify;\">Las obras de mejoramiento beneficiar\u00e1n a 24 p\u00e1rvulos de la localidad, adem\u00e1s de la comunidad educativa, todo esto bajo un trabajo que viene desarrollando Fundaci\u00f3n Integra desde el 2015, permitiendo con esto poder cumplir con lo que se\u00f1ala la normativa legal respecto de los establecimientos de educaci\u00f3n.<\/p>\n<p style=\"font-weight: 400; text-align: justify;\">La directora regional de Fundaci\u00f3n Integra, Leticia Araya Norambuena al retorno en la atenci\u00f3n del renovado establecimiento destac\u00f3 que los vinimos a acompa\u00f1ar \u201cy darle la bienvenida a su nueva casa, que por lo dem\u00e1s era muy querido y esperado por toda la comunidad\u201d. A la vez se\u00f1al\u00f3 que \u201cestamos en una comunidad peque\u00f1a pero como instituci\u00f3n entendemos la importancia que tienen los jardines infantiles en el desarrollo de ellos, donde juegan, son protagonistas y con un equipo educativo comprometido para ello\u201d.<\/p>\n<p style=\"font-weight: 400; text-align: justify;\">Luis Vasquez Urbina, jefe regional del Depto. de Espacios F\u00edsicos Educativos recalca que este proyecto comenz\u00f3 a gestionarse el 2021 con el objetivo del Reconocimiento Oficial y que \u201cel proyecto buscaba modificar varios espacios del jard\u00edn pero manteniendo la estructura general del establecimiento\u201d. Del mismo modo recalca que \u201cel reordenamiento del jard\u00edn infantil permiti\u00f3 mejorar el hall de acceso, creaci\u00f3n de una mampara, una mejor oficina para la directora, mejoras en el sector de cocinas, una nueva sala, un patio cubierto, ba\u00f1os, patio, entre otros\u201d.<\/p>\n<p style=\"font-weight: 400; text-align: justify;\">Desde Fundaci\u00f3n Integra recalcan que se hizo un reordenamiento completo del establecimiento con el objetivo de poder entregar las mejores condiciones tanto para los p\u00e1rvulos como para la comunidad educativa que es parte del establecimiento y con una inversi\u00f3n cercana a los 270 millones de pesos.<\/p>\n<p style=\"font-weight: 400; text-align: justify;\">Elizabeth Rodr\u00edguez, directora del Jard\u00edn Infantil \u201cLas Murtitas\u201d destac\u00f3 que est\u00e1n contentos con \u00ablas nuevas instalaciones ya que cuenta con amplios espacios, es acogedor, iluminado y que va en directo beneficio de los ni\u00f1os y ni\u00f1as que forman parte de nuestro establecimiento\u201d. A la vez destac\u00f3 que \u201cnuestro jard\u00edn cuenta con un amplio patio en la que ni\u00f1os y ni\u00f1as podr\u00e1n disfrutar y darle vida a nuestro sello educativo (Ambiental Cultural) y d\u00e1ndole pertinencia a las caracter\u00edsticas y necesidades de nuestra localidad\u201d.<\/p>\n<p style=\"font-weight: 400; text-align: justify;\">Desde la instituci\u00f3n destacan el aporte de las redes, que trabajan en conjunto con el jard\u00edn infantil, para poder desarrollar las mejoras en el establecimiento como lo ha sido Serviu, la municipalidad de R\u00edo Ib\u00e1\u00f1ez, apoderados, junta de vecinos y la agrupaci\u00f3n de adultos mayores de Bah\u00eda Murta quienes aportaron para que se pudiera construir y continuar con la atenci\u00f3n de los p\u00e1rvulos de la localidad.<\/p>\n<p style=\"font-weight: 400; text-align: justify;\">\u201cEl jard\u00edn infantil es el espacio natural para los ni\u00f1os y las ni\u00f1as. Es importante que las familias conozcan estos espacios, sus Proyectos Educativos, las experiencias educativas que ah\u00ed se desarrollan y donde ni\u00f1os y ni\u00f1as son los protagonistas de sus aprendizajes y donde las familias son fundamentales para este proceso\u201d, enfatiz\u00f3 la directora regional de Fundaci\u00f3n Integra.<\/p>\n<p style=\"font-weight: 400; text-align: justify;\">Finalmente, cabe recordar que Fundaci\u00f3n Integra pertenece a la Red de Fundaciones de la Presidencia de la Rep\u00fablica. Con 32 a\u00f1os de experiencia, es la red m\u00e1s grande de salas cuna y jardines infantiles del pa\u00eds con m\u00e1s de 1.200 establecimientos gratuitos, a los que asisten m\u00e1s de 85 mil ni\u00f1os y ni\u00f1as en todo Chile.<\/p>\n<\/div><\/section><\/div><div  style='height:50px' class='hr hr-invisible   avia-builder-el-6  el_after_av_one_full  el_before_av_social_share '><span class='hr-inner ' ><span class='hr-inner-style'><\/span><\/span><\/div><\/p>\n<div  class='av-social-sharing-box  avia-builder-el-7  el_after_av_hr  el_before_av_hr  '><div class='av-share-box'><h5 class='av-share-link-description av-no-toc '>Compartir esta noticia<\/h5><ul class='av-share-box-list noLightbox'><li class='av-share-link av-social-link-facebook' ><a target=\"_blank\" aria-label=\"Compartir en Facebook\" href='https:\/\/www.facebook.com\/sharer.php?u=https:\/\/radiorevelacionfm.cl\/?p=25876&#038;t=Jard%C3%ADn%20Infantil%20%E2%80%9CLas%20Murtitas%E2%80%9D%20retoma%20sus%20funciones%20en%20remozado%20recinto' aria-hidden='false' data-av_icon='\ue8f3' data-av_iconfont='entypo-fontello' title='' data-avia-related-tooltip='Compartir en Facebook' rel=\"noopener\"><span class='avia_hidden_link_text'>Compartir en Facebook<\/span><\/a><\/li><li class='av-share-link av-social-link-twitter' ><a target=\"_blank\" aria-label=\"Compartir en Twitter\" href='https:\/\/twitter.com\/share?text=Jard%C3%ADn%20Infantil%20%E2%80%9CLas%20Murtitas%E2%80%9D%20retoma%20sus%20funciones%20en%20remozado%20recinto&#038;url=https:\/\/radiorevelacionfm.cl\/?p=25876' aria-hidden='false' data-av_icon='\ue8f1' data-av_iconfont='entypo-fontello' title='' data-avia-related-tooltip='Compartir en Twitter' rel=\"noopener\"><span class='avia_hidden_link_text'>Compartir en Twitter<\/span><\/a><\/li><li class='av-share-link av-social-link-whatsapp' ><a target=\"_blank\" aria-label=\"Compartir en Whatsapp\" href='https:\/\/api.whatsapp.com\/send?text=https:\/\/radiorevelacionfm.cl\/?p=25876' aria-hidden='false' data-av_icon='\uf232' data-av_iconfont='entypo-fontello' title='' data-avia-related-tooltip='Compartir en Whatsapp' rel=\"noopener\"><span class='avia_hidden_link_text'>Compartir en Whatsapp<\/span><\/a><\/li><li class='av-share-link av-social-link-linkedin' ><a target=\"_blank\" aria-label=\"Compartir en LinkedIn\" href='https:\/\/linkedin.com\/shareArticle?mini=true&#038;title=Jard%C3%ADn%20Infantil%20%E2%80%9CLas%20Murtitas%E2%80%9D%20retoma%20sus%20funciones%20en%20remozado%20recinto&#038;url=https:\/\/radiorevelacionfm.cl\/?p=25876' aria-hidden='false' data-av_icon='\ue8fc' data-av_iconfont='entypo-fontello' title='' data-avia-related-tooltip='Compartir en LinkedIn' rel=\"noopener\"><span class='avia_hidden_link_text'>Compartir en LinkedIn<\/span><\/a><\/li><li class='av-share-link av-social-link-mail' ><a  aria-label=\"Compartir por correo\" href='mailto:?subject=Jard%C3%ADn%20Infantil%20%E2%80%9CLas%20Murtitas%E2%80%9D%20retoma%20sus%20funciones%20en%20remozado%20recinto&#038;body=https:\/\/radiorevelacionfm.cl\/?p=25876' aria-hidden='false' data-av_icon='\ue805' data-av_iconfont='entypo-fontello' title='' data-avia-related-tooltip='Compartir por correo'><span class='avia_hidden_link_text'>Compartir por correo<\/span><\/a><\/li><\/ul><\/div><\/div>\n<div  style='height:50px' class='hr hr-invisible   avia-builder-el-8  el_after_av_social_share  el_before_av_comments_list '><span class='hr-inner ' ><span class='hr-inner-style'><\/span><\/span><\/div>\n<div  class='av-buildercomment  av-blog-meta-html-info-disabled av-blog-meta-tag-disabled  '><\/div>\n","protected":false},"excerpt":{"rendered":"","protected":false},"author":1,"featured_media":25878,"comment_status":"open","ping_status":"open","sticky":false,"template":"","format":"standard","meta":{"footnotes":""},"categories":[49],"tags":[],"class_list":["post-25876","post","type-post","status-publish","format-standard","has-post-thumbnail","hentry","category-educacion"],"jetpack_featured_media_url":"https:\/\/radiorevelacionfm.cl\/wp-content\/uploads\/2022\/12\/1-58-2-1-1_optimized-1.jpeg","_links":{"self":[{"href":"https:\/\/radiorevelacionfm.cl\/index.php?rest_route=\/wp\/v2\/posts\/25876","targetHints":{"allow":["GET"]}}],"collection":[{"href":"https:\/\/radiorevelacionfm.cl\/index.php?rest_route=\/wp\/v2\/posts"}],"about":[{"href":"https:\/\/radiorevelacionfm.cl\/index.php?rest_route=\/wp\/v2\/types\/post"}],"author":[{"embeddable":true,"href":"https:\/\/radiorevelacionfm.cl\/index.php?rest_route=\/wp\/v2\/users\/1"}],"replies":[{"embeddable":true,"href":"https:\/\/radiorevelacionfm.cl\/index.php?rest_route=%2Fwp%2Fv2%2Fcomments&post=25876"}],"version-history":[{"count":2,"href":"https:\/\/radiorevelacionfm.cl\/index.php?rest_route=\/wp\/v2\/posts\/25876\/revisions"}],"predecessor-version":[{"id":25880,"href":"https:\/\/radiorevelacionfm.cl\/index.php?rest_route=\/wp\/v2\/posts\/25876\/revisions\/25880"}],"wp:featuredmedia":[{"embeddable":true,"href":"https:\/\/radiorevelacionfm.cl\/index.php?rest_route=\/wp\/v2\/media\/25878"}],"wp:attachment":[{"href":"https:\/\/radiorevelacionfm.cl\/index.php?rest_route=%2Fwp%2Fv2%2Fmedia&parent=25876"}],"wp:term":[{"taxonomy":"category","embeddable":true,"href":"https:\/\/radiorevelacionfm.cl\/index.php?rest_route=%2Fwp%2Fv2%2Fcategories&post=25876"},{"taxonomy":"post_tag","embeddable":true,"href":"https:\/\/radiorevelacionfm.cl\/index.php?rest_route=%2Fwp%2Fv2%2Ftags&post=25876"}],"curies":[{"name":"wp","href":"https:\/\/api.w.org\/{rel}","templated":true}]}}