{"id":25872,"date":"2022-12-26T12:03:03","date_gmt":"2022-12-26T15:03:03","guid":{"rendered":"https:\/\/radiorevelacionfm.cl\/?p=25872"},"modified":"2022-12-26T12:03:03","modified_gmt":"2022-12-26T15:03:03","slug":"agentes-preventivos-y-monitoras-es-juveniles-recibieron-certificacion-de-sernameg-y-municipalidad-de-aysen","status":"publish","type":"post","link":"https:\/\/radiorevelacionfm.cl\/?p=25872","title":{"rendered":"Agentes preventivos y monitoras\/es juveniles recibieron certificaci\u00f3n de SernamEG y Municipalidad de Ays\u00e9n"},"content":{"rendered":"<div class=\"flex_column av_one_full  flex_column_div av-zero-column-padding first  avia-builder-el-0  el_before_av_one_full  avia-builder-el-first  \" style='border-radius:0px; '><div  class='avia-image-container  av-styling-    avia-builder-el-1  avia-builder-el-no-sibling  avia-align-center '  itemprop=\"image\" itemscope=\"itemscope\" itemtype=\"https:\/\/schema.org\/ImageObject\"  ><div class='avia-image-container-inner'><div class='avia-image-overlay-wrap'><img decoding=\"async\" class='wp-image-25873 avia-img-lazy-loading-not-25873 avia_image' src=\"https:\/\/radiorevelacionfm.cl\/wp-content\/uploads\/2022\/12\/Certificacion-prevencion-LRBC-4-1-1.jpg\" alt='' title='Certificaci\u00f3n prevenci\u00f3n LRBC (4) (1) (1)' height=\"600\" width=\"901\"  itemprop=\"thumbnailUrl\" srcset=\"https:\/\/radiorevelacionfm.cl\/wp-content\/uploads\/2022\/12\/Certificacion-prevencion-LRBC-4-1-1.jpg 901w, https:\/\/radiorevelacionfm.cl\/wp-content\/uploads\/2022\/12\/Certificacion-prevencion-LRBC-4-1-1-300x200.jpg 300w, https:\/\/radiorevelacionfm.cl\/wp-content\/uploads\/2022\/12\/Certificacion-prevencion-LRBC-4-1-1-768x511.jpg 768w, https:\/\/radiorevelacionfm.cl\/wp-content\/uploads\/2022\/12\/Certificacion-prevencion-LRBC-4-1-1-705x469.jpg 705w, https:\/\/radiorevelacionfm.cl\/wp-content\/uploads\/2022\/12\/Certificacion-prevencion-LRBC-4-1-1-600x400.jpg 600w\" sizes=\"(max-width: 901px) 100vw, 901px\" \/><\/div><\/div><\/div><\/div><div class=\"flex_column av_one_full  flex_column_div av-zero-column-padding first  avia-builder-el-2  el_after_av_one_full  el_before_av_one_full  column-top-margin\" style='border-radius:0px; '><section class=\"av_textblock_section \"  itemscope=\"itemscope\" itemtype=\"https:\/\/schema.org\/BlogPosting\" itemprop=\"blogPost\" ><div class='avia_textblock  '   itemprop=\"text\" ><p style=\"text-align: center;\"><strong><span style=\"font-size: 18pt;\">Agentes preventivos y monitoras\/es juveniles recibieron certificaci\u00f3n de SernamEG y Municipalidad de Ays\u00e9n<\/span><\/strong><\/p>\n<div id=\"gtx-trans\" style=\"position: absolute; left: -50px; top: 4.31534px;\">\n<div class=\"gtx-trans-icon\"><\/div>\n<\/div>\n<\/div><\/section><\/div><div class=\"flex_column av_one_full  flex_column_div av-zero-column-padding first  avia-builder-el-4  el_after_av_one_full  el_before_av_hr  column-top-margin\" style='border-radius:0px; '><section class=\"av_textblock_section \"  itemscope=\"itemscope\" itemtype=\"https:\/\/schema.org\/BlogPosting\" itemprop=\"blogPost\" ><div class='avia_textblock  '   itemprop=\"text\" ><p style=\"text-align: justify;\">Durante el presente a\u00f1o, el programa de Prevenci\u00f3n en Violencia contra las Mujeres del Servicio Nacional de la Mujer y la Equidad de G\u00e9nero, SernamEG, en convenio con la Municipalidad de Ays\u00e9n, \u00a0ha desarrollado un trabajo sistem\u00e1tico en el territorio. Recientemente, se llevaron a cabo dos actividades que apuntan a convertir en agentes de cambio para la erradicaci\u00f3n de la violencia de g\u00e9nero; especialmente a las juventudes y a quienes trabajan con este rango etario.<\/p>\n<p style=\"text-align: justify;\">La primera de ellas fue la certificaci\u00f3n como Monitoras y Monitores Juveniles a 35 estudiantes del liceo Ra\u00fal Broussain Campino. En la oportunidad, la Directora Regional (S) de SernamEG, Carla Arriagada Malague\u00f1o, se dirigi\u00f3 a las y los j\u00f3venes, se\u00f1alando que \u201ceste programa es transformador porque trabaja con ustedes, entreg\u00e1ndoles herramientas y tambi\u00e9n nos permite conocer la realidad desde la propia vivencia, en este caso de las juventudes, para hacer cambios que sean importantes en la sociedad; posibilitando vivir una vida sin violencia para todas y todos. Cada una de las personas que somos parte de las comunidades, ya sea en nuestra labor p\u00fablica o comunitaria, cumplimos un rol y si tenemos conocimientos, debemos socializarlos\u201d.<\/p>\n<p style=\"text-align: justify;\">Por su parte, el representante del Alcalde de Ays\u00e9n, V\u00edctor Llanca Altamirano, manifest\u00f3: \u201ceste trabajo no termina con la certificaci\u00f3n, sino que comienza, porque ustedes son el futuro de Chile y de nuestra comuna. Agradezco a nombre de la Municipalidad, al Director del Liceo que nos brinda estos espacios y tambi\u00e9n a Leslie, la Encargada Territorial del Programa, por la labor que realiza y tambi\u00e9n a las y los apoderados que est\u00e1n apoyando a su hijas e hijos en esta ardua tarea que tienen. Es muy gratificante ver su crecimiento y el Centro de la Mujer Naa Alver\u00e9 siempre va a estar disponible para cualquier apoyo que requieran\u201d.<\/p>\n<p style=\"text-align: justify;\">El Director del liceo Ra\u00fal Broussain Campino, Eduardo Obando C\u00e1rdenas, sostuvo que \u201ccreemos que estos talleres cayeron en tierra f\u00e9rtil, qu\u00e9 mejor que el alumnado de tercero medio pueda efectuar acciones concretas para prevenir esta lacra, que muchas veces comienza con la violencia en el pololeo y posteriormente en la convivencia diaria. De tal manera que debemos primero, tomar conciencia de lo que sucede en nuestro pa\u00eds, con una postura machista inserta en nuestra sociedad, la cual asumen que todo est\u00e1 permitido. Mi libertad termina donde comienza la de la otra persona y eso debemos respetarlo\u201d.<\/p>\n<p style=\"text-align: justify;\"><strong>CERTIFICACI\u00d3N CFT AYS\u00c9N<\/strong><\/p>\n<p style=\"text-align: justify;\">Una segunda ceremonia de certificaci\u00f3n, esta vez para Agentes Preventivos, se llev\u00f3 a cabo con la comunidad educativa del Centro de Formaci\u00f3n T\u00e9cnica Estatal de la regi\u00f3n de Ays\u00e9n. Al respecto, su rector, V\u00edctor Hugo \u00c1lvarez, explic\u00f3 que \u201ceste es un hito importante y destaco esta alianza estrat\u00e9gica entre el Municipio, el Centro de Formaci\u00f3n T\u00e9cnica y SernamEG. Estamos muy contentos de haber terminado este ciclo, de m\u00e1s de un mes de capacitaci\u00f3n, tanto al equipo directivo como a las y los estudiantes, sobre la prevenci\u00f3n de la violencia de g\u00e9nero en Puerto Ays\u00e9n\u201d.<\/p>\n<p style=\"text-align: justify;\">Sobre su experiencia, la estudiante de la carrera T\u00e9cnico de Nivel Superior en Administraci\u00f3n P\u00fablica, M\u00f3nica Navarrete, manifest\u00f3 que \u201cagradezco al CFT por habernos dado la oportunidad de participar en este taller, fue muy enriquecedor ser un aporte a nuestra comunidad como mujer, mam\u00e1 y dirigenta; para tratar de evitar la violencia contra las mujeres. Siempre se est\u00e1 aprendiendo, as\u00ed que ojal\u00e1 que se sigan realizando m\u00e1s instancias de este tipo\u201d.<\/p>\n<p style=\"text-align: justify;\">El programa de Prevenci\u00f3n en Violencia contra las Mujeres est\u00e1 dirigido a dos grupos etarios \u2013 j\u00f3venes, entre 14 y 29 a\u00f1os, y personas adultas que trabajan o se vinculen con ellas\/os. Los talleres tienen una duraci\u00f3n de 2 a 6 horas pedag\u00f3gicas donde se abordan temas espec\u00edficos para la prevenci\u00f3n de la violencia de g\u00e9nero. En un nivel superior, se encuentran las capacitaciones para la formaci\u00f3n de Monitoras\/es Juveniles y de Agentes Preventivos. En el primer caso, son 12 horas pedag\u00f3gicas para j\u00f3venes de 14 a 29 a\u00f1os y para las personas que se vinculan con j\u00f3venes, ya sea desde sus trabajos o que cumplen el rol de personas cuidadoras, la duraci\u00f3n de la capacitaci\u00f3n es de 16 horas pedag\u00f3gicas. En ambos casos, tienen acceso a espacios educativos en los que se trabaja de forma participativa en tem\u00e1ticas, tales como Juventudes, G\u00e9nero No Binario, Interseccionalidad y Prevenci\u00f3n de Violencia contra las Mujeres y de G\u00e9nero, entre otras.<\/p>\n<\/div><\/section><\/div><div  style='height:50px' class='hr hr-invisible   avia-builder-el-6  el_after_av_one_full  el_before_av_social_share '><span class='hr-inner ' ><span class='hr-inner-style'><\/span><\/span><\/div><\/p>\n<div  class='av-social-sharing-box  avia-builder-el-7  el_after_av_hr  el_before_av_hr  '><div class='av-share-box'><h5 class='av-share-link-description av-no-toc '>Compartir esta noticia<\/h5><ul class='av-share-box-list noLightbox'><li class='av-share-link av-social-link-facebook' ><a target=\"_blank\" aria-label=\"Compartir en Facebook\" href='https:\/\/www.facebook.com\/sharer.php?u=https:\/\/radiorevelacionfm.cl\/?p=25872&#038;t=Agentes%20preventivos%20y%20monitoras%2Fes%20juveniles%20recibieron%20certificaci%C3%B3n%20de%20SernamEG%20y%20Municipalidad%20de%20Ays%C3%A9n' aria-hidden='false' data-av_icon='\ue8f3' data-av_iconfont='entypo-fontello' title='' data-avia-related-tooltip='Compartir en Facebook' rel=\"noopener\"><span class='avia_hidden_link_text'>Compartir en Facebook<\/span><\/a><\/li><li class='av-share-link av-social-link-twitter' ><a target=\"_blank\" aria-label=\"Compartir en Twitter\" href='https:\/\/twitter.com\/share?text=Agentes%20preventivos%20y%20monitoras%2Fes%20juveniles%20recibieron%20certificaci%C3%B3n%20de%20SernamEG%20y%20Municipalidad%20de%20Ays%C3%A9n&#038;url=https:\/\/radiorevelacionfm.cl\/?p=25872' aria-hidden='false' data-av_icon='\ue8f1' data-av_iconfont='entypo-fontello' title='' data-avia-related-tooltip='Compartir en Twitter' rel=\"noopener\"><span class='avia_hidden_link_text'>Compartir en Twitter<\/span><\/a><\/li><li class='av-share-link av-social-link-whatsapp' ><a target=\"_blank\" aria-label=\"Compartir en Whatsapp\" href='https:\/\/api.whatsapp.com\/send?text=https:\/\/radiorevelacionfm.cl\/?p=25872' aria-hidden='false' data-av_icon='\uf232' data-av_iconfont='entypo-fontello' title='' data-avia-related-tooltip='Compartir en Whatsapp' rel=\"noopener\"><span class='avia_hidden_link_text'>Compartir en Whatsapp<\/span><\/a><\/li><li class='av-share-link av-social-link-linkedin' ><a target=\"_blank\" aria-label=\"Compartir en LinkedIn\" href='https:\/\/linkedin.com\/shareArticle?mini=true&#038;title=Agentes%20preventivos%20y%20monitoras%2Fes%20juveniles%20recibieron%20certificaci%C3%B3n%20de%20SernamEG%20y%20Municipalidad%20de%20Ays%C3%A9n&#038;url=https:\/\/radiorevelacionfm.cl\/?p=25872' aria-hidden='false' data-av_icon='\ue8fc' data-av_iconfont='entypo-fontello' title='' data-avia-related-tooltip='Compartir en LinkedIn' rel=\"noopener\"><span class='avia_hidden_link_text'>Compartir en LinkedIn<\/span><\/a><\/li><li class='av-share-link av-social-link-mail' ><a  aria-label=\"Compartir por correo\" href='mailto:?subject=Agentes%20preventivos%20y%20monitoras%2Fes%20juveniles%20recibieron%20certificaci%C3%B3n%20de%20SernamEG%20y%20Municipalidad%20de%20Ays%C3%A9n&#038;body=https:\/\/radiorevelacionfm.cl\/?p=25872' aria-hidden='false' data-av_icon='\ue805' data-av_iconfont='entypo-fontello' title='' data-avia-related-tooltip='Compartir por correo'><span class='avia_hidden_link_text'>Compartir por correo<\/span><\/a><\/li><\/ul><\/div><\/div>\n<div  style='height:50px' class='hr hr-invisible   avia-builder-el-8  el_after_av_social_share  el_before_av_comments_list '><span class='hr-inner ' ><span class='hr-inner-style'><\/span><\/span><\/div>\n<div  class='av-buildercomment  av-blog-meta-html-info-disabled av-blog-meta-tag-disabled  '><\/div>\n","protected":false},"excerpt":{"rendered":"","protected":false},"author":1,"featured_media":25873,"comment_status":"open","ping_status":"open","sticky":false,"template":"","format":"standard","meta":{"footnotes":""},"categories":[38],"tags":[],"class_list":["post-25872","post","type-post","status-publish","format-standard","has-post-thumbnail","hentry","category-regional"],"jetpack_featured_media_url":"https:\/\/radiorevelacionfm.cl\/wp-content\/uploads\/2022\/12\/Certificacion-prevencion-LRBC-4-1-1.jpg","_links":{"self":[{"href":"https:\/\/radiorevelacionfm.cl\/index.php?rest_route=\/wp\/v2\/posts\/25872","targetHints":{"allow":["GET"]}}],"collection":[{"href":"https:\/\/radiorevelacionfm.cl\/index.php?rest_route=\/wp\/v2\/posts"}],"about":[{"href":"https:\/\/radiorevelacionfm.cl\/index.php?rest_route=\/wp\/v2\/types\/post"}],"author":[{"embeddable":true,"href":"https:\/\/radiorevelacionfm.cl\/index.php?rest_route=\/wp\/v2\/users\/1"}],"replies":[{"embeddable":true,"href":"https:\/\/radiorevelacionfm.cl\/index.php?rest_route=%2Fwp%2Fv2%2Fcomments&post=25872"}],"version-history":[{"count":2,"href":"https:\/\/radiorevelacionfm.cl\/index.php?rest_route=\/wp\/v2\/posts\/25872\/revisions"}],"predecessor-version":[{"id":25875,"href":"https:\/\/radiorevelacionfm.cl\/index.php?rest_route=\/wp\/v2\/posts\/25872\/revisions\/25875"}],"wp:featuredmedia":[{"embeddable":true,"href":"https:\/\/radiorevelacionfm.cl\/index.php?rest_route=\/wp\/v2\/media\/25873"}],"wp:attachment":[{"href":"https:\/\/radiorevelacionfm.cl\/index.php?rest_route=%2Fwp%2Fv2%2Fmedia&parent=25872"}],"wp:term":[{"taxonomy":"category","embeddable":true,"href":"https:\/\/radiorevelacionfm.cl\/index.php?rest_route=%2Fwp%2Fv2%2Fcategories&post=25872"},{"taxonomy":"post_tag","embeddable":true,"href":"https:\/\/radiorevelacionfm.cl\/index.php?rest_route=%2Fwp%2Fv2%2Ftags&post=25872"}],"curies":[{"name":"wp","href":"https:\/\/api.w.org\/{rel}","templated":true}]}}