{"id":2587,"date":"2021-02-14T14:56:11","date_gmt":"2021-02-14T17:56:11","guid":{"rendered":"https:\/\/radiorevelacionfm.cl\/?p=2587"},"modified":"2021-02-14T14:56:11","modified_gmt":"2021-02-14T17:56:11","slug":"equipo-de-vacunacion-se-traslado-hasta-junta-vecinal-para-inmunizar-a-adultos-mayores-del-sector","status":"publish","type":"post","link":"https:\/\/radiorevelacionfm.cl\/?p=2587","title":{"rendered":"Equipo de vacunaci\u00f3n se traslad\u00f3 hasta junta vecinal para inmunizar a adultos mayores del sector"},"content":{"rendered":"<div class=\"flex_column av_one_full  flex_column_div av-zero-column-padding first  avia-builder-el-0  el_before_av_one_full  avia-builder-el-first  \" style='border-radius:0px; '><div  class='avia-image-container  av-styling-    avia-builder-el-1  avia-builder-el-no-sibling  avia-align-center '  itemprop=\"image\" itemscope=\"itemscope\" itemtype=\"https:\/\/schema.org\/ImageObject\"  ><div class='avia-image-container-inner'><div class='avia-image-overlay-wrap'><img decoding=\"async\" class='wp-image-0 avia-img-lazy-loading-not-0 avia_image' src=\"https:\/\/radiorevelacionfm.cl\/wp-content\/uploads\/2021\/02\/prensa1-3-1.jpeg\" alt='' title=''   itemprop=\"thumbnailUrl\"  \/><\/div><\/div><\/div><\/div><div class=\"flex_column av_one_full  flex_column_div av-zero-column-padding first  avia-builder-el-2  el_after_av_one_full  el_before_av_one_full  column-top-margin\" style='border-radius:0px; '><section class=\"av_textblock_section \"  itemscope=\"itemscope\" itemtype=\"https:\/\/schema.org\/BlogPosting\" itemprop=\"blogPost\" ><div class='avia_textblock  '   itemprop=\"text\" ><p style=\"text-align: center;\"><span style=\"font-size: 18pt;\"><strong>Equipo de vacunaci\u00f3n se traslad\u00f3 hasta junta vecinal para inmunizar a adultos mayores del sector<\/strong><\/span><\/p>\n<\/div><\/section><\/div><div class=\"flex_column av_one_full  flex_column_div av-zero-column-padding first  avia-builder-el-4  el_after_av_one_full  el_before_av_hr  column-top-margin\" style='border-radius:0px; '><section class=\"av_textblock_section \"  itemscope=\"itemscope\" itemtype=\"https:\/\/schema.org\/BlogPosting\" itemprop=\"blogPost\" ><div class='avia_textblock  '   itemprop=\"text\" ><p style=\"text-align: justify;\"><em>Esta estrategia de acercar la inmunizaci\u00f3n a la comunidad es impulsada por el Servicio de Salud Ays\u00e9n en conjunto con los equipos de Atenci\u00f3n Primaria de Salud, en el marco del Plan Nacional de Vacunaci\u00f3n contra el COVID-19.<\/em><\/p>\n<p style=\"text-align: justify;\">Hasta la Sede Vecinal N\u00ba 6 Clotario Blest de Coyhaique se traslad\u00f3 un equipo de vacunaci\u00f3n dispuesto por el Servicio de Salud Ays\u00e9n, con la finalidad de inmunizar a adultos mayores del sector que tienen dificultades de desplazamiento y \/o acompa\u00f1amiento y no pueden acudir a lugares de vacunaci\u00f3n predefinidos.<\/p>\n<p style=\"text-align: justify;\">La Intendente Regional de Ays\u00e9n, Margarita Ossa, manifest\u00f3 su satisfacci\u00f3n ya que \u201chasta ayer hab\u00edamos inmunizado a m\u00e1s de 14 mil 600 personas, una cifra alta que nos tiene como una de las regiones l\u00edderes en cuanto a cobertura alcanzada y por lo mismo, como regi\u00f3n nos debemos sentir orgullosos de los equipos que trabajan en la campa\u00f1a Yo Me Vacuno porque han desarrollado e implementado estrategias eficientes para inmunizar a la mayor poblaci\u00f3n posible; una tarea que hemos sido capaces de hacer como Gobierno y Estado incluso en lugares de muy dif\u00edcil acceso, con esta herramienta de la vacuna que entrega esperanza a muchas personas y que de seguir as\u00ed nos va a permitir planificar un mejor futuro\u201d.<\/p>\n<p style=\"text-align: justify;\">Esta acci\u00f3n se enmarca en la estrategia de acercar la vacunaci\u00f3n a la comunidad, con estricto respeto de instrucciones priorizadas en la calendarizaci\u00f3n seg\u00fan grupo etario, de esta manera se est\u00e1 llevando la Campa\u00f1a #YoMeVacuno a todo el territorio.<\/p>\n<p style=\"text-align: justify;\">Por su parte, Gabriel Burgos, director del Servicio de Salud Ays\u00e9n, detall\u00f3 que \u201ccontamos con el instructivo a nivel nacional de poder vacunar a la poblaci\u00f3n de riesgo. Para nosotros es muy importante poder llegar a todos los adultos mayores que les cuesta trasladarse a los puntos de vacunaci\u00f3n, por lo tanto, esta iniciativa de acercar la inmunizaci\u00f3n a cada una de las personas es primordial. Continuaremos trabajando con los dirigentes de cada una de las juntas de vecino que podamos contactar de tal forma que realicemos operativos espec\u00edficos similares a los efectuados hoy\u201d.<\/p>\n<p style=\"text-align: justify;\">Esta es una de las estrategias impulsadas por el Servicio de Salud Ays\u00e9n en conjunto con los equipos de Atenci\u00f3n Primaria de Salud, en el marco del Plan Nacional de Vacunaci\u00f3n contra el COVID-19. As\u00ed, adem\u00e1s de vacunar a los adultos mayores en los respectivos centros, de acuerdo con el calendario, los equipos se est\u00e1n movilizando en terreno, para vacunar a adultos mayores postrados o con movilidad reducida.<\/p>\n<p style=\"text-align: justify;\">Por su parte, Alejandra Valdebenito, indic\u00f3 que \u201chemos podido evidenciar por los anuncios del Presidente Sebasti\u00e1n Pi\u00f1era y tambi\u00e9n por los reportes que realiza el Ministro Paris que Chile ha liderado la estrategia de vacunaci\u00f3n cada 100 personas y la Regi\u00f3n de Ays\u00e9n no est\u00e1 ajena a eso, ya que somos la segunda regi\u00f3n con mayor cobertura de vacunaci\u00f3n a nivel pa\u00eds. Hoy estamos en ese proceso, que es din\u00e1mico, implementando nuevas estrategias para llegar a ese 40% de adultos mayores que son la poblaci\u00f3n de mayor riesgo que a\u00fan no hemos podido alcanzar, y esta acci\u00f3n tiene relaci\u00f3n con esto\u201d.<\/p>\n<p style=\"text-align: justify;\">Igualmente, Sandra Vargas, presidenta de la Junta de Vecinos N\u00ba 6 Clotario Blest, se mostr\u00f3 contenta con la realizaci\u00f3n de esta actividad. \u201cestamos muy agradecidos de todos los que han hecho posible esta vacunaci\u00f3n, ya que nos han apoyado en acercar a nuestros adultos mayores, ya que muchos de ellos tienen dificultad de ir, o no tienen el dinero para bajar al centro, pero aqu\u00ed estamos dispuestos en nuestra sede y con todo el cari\u00f1o que le tenemos para hacer todo lo posible para que no les ataque este virus\u201d, puntualiz\u00f3.<\/p>\n<p style=\"text-align: justify;\"><strong>Nuevo calendario de vacunaci\u00f3n<\/strong><\/p>\n<p style=\"text-align: justify;\">Cabe destacar, que continua con el proceso de vacunaci\u00f3n masiva por lo que la semana entre 15 y el 19 de febrero, le corresponde recibir la inmunizaci\u00f3n a las personas de 65 a 70 a\u00f1os.<\/p>\n<p style=\"text-align: justify;\">As\u00ed, el lunes 15 de febrero le corresponder\u00e1 a los adultos mayores entre 70 y 69 a\u00f1os; el martes 16, adultos mayores de 68 a\u00f1os; el mi\u00e9rcoles 17, adultos mayores de 67 a\u00f1os; el jueves 18, adultos mayores de 66 a\u00f1os; y, el viernes 19, adultos mayores de 65 a\u00f1os.<\/p>\n<p style=\"text-align: justify;\">Adem\u00e1s, en forma paralela se vacunar\u00e1 al personal con funciones esenciales de atenci\u00f3n directa a la ciudadan\u00eda, el de farmacias, el de laboratorios tanto privados como universitarios, el de Fuerzas de Orden y Seguridad, y el de Fuerzas Armadas desplegadas en el plan de acci\u00f3n por Coronavirus, y el que desarrolla funciones cr\u00edticas del Estado.<\/p>\n<p style=\"text-align: justify;\">El proceso de vacunaci\u00f3n tambi\u00e9n incluir\u00e1 a partir del 15 de febrero a profesores, asistentes de la educaci\u00f3n, educadoras de p\u00e1rvulos, directores, administrativos y manipuladores de alimentos -mayores de 60 a\u00f1os- quienes tendr\u00e1n que acercarse a los puntos de vacunaci\u00f3n presentando su contrato de trabajo o descargar un certificado en el sitio web del Ministerio de Educaci\u00f3n, con su Clave \u00danica.<\/p>\n<\/div><\/section><\/div><div  style='height:50px' class='hr hr-invisible   avia-builder-el-6  el_after_av_one_full  el_before_av_social_share '><span class='hr-inner ' ><span class='hr-inner-style'><\/span><\/span><\/div><\/p>\n<div  class='av-social-sharing-box  avia-builder-el-7  el_after_av_hr  el_before_av_hr  '><div class='av-share-box'><h5 class='av-share-link-description av-no-toc '>Compartir esta noticia<\/h5><ul class='av-share-box-list noLightbox'><li class='av-share-link av-social-link-facebook' ><a target=\"_blank\" aria-label=\"Compartir en Facebook\" href='https:\/\/www.facebook.com\/sharer.php?u=https:\/\/radiorevelacionfm.cl\/?p=2587&#038;t=Equipo%20de%20vacunaci%C3%B3n%20se%20traslad%C3%B3%20hasta%20junta%20vecinal%20para%20inmunizar%20a%20adultos%20mayores%20del%20sector' aria-hidden='false' data-av_icon='\ue8f3' data-av_iconfont='entypo-fontello' title='' data-avia-related-tooltip='Compartir en Facebook' rel=\"noopener\"><span class='avia_hidden_link_text'>Compartir en Facebook<\/span><\/a><\/li><li class='av-share-link av-social-link-twitter' ><a target=\"_blank\" aria-label=\"Compartir en Twitter\" href='https:\/\/twitter.com\/share?text=Equipo%20de%20vacunaci%C3%B3n%20se%20traslad%C3%B3%20hasta%20junta%20vecinal%20para%20inmunizar%20a%20adultos%20mayores%20del%20sector&#038;url=https:\/\/radiorevelacionfm.cl\/?p=2587' aria-hidden='false' data-av_icon='\ue8f1' data-av_iconfont='entypo-fontello' title='' data-avia-related-tooltip='Compartir en Twitter' rel=\"noopener\"><span class='avia_hidden_link_text'>Compartir en Twitter<\/span><\/a><\/li><li class='av-share-link av-social-link-whatsapp' ><a target=\"_blank\" aria-label=\"Compartir en Whatsapp\" href='https:\/\/api.whatsapp.com\/send?text=https:\/\/radiorevelacionfm.cl\/?p=2587' aria-hidden='false' data-av_icon='\uf232' data-av_iconfont='entypo-fontello' title='' data-avia-related-tooltip='Compartir en Whatsapp' rel=\"noopener\"><span class='avia_hidden_link_text'>Compartir en Whatsapp<\/span><\/a><\/li><li class='av-share-link av-social-link-linkedin' ><a target=\"_blank\" aria-label=\"Compartir en LinkedIn\" href='https:\/\/linkedin.com\/shareArticle?mini=true&#038;title=Equipo%20de%20vacunaci%C3%B3n%20se%20traslad%C3%B3%20hasta%20junta%20vecinal%20para%20inmunizar%20a%20adultos%20mayores%20del%20sector&#038;url=https:\/\/radiorevelacionfm.cl\/?p=2587' aria-hidden='false' data-av_icon='\ue8fc' data-av_iconfont='entypo-fontello' title='' data-avia-related-tooltip='Compartir en LinkedIn' rel=\"noopener\"><span class='avia_hidden_link_text'>Compartir en LinkedIn<\/span><\/a><\/li><li class='av-share-link av-social-link-mail' ><a  aria-label=\"Compartir por correo\" href='mailto:?subject=Equipo%20de%20vacunaci%C3%B3n%20se%20traslad%C3%B3%20hasta%20junta%20vecinal%20para%20inmunizar%20a%20adultos%20mayores%20del%20sector&#038;body=https:\/\/radiorevelacionfm.cl\/?p=2587' aria-hidden='false' data-av_icon='\ue805' data-av_iconfont='entypo-fontello' title='' data-avia-related-tooltip='Compartir por correo'><span class='avia_hidden_link_text'>Compartir por correo<\/span><\/a><\/li><\/ul><\/div><\/div>\n<div  style='height:50px' class='hr hr-invisible   avia-builder-el-8  el_after_av_social_share  el_before_av_comments_list '><span class='hr-inner ' ><span class='hr-inner-style'><\/span><\/span><\/div>\n<div  class='av-buildercomment  av-blog-meta-html-info-disabled av-blog-meta-tag-disabled  '><\/div>\n","protected":false},"excerpt":{"rendered":"","protected":false},"author":1,"featured_media":0,"comment_status":"open","ping_status":"open","sticky":false,"template":"","format":"standard","meta":{"footnotes":""},"categories":[46],"tags":[],"class_list":["post-2587","post","type-post","status-publish","format-standard","hentry","category-salud"],"jetpack_featured_media_url":"","_links":{"self":[{"href":"https:\/\/radiorevelacionfm.cl\/index.php?rest_route=\/wp\/v2\/posts\/2587","targetHints":{"allow":["GET"]}}],"collection":[{"href":"https:\/\/radiorevelacionfm.cl\/index.php?rest_route=\/wp\/v2\/posts"}],"about":[{"href":"https:\/\/radiorevelacionfm.cl\/index.php?rest_route=\/wp\/v2\/types\/post"}],"author":[{"embeddable":true,"href":"https:\/\/radiorevelacionfm.cl\/index.php?rest_route=\/wp\/v2\/users\/1"}],"replies":[{"embeddable":true,"href":"https:\/\/radiorevelacionfm.cl\/index.php?rest_route=%2Fwp%2Fv2%2Fcomments&post=2587"}],"version-history":[{"count":1,"href":"https:\/\/radiorevelacionfm.cl\/index.php?rest_route=\/wp\/v2\/posts\/2587\/revisions"}],"predecessor-version":[{"id":2589,"href":"https:\/\/radiorevelacionfm.cl\/index.php?rest_route=\/wp\/v2\/posts\/2587\/revisions\/2589"}],"wp:attachment":[{"href":"https:\/\/radiorevelacionfm.cl\/index.php?rest_route=%2Fwp%2Fv2%2Fmedia&parent=2587"}],"wp:term":[{"taxonomy":"category","embeddable":true,"href":"https:\/\/radiorevelacionfm.cl\/index.php?rest_route=%2Fwp%2Fv2%2Fcategories&post=2587"},{"taxonomy":"post_tag","embeddable":true,"href":"https:\/\/radiorevelacionfm.cl\/index.php?rest_route=%2Fwp%2Fv2%2Ftags&post=2587"}],"curies":[{"name":"wp","href":"https:\/\/api.w.org\/{rel}","templated":true}]}}