{"id":25868,"date":"2022-12-26T10:42:06","date_gmt":"2022-12-26T13:42:06","guid":{"rendered":"https:\/\/radiorevelacionfm.cl\/?p=25868"},"modified":"2022-12-26T10:42:06","modified_gmt":"2022-12-26T13:42:06","slug":"quedan-pocos-dias-para-postular-a-la-admision-especial-uaysen","status":"publish","type":"post","link":"https:\/\/radiorevelacionfm.cl\/?p=25868","title":{"rendered":"Quedan pocos d\u00edas para postular a la Admisi\u00f3n Especial UAys\u00e9n"},"content":{"rendered":"<div class=\"flex_column av_one_full  flex_column_div av-zero-column-padding first  avia-builder-el-0  el_before_av_one_full  avia-builder-el-first  \" style='border-radius:0px; '><div  class='avia-image-container  av-styling-    avia-builder-el-1  avia-builder-el-no-sibling  avia-align-center '  itemprop=\"image\" itemscope=\"itemscope\" itemtype=\"https:\/\/schema.org\/ImageObject\"  ><div class='avia-image-container-inner'><div class='avia-image-overlay-wrap'><img decoding=\"async\" class='wp-image-25869 avia-img-lazy-loading-not-25869 avia_image' src=\"https:\/\/radiorevelacionfm.cl\/wp-content\/uploads\/2022\/12\/img_2433-1_optimized.jpg\" alt='' title='img_2433-(1)_optimized' height=\"600\" width=\"900\"  itemprop=\"thumbnailUrl\" srcset=\"https:\/\/radiorevelacionfm.cl\/wp-content\/uploads\/2022\/12\/img_2433-1_optimized.jpg 900w, https:\/\/radiorevelacionfm.cl\/wp-content\/uploads\/2022\/12\/img_2433-1_optimized-300x200.jpg 300w, https:\/\/radiorevelacionfm.cl\/wp-content\/uploads\/2022\/12\/img_2433-1_optimized-768x512.jpg 768w, https:\/\/radiorevelacionfm.cl\/wp-content\/uploads\/2022\/12\/img_2433-1_optimized-705x470.jpg 705w, https:\/\/radiorevelacionfm.cl\/wp-content\/uploads\/2022\/12\/img_2433-1_optimized-600x400.jpg 600w\" sizes=\"(max-width: 900px) 100vw, 900px\" \/><\/div><\/div><\/div><\/div><div class=\"flex_column av_one_full  flex_column_div av-zero-column-padding first  avia-builder-el-2  el_after_av_one_full  el_before_av_one_full  column-top-margin\" style='border-radius:0px; '><section class=\"av_textblock_section \"  itemscope=\"itemscope\" itemtype=\"https:\/\/schema.org\/BlogPosting\" itemprop=\"blogPost\" ><div class='avia_textblock  '   itemprop=\"text\" ><p style=\"text-align: center;\"><strong><span style=\"font-size: 18pt;\">Quedan pocos d\u00edas para postular a la Admisi\u00f3n Especial UAys\u00e9n<\/span><\/strong><\/p>\n<div id=\"gtx-trans\" style=\"position: absolute; left: -50px; top: 4.31534px;\">\n<div class=\"gtx-trans-icon\"><\/div>\n<\/div>\n<\/div><\/section><\/div><div class=\"flex_column av_one_full  flex_column_div av-zero-column-padding first  avia-builder-el-4  el_after_av_one_full  el_before_av_hr  column-top-margin\" style='border-radius:0px; '><section class=\"av_textblock_section \"  itemscope=\"itemscope\" itemtype=\"https:\/\/schema.org\/BlogPosting\" itemprop=\"blogPost\" ><div class='avia_textblock  '   itemprop=\"text\" ><p class=\"v1MsoNormal\" style=\"text-align: justify;\">Si un o una joven cuenta con talentos o caracter\u00edsticas especiales y quiere ingresar a la casa de estudios regional, tiene plazo hasta el 30 de diciembre para entregar la documentaci\u00f3n requerida para postular al sistema de\u00a0Admisi\u00f3n\u00a0Especial de la Universidad de Ays\u00e9n.<\/p>\n<p class=\"v1MsoNormal\" style=\"text-align: justify;\">Con el objetivo de entregar mayores oportunidades a los y las j\u00f3venes y promover el acceso inclusivo a la Educaci\u00f3n Superior, la Universidad de Ays\u00e9n ha implementado desde sus inicios el sistema de ingreso por Admisi\u00f3n Especial, instancia que tiene cerca la fecha l\u00edmite para postular a la UAys\u00e9n.<\/p>\n<p class=\"v1MsoNormal\" style=\"text-align: justify;\">Seg\u00fan lo informado por David V\u00e1squez, Coordinador de\u00a0Admisi\u00f3n\u00a0de la Universidad de Ays\u00e9n, la instancia, cuyo proceso de postulaci\u00f3n culmina el pr\u00f3ximo viernes 30 de diciembre,\u00a0 es una oportunidad para los y las j\u00f3venes que cuenten con talentos\u00a0especiales, discapacidad y de liceos de localidades extremas, entre otros criterios, puedan ingresar a cursar sus estudios superiores a la casa de estudios regional.<\/p>\n<p class=\"v1MsoNormal\" style=\"text-align: justify;\">David V\u00e1squez explic\u00f3 que la v\u00eda de\u00a0Admisi\u00f3n\u00a0Especial, establece cuatro criterios de selecci\u00f3n que se basan en m\u00e9ritos no medidos necesariamente en las pruebas de acceso estandarizadas, \u00abse consideran las caracter\u00edsticas de los estudiantes de la regi\u00f3n de Ays\u00e9n y el pa\u00eds, y se promueve un sistema de equidad, siendo administrado por la Universidad de Ays\u00e9n de manera independiente al sistema centralizado de\u00a0admisi\u00f3n\u00bb, se\u00f1al\u00f3 el profesional.<\/p>\n<p class=\"v1MsoNormal\" style=\"text-align: justify;\">El Coordinador de Admisi\u00f3n inform\u00f3 que el primero de estos cuatro criterios de selecci\u00f3n es Inclusi\u00f3n, que involucra la variable de Equidad de G\u00e9nero, con la finalidad de mejorar la participaci\u00f3n equilibrada de g\u00e9nero en la comunidad estudiantil, relevante en las carreras de las \u00e1reas de Ingenier\u00eda y Salud; y la v\u00eda\u00a0 por Discapacidad, destinada a j\u00f3venes que presenten alg\u00fan tipo de discapacidad motora, visual o auditiva y que sea compatible con la carrera a la que se pretende acceder.<\/p>\n<p class=\"v1MsoNormal\" style=\"text-align: justify;\">El segundo criterio del Sistema de\u00a0Admisi\u00f3n\u00a0Especial\u00a0de la Universidad de Ays\u00e9n es la Diversidad al que j\u00f3venes con Talentos\u00a0Especiales\u00a0como art\u00edsticos, culturales, deportivos, ciencias, liderazgo pueden postular. Tambi\u00e9n al alero de este criterio se encuentra la oportunidad para los j\u00f3venes pertenecientes a Pueblos Originarios puedan optar a la UAys\u00e9n.<\/p>\n<p class=\"v1MsoNormal\" style=\"text-align: justify;\">Como tercer criterio se encuentra la Pertinencia Regional, en el que se encuentra el Sello Regional dirigido a j\u00f3venes egresados de establecimientos p\u00fablicos, subvencionados o de educaci\u00f3n de adultos de la regi\u00f3n de Ays\u00e9n, que provengan de hogares pertenecientes al 60% de menores ingresos del pa\u00eds.<\/p>\n<p class=\"v1MsoNormal\" style=\"text-align: justify;\">Tambi\u00e9n bajo el criterio Regional se encuentra el de J\u00f3venes de Colegios Extremos de la Regi\u00f3n de Ays\u00e9n para los\/as que hayan cursado su educaci\u00f3n media en establecimientos educacionales aislados geogr\u00e1ficamente en la Regi\u00f3n de Ays\u00e9n y Sello Regional.<\/p>\n<p class=\"v1MsoNormal\" style=\"text-align: justify;\">El \u00faltimo criterio de la\u00a0Admisi\u00f3n\u00a0Especial\u00a0de la UAys\u00e9n es\u00a0el de Contextos\u00a0Especiales, como lo son los j\u00f3venes que presenten una situaci\u00f3n familiar compleja, que provengan desde el extranjero o pertenezcan al programa\u00a0especial\u00a0de Conscriptos en Servicio Militar.<\/p>\n<p class=\"v1MsoNormal\" style=\"text-align: justify;\">Finalmente, el coordinador de\u00a0Admisi\u00f3n\u00a0de la UAys\u00e9n, se\u00f1al\u00f3 que, como requisito indispensable para postular, es necesario tener rendida la PAES y se deben adjuntar todos los documentos requeridos en la postulaci\u00f3n seg\u00fan el criterio de postulaci\u00f3n.\u00a0\u00a0Para mayores antecedentes y para participar del proceso de\u00a0Admisi\u00f3n\u00a0Especial\u00a0Universidad de Ays\u00e9n se\u00a0\u00a0debe ingresar al sitio web de la casa de estudios\u00a0<a href=\"https:\/\/www.uaysen.cl\/admision\/ingreso-uaysen\/admision-especial\" target=\"_blank\" rel=\"noopener noreferrer\">https:\/\/www.uaysen.cl\/admision\/ingreso-uaysen\/admision-especial<\/a>\u00a0y completar el formulario electr\u00f3nico de postulaci\u00f3n o contactarse al correo electr\u00f3nico\u00a0<a href=\"mailto:admision@uaysen.cl\" rel=\"noreferrer\">admision@uaysen.cl<\/a>.<\/p>\n<\/div><\/section><\/div><div  style='height:50px' class='hr hr-invisible   avia-builder-el-6  el_after_av_one_full  el_before_av_social_share '><span class='hr-inner ' ><span class='hr-inner-style'><\/span><\/span><\/div><\/p>\n<div  class='av-social-sharing-box  avia-builder-el-7  el_after_av_hr  el_before_av_hr  '><div class='av-share-box'><h5 class='av-share-link-description av-no-toc '>Compartir esta noticia<\/h5><ul class='av-share-box-list noLightbox'><li class='av-share-link av-social-link-facebook' ><a target=\"_blank\" aria-label=\"Compartir en Facebook\" href='https:\/\/www.facebook.com\/sharer.php?u=https:\/\/radiorevelacionfm.cl\/?p=25868&#038;t=Quedan%20pocos%20d%C3%ADas%20para%20postular%20a%20la%20Admisi%C3%B3n%20Especial%20UAys%C3%A9n' aria-hidden='false' data-av_icon='\ue8f3' data-av_iconfont='entypo-fontello' title='' data-avia-related-tooltip='Compartir en Facebook' rel=\"noopener\"><span class='avia_hidden_link_text'>Compartir en Facebook<\/span><\/a><\/li><li class='av-share-link av-social-link-twitter' ><a target=\"_blank\" aria-label=\"Compartir en Twitter\" href='https:\/\/twitter.com\/share?text=Quedan%20pocos%20d%C3%ADas%20para%20postular%20a%20la%20Admisi%C3%B3n%20Especial%20UAys%C3%A9n&#038;url=https:\/\/radiorevelacionfm.cl\/?p=25868' aria-hidden='false' data-av_icon='\ue8f1' data-av_iconfont='entypo-fontello' title='' data-avia-related-tooltip='Compartir en Twitter' rel=\"noopener\"><span class='avia_hidden_link_text'>Compartir en Twitter<\/span><\/a><\/li><li class='av-share-link av-social-link-whatsapp' ><a target=\"_blank\" aria-label=\"Compartir en Whatsapp\" href='https:\/\/api.whatsapp.com\/send?text=https:\/\/radiorevelacionfm.cl\/?p=25868' aria-hidden='false' data-av_icon='\uf232' data-av_iconfont='entypo-fontello' title='' data-avia-related-tooltip='Compartir en Whatsapp' rel=\"noopener\"><span class='avia_hidden_link_text'>Compartir en Whatsapp<\/span><\/a><\/li><li class='av-share-link av-social-link-linkedin' ><a target=\"_blank\" aria-label=\"Compartir en LinkedIn\" href='https:\/\/linkedin.com\/shareArticle?mini=true&#038;title=Quedan%20pocos%20d%C3%ADas%20para%20postular%20a%20la%20Admisi%C3%B3n%20Especial%20UAys%C3%A9n&#038;url=https:\/\/radiorevelacionfm.cl\/?p=25868' aria-hidden='false' data-av_icon='\ue8fc' data-av_iconfont='entypo-fontello' title='' data-avia-related-tooltip='Compartir en LinkedIn' rel=\"noopener\"><span class='avia_hidden_link_text'>Compartir en LinkedIn<\/span><\/a><\/li><li class='av-share-link av-social-link-mail' ><a  aria-label=\"Compartir por correo\" href='mailto:?subject=Quedan%20pocos%20d%C3%ADas%20para%20postular%20a%20la%20Admisi%C3%B3n%20Especial%20UAys%C3%A9n&#038;body=https:\/\/radiorevelacionfm.cl\/?p=25868' aria-hidden='false' data-av_icon='\ue805' data-av_iconfont='entypo-fontello' title='' data-avia-related-tooltip='Compartir por correo'><span class='avia_hidden_link_text'>Compartir por correo<\/span><\/a><\/li><\/ul><\/div><\/div>\n<div  style='height:50px' class='hr hr-invisible   avia-builder-el-8  el_after_av_social_share  el_before_av_comments_list '><span class='hr-inner ' ><span class='hr-inner-style'><\/span><\/span><\/div>\n<div  class='av-buildercomment  av-blog-meta-html-info-disabled av-blog-meta-tag-disabled  '><\/div>\n","protected":false},"excerpt":{"rendered":"","protected":false},"author":1,"featured_media":25869,"comment_status":"open","ping_status":"open","sticky":false,"template":"","format":"standard","meta":{"footnotes":""},"categories":[49],"tags":[],"class_list":["post-25868","post","type-post","status-publish","format-standard","has-post-thumbnail","hentry","category-educacion"],"jetpack_featured_media_url":"https:\/\/radiorevelacionfm.cl\/wp-content\/uploads\/2022\/12\/img_2433-1_optimized.jpg","_links":{"self":[{"href":"https:\/\/radiorevelacionfm.cl\/index.php?rest_route=\/wp\/v2\/posts\/25868","targetHints":{"allow":["GET"]}}],"collection":[{"href":"https:\/\/radiorevelacionfm.cl\/index.php?rest_route=\/wp\/v2\/posts"}],"about":[{"href":"https:\/\/radiorevelacionfm.cl\/index.php?rest_route=\/wp\/v2\/types\/post"}],"author":[{"embeddable":true,"href":"https:\/\/radiorevelacionfm.cl\/index.php?rest_route=\/wp\/v2\/users\/1"}],"replies":[{"embeddable":true,"href":"https:\/\/radiorevelacionfm.cl\/index.php?rest_route=%2Fwp%2Fv2%2Fcomments&post=25868"}],"version-history":[{"count":2,"href":"https:\/\/radiorevelacionfm.cl\/index.php?rest_route=\/wp\/v2\/posts\/25868\/revisions"}],"predecessor-version":[{"id":25871,"href":"https:\/\/radiorevelacionfm.cl\/index.php?rest_route=\/wp\/v2\/posts\/25868\/revisions\/25871"}],"wp:featuredmedia":[{"embeddable":true,"href":"https:\/\/radiorevelacionfm.cl\/index.php?rest_route=\/wp\/v2\/media\/25869"}],"wp:attachment":[{"href":"https:\/\/radiorevelacionfm.cl\/index.php?rest_route=%2Fwp%2Fv2%2Fmedia&parent=25868"}],"wp:term":[{"taxonomy":"category","embeddable":true,"href":"https:\/\/radiorevelacionfm.cl\/index.php?rest_route=%2Fwp%2Fv2%2Fcategories&post=25868"},{"taxonomy":"post_tag","embeddable":true,"href":"https:\/\/radiorevelacionfm.cl\/index.php?rest_route=%2Fwp%2Fv2%2Ftags&post=25868"}],"curies":[{"name":"wp","href":"https:\/\/api.w.org\/{rel}","templated":true}]}}