{"id":25864,"date":"2022-12-26T10:33:43","date_gmt":"2022-12-26T13:33:43","guid":{"rendered":"https:\/\/radiorevelacionfm.cl\/?p=25864"},"modified":"2022-12-26T10:33:43","modified_gmt":"2022-12-26T13:33:43","slug":"comite-vida-nueva-de-villa-manihuales-celebra-compra-de-terreno-para-ejecutar-su-proyecto-habitacional","status":"publish","type":"post","link":"https:\/\/radiorevelacionfm.cl\/?p=25864","title":{"rendered":"Comit\u00e9 \u201cVida Nueva\u201d de Villa Ma\u00f1ihuales celebra compra de Terreno para ejecutar su proyecto habitacional"},"content":{"rendered":"<div class=\"flex_column av_one_full  flex_column_div av-zero-column-padding first  avia-builder-el-0  el_before_av_one_full  avia-builder-el-first  \" style='border-radius:0px; '><div  class='avia-image-container  av-styling-    avia-builder-el-1  avia-builder-el-no-sibling  avia-align-center '  itemprop=\"image\" itemscope=\"itemscope\" itemtype=\"https:\/\/schema.org\/ImageObject\"  ><div class='avia-image-container-inner'><div class='avia-image-overlay-wrap'><img decoding=\"async\" class='wp-image-25865 avia-img-lazy-loading-not-25865 avia_image' src=\"https:\/\/radiorevelacionfm.cl\/wp-content\/uploads\/2022\/12\/autoridades-y-familias-visitan-terreno-del-comite-villa-nueva-de-villa-manihuales-1_optimized-1.jpg\" alt='' title='autoridades-y-familias-visitan-terreno-del-comit\u00e9-villa-nueva-de-villa-ma\u00f1ihuales-(1)_optimized (1)' height=\"600\" width=\"900\"  itemprop=\"thumbnailUrl\" srcset=\"https:\/\/radiorevelacionfm.cl\/wp-content\/uploads\/2022\/12\/autoridades-y-familias-visitan-terreno-del-comite-villa-nueva-de-villa-manihuales-1_optimized-1.jpg 900w, https:\/\/radiorevelacionfm.cl\/wp-content\/uploads\/2022\/12\/autoridades-y-familias-visitan-terreno-del-comite-villa-nueva-de-villa-manihuales-1_optimized-1-300x200.jpg 300w, https:\/\/radiorevelacionfm.cl\/wp-content\/uploads\/2022\/12\/autoridades-y-familias-visitan-terreno-del-comite-villa-nueva-de-villa-manihuales-1_optimized-1-768x512.jpg 768w, https:\/\/radiorevelacionfm.cl\/wp-content\/uploads\/2022\/12\/autoridades-y-familias-visitan-terreno-del-comite-villa-nueva-de-villa-manihuales-1_optimized-1-705x470.jpg 705w, https:\/\/radiorevelacionfm.cl\/wp-content\/uploads\/2022\/12\/autoridades-y-familias-visitan-terreno-del-comite-villa-nueva-de-villa-manihuales-1_optimized-1-600x400.jpg 600w\" sizes=\"(max-width: 900px) 100vw, 900px\" \/><\/div><\/div><\/div><\/div><div class=\"flex_column av_one_full  flex_column_div av-zero-column-padding first  avia-builder-el-2  el_after_av_one_full  el_before_av_one_full  column-top-margin\" style='border-radius:0px; '><section class=\"av_textblock_section \"  itemscope=\"itemscope\" itemtype=\"https:\/\/schema.org\/BlogPosting\" itemprop=\"blogPost\" ><div class='avia_textblock  '   itemprop=\"text\" ><p style=\"text-align: center;\"><span style=\"font-size: 18pt;\"><strong>Comit\u00e9 \u201cVida Nueva\u201d de Villa Ma\u00f1ihuales celebra compra de Terreno para ejecutar su proyecto habitacional<\/strong><\/span><\/p>\n<div id=\"gtx-trans\" style=\"position: absolute; left: -50px; top: 4.31534px;\">\n<div class=\"gtx-trans-icon\"><\/div>\n<\/div>\n<\/div><\/section><\/div><div class=\"flex_column av_one_full  flex_column_div av-zero-column-padding first  avia-builder-el-4  el_after_av_one_full  el_before_av_hr  column-top-margin\" style='border-radius:0px; '><section class=\"av_textblock_section \"  itemscope=\"itemscope\" itemtype=\"https:\/\/schema.org\/BlogPosting\" itemprop=\"blogPost\" ><div class='avia_textblock  '   itemprop=\"text\" ><p style=\"text-align: justify;\">Como una gran y esperada noticia calificaron los y las integrantes del Comit\u00e9 \u201cVida Nueva\u201d, de Villa Ma\u00f1ihuales, la confirmaci\u00f3n de que el Ministerio de Vivienda y Urbanismo (Minvu) adquiri\u00f3 formalmente el terreno en que podr\u00e1n hacer realidad la construcci\u00f3n de su anhelado proyecto habitacional.<\/p>\n<p style=\"text-align: justify;\">Con documentos en mano, la Seremi de Vivienda, Paulina Ruz Delf\u00edn, se traslad\u00f3 el pasado jueves hasta la localidad para compartir personalmente el positivo anuncio con las familias, cumpliendo as\u00ed el compromiso asumido hace unos meses y dejando atr\u00e1s la incredulidad y el pesimismo que rondaban en el grupo despu\u00e9s de tres intentos fallidos por conseguir un lugar para la construcci\u00f3n de sus futuras casas.<\/p>\n<p style=\"text-align: justify;\">La noticia fue recibida con gran alegr\u00eda por los dirigentes y socios del comit\u00e9 Villa Nueva, tal como lo expres\u00f3 su presidenta, Mariela S\u00e1nchez, quien asegur\u00f3 que de esta forma podr\u00e1n pasar una navidad m\u00e1s feliz e iniciar el nuevo a\u00f1o con mucha esperanza y optimismo. \u201cNos parece excelente noticia. Desde un principio la Seremi nos dijo que ella se iba a comprometer con que \u00edbamos a comprar ese terreno y a un par de meses de eso la buena noticia es que ya lo tenemos, est\u00e1 comprado para el comit\u00e9 y ahora a esperar las pr\u00f3ximas postulaciones para ingresar el proyecto y ya ver cuando es posible empezar con la construcci\u00f3n de las casas. Esto es muy valioso ya que somos 16 familias, todas con harto n\u00facleo familiar, sobre todo ni\u00f1os y adultos mayores tambi\u00e9n, as\u00ed que feliz por ellos que alg\u00fan d\u00eda tengan su casita\u201d, manifest\u00f3.<\/p>\n<p style=\"text-align: justify;\">La Seremi de Vivienda, Paulina Ruz, tambi\u00e9n expres\u00f3 su satisfacci\u00f3n por este gran avance y destac\u00f3 la perseverancia de las familias que tras varios a\u00f1os de espera nunca bajaron los brazos en la permanente tarea por seguir avanzando con su proyecto, proceso en el que cuentan adem\u00e1s con el apoyo de la municipalidad de Ays\u00e9n como su Entidad Patrocinante. \u201cTres veces se hab\u00eda ca\u00eddo la compra y gesti\u00f3n de terreno, yo me compromet\u00ed con ellos de poder conseguirlo durante este a\u00f1o y as\u00ed fue. Se hicieron las gestiones, se justific\u00f3 que son de una localidad que se en una zona rural y se gestion\u00f3 a trav\u00e9s del Ministerio de Vivienda y Urbanismo la compra de terreno, lo que significa que estas familias pueden tener ahora garantizado que vamos a construir un proyecto habitacional para cumplir el sue\u00f1o de la casa propia, para garantizar su derecho a la vivienda digna y tambi\u00e9n para afianzar compromisos. He dicho en reiteradas ocasiones que las confianzas se construyen y creo que esta es una clara muestra de gesti\u00f3n que se ha hecho desde esta autoridad y tambi\u00e9n desde Serviu para mejorar la calidad de vida de los vecinos y vecinas de Villa Ma\u00f1ihuales\u201d, precis\u00f3.<\/p>\n<p style=\"text-align: justify;\">Tras la reuni\u00f3n la Seremi acompa\u00f1\u00f3 a las familias hasta su terreno, para conocer algunos detalles de los pr\u00f3ximos pasos a seguir, donde destaca la postulaci\u00f3n del proyecto habitacional dentro del primer semestre del pr\u00f3ximo a\u00f1o, un nuevo paso que es fundamental para avanzar en el camino hacia las soluciones para este comit\u00e9 que es una prioridad dentro de los objetivos propuestos por el sector en el marco del Plan de Emergencia Habitacional del Gobierno.<\/p>\n<\/div><\/section><\/div><div  style='height:50px' class='hr hr-invisible   avia-builder-el-6  el_after_av_one_full  el_before_av_social_share '><span class='hr-inner ' ><span class='hr-inner-style'><\/span><\/span><\/div><\/p>\n<div  class='av-social-sharing-box  avia-builder-el-7  el_after_av_hr  el_before_av_hr  '><div class='av-share-box'><h5 class='av-share-link-description av-no-toc '>Compartir esta noticia<\/h5><ul class='av-share-box-list noLightbox'><li class='av-share-link av-social-link-facebook' ><a target=\"_blank\" aria-label=\"Compartir en Facebook\" href='https:\/\/www.facebook.com\/sharer.php?u=https:\/\/radiorevelacionfm.cl\/?p=25864&#038;t=Comit%C3%A9%20%E2%80%9CVida%20Nueva%E2%80%9D%20de%20Villa%20Ma%C3%B1ihuales%20celebra%20compra%20de%20Terreno%20para%20ejecutar%20su%20proyecto%20habitacional' aria-hidden='false' data-av_icon='\ue8f3' data-av_iconfont='entypo-fontello' title='' data-avia-related-tooltip='Compartir en Facebook' rel=\"noopener\"><span class='avia_hidden_link_text'>Compartir en Facebook<\/span><\/a><\/li><li class='av-share-link av-social-link-twitter' ><a target=\"_blank\" aria-label=\"Compartir en Twitter\" href='https:\/\/twitter.com\/share?text=Comit%C3%A9%20%E2%80%9CVida%20Nueva%E2%80%9D%20de%20Villa%20Ma%C3%B1ihuales%20celebra%20compra%20de%20Terreno%20para%20ejecutar%20su%20proyecto%20habitacional&#038;url=https:\/\/radiorevelacionfm.cl\/?p=25864' aria-hidden='false' data-av_icon='\ue8f1' data-av_iconfont='entypo-fontello' title='' data-avia-related-tooltip='Compartir en Twitter' rel=\"noopener\"><span class='avia_hidden_link_text'>Compartir en Twitter<\/span><\/a><\/li><li class='av-share-link av-social-link-whatsapp' ><a target=\"_blank\" aria-label=\"Compartir en Whatsapp\" href='https:\/\/api.whatsapp.com\/send?text=https:\/\/radiorevelacionfm.cl\/?p=25864' aria-hidden='false' data-av_icon='\uf232' data-av_iconfont='entypo-fontello' title='' data-avia-related-tooltip='Compartir en Whatsapp' rel=\"noopener\"><span class='avia_hidden_link_text'>Compartir en Whatsapp<\/span><\/a><\/li><li class='av-share-link av-social-link-linkedin' ><a target=\"_blank\" aria-label=\"Compartir en LinkedIn\" href='https:\/\/linkedin.com\/shareArticle?mini=true&#038;title=Comit%C3%A9%20%E2%80%9CVida%20Nueva%E2%80%9D%20de%20Villa%20Ma%C3%B1ihuales%20celebra%20compra%20de%20Terreno%20para%20ejecutar%20su%20proyecto%20habitacional&#038;url=https:\/\/radiorevelacionfm.cl\/?p=25864' aria-hidden='false' data-av_icon='\ue8fc' data-av_iconfont='entypo-fontello' title='' data-avia-related-tooltip='Compartir en LinkedIn' rel=\"noopener\"><span class='avia_hidden_link_text'>Compartir en LinkedIn<\/span><\/a><\/li><li class='av-share-link av-social-link-mail' ><a  aria-label=\"Compartir por correo\" href='mailto:?subject=Comit%C3%A9%20%E2%80%9CVida%20Nueva%E2%80%9D%20de%20Villa%20Ma%C3%B1ihuales%20celebra%20compra%20de%20Terreno%20para%20ejecutar%20su%20proyecto%20habitacional&#038;body=https:\/\/radiorevelacionfm.cl\/?p=25864' aria-hidden='false' data-av_icon='\ue805' data-av_iconfont='entypo-fontello' title='' data-avia-related-tooltip='Compartir por correo'><span class='avia_hidden_link_text'>Compartir por correo<\/span><\/a><\/li><\/ul><\/div><\/div>\n<div  style='height:50px' class='hr hr-invisible   avia-builder-el-8  el_after_av_social_share  el_before_av_comments_list '><span class='hr-inner ' ><span class='hr-inner-style'><\/span><\/span><\/div>\n<div  class='av-buildercomment  av-blog-meta-html-info-disabled av-blog-meta-tag-disabled  '><\/div>\n","protected":false},"excerpt":{"rendered":"","protected":false},"author":1,"featured_media":25865,"comment_status":"open","ping_status":"open","sticky":false,"template":"","format":"standard","meta":{"footnotes":""},"categories":[57],"tags":[],"class_list":["post-25864","post","type-post","status-publish","format-standard","has-post-thumbnail","hentry","category-vivienda"],"jetpack_featured_media_url":"https:\/\/radiorevelacionfm.cl\/wp-content\/uploads\/2022\/12\/autoridades-y-familias-visitan-terreno-del-comite-villa-nueva-de-villa-manihuales-1_optimized-1.jpg","_links":{"self":[{"href":"https:\/\/radiorevelacionfm.cl\/index.php?rest_route=\/wp\/v2\/posts\/25864","targetHints":{"allow":["GET"]}}],"collection":[{"href":"https:\/\/radiorevelacionfm.cl\/index.php?rest_route=\/wp\/v2\/posts"}],"about":[{"href":"https:\/\/radiorevelacionfm.cl\/index.php?rest_route=\/wp\/v2\/types\/post"}],"author":[{"embeddable":true,"href":"https:\/\/radiorevelacionfm.cl\/index.php?rest_route=\/wp\/v2\/users\/1"}],"replies":[{"embeddable":true,"href":"https:\/\/radiorevelacionfm.cl\/index.php?rest_route=%2Fwp%2Fv2%2Fcomments&post=25864"}],"version-history":[{"count":2,"href":"https:\/\/radiorevelacionfm.cl\/index.php?rest_route=\/wp\/v2\/posts\/25864\/revisions"}],"predecessor-version":[{"id":25867,"href":"https:\/\/radiorevelacionfm.cl\/index.php?rest_route=\/wp\/v2\/posts\/25864\/revisions\/25867"}],"wp:featuredmedia":[{"embeddable":true,"href":"https:\/\/radiorevelacionfm.cl\/index.php?rest_route=\/wp\/v2\/media\/25865"}],"wp:attachment":[{"href":"https:\/\/radiorevelacionfm.cl\/index.php?rest_route=%2Fwp%2Fv2%2Fmedia&parent=25864"}],"wp:term":[{"taxonomy":"category","embeddable":true,"href":"https:\/\/radiorevelacionfm.cl\/index.php?rest_route=%2Fwp%2Fv2%2Fcategories&post=25864"},{"taxonomy":"post_tag","embeddable":true,"href":"https:\/\/radiorevelacionfm.cl\/index.php?rest_route=%2Fwp%2Fv2%2Ftags&post=25864"}],"curies":[{"name":"wp","href":"https:\/\/api.w.org\/{rel}","templated":true}]}}