{"id":25860,"date":"2022-12-25T21:29:10","date_gmt":"2022-12-26T00:29:10","guid":{"rendered":"https:\/\/radiorevelacionfm.cl\/?p=25860"},"modified":"2022-12-25T21:29:10","modified_gmt":"2022-12-26T00:29:10","slug":"comunidad-jesus-nazareno-celebro-navidad-y-agradecio-a-empresario-local-apoyo-para-construir-sacristia","status":"publish","type":"post","link":"https:\/\/radiorevelacionfm.cl\/?p=25860","title":{"rendered":"Comunidad Jes\u00fas Nazareno celebr\u00f3 Navidad y agradeci\u00f3 a empresario local apoyo para construir Sacrist\u00eda"},"content":{"rendered":"<div class=\"flex_column av_one_full  flex_column_div av-zero-column-padding first  avia-builder-el-0  el_before_av_one_full  avia-builder-el-first  \" style='border-radius:0px; '><div  class='avia-image-container  av-styling-    avia-builder-el-1  avia-builder-el-no-sibling  avia-align-center '  itemprop=\"image\" itemscope=\"itemscope\" itemtype=\"https:\/\/schema.org\/ImageObject\"  ><div class='avia-image-container-inner'><div class='avia-image-overlay-wrap'><img decoding=\"async\" class='wp-image-25861 avia-img-lazy-loading-not-25861 avia_image' src=\"https:\/\/radiorevelacionfm.cl\/wp-content\/uploads\/2022\/12\/navidad-nazareno-4-1_optimized.jpg\" alt='' title='navidad-nazareno-4-(1)_optimized' height=\"600\" width=\"1067\"  itemprop=\"thumbnailUrl\" srcset=\"https:\/\/radiorevelacionfm.cl\/wp-content\/uploads\/2022\/12\/navidad-nazareno-4-1_optimized.jpg 1067w, https:\/\/radiorevelacionfm.cl\/wp-content\/uploads\/2022\/12\/navidad-nazareno-4-1_optimized-300x169.jpg 300w, https:\/\/radiorevelacionfm.cl\/wp-content\/uploads\/2022\/12\/navidad-nazareno-4-1_optimized-1030x579.jpg 1030w, https:\/\/radiorevelacionfm.cl\/wp-content\/uploads\/2022\/12\/navidad-nazareno-4-1_optimized-768x432.jpg 768w, https:\/\/radiorevelacionfm.cl\/wp-content\/uploads\/2022\/12\/navidad-nazareno-4-1_optimized-705x396.jpg 705w, https:\/\/radiorevelacionfm.cl\/wp-content\/uploads\/2022\/12\/navidad-nazareno-4-1_optimized-600x337.jpg 600w\" sizes=\"(max-width: 1067px) 100vw, 1067px\" \/><\/div><\/div><\/div><\/div><div class=\"flex_column av_one_full  flex_column_div av-zero-column-padding first  avia-builder-el-2  el_after_av_one_full  el_before_av_one_full  column-top-margin\" style='border-radius:0px; '><section class=\"av_textblock_section \"  itemscope=\"itemscope\" itemtype=\"https:\/\/schema.org\/BlogPosting\" itemprop=\"blogPost\" ><div class='avia_textblock  '   itemprop=\"text\" ><p style=\"text-align: center;\"><strong><span style=\"font-size: 18pt;\">Comunidad Jes\u00fas Nazareno celebr\u00f3 Navidad y agradeci\u00f3 a empresario local apoyo para construir Sacrist\u00eda<\/span><\/strong><\/p>\n<div id=\"gtx-trans\" style=\"position: absolute; left: -50px; top: 4.31534px;\">\n<div class=\"gtx-trans-icon\"><\/div>\n<\/div>\n<\/div><\/section><\/div><div class=\"flex_column av_one_full  flex_column_div av-zero-column-padding first  avia-builder-el-4  el_after_av_one_full  el_before_av_hr  column-top-margin\" style='border-radius:0px; '><section class=\"av_textblock_section \"  itemscope=\"itemscope\" itemtype=\"https:\/\/schema.org\/BlogPosting\" itemprop=\"blogPost\" ><div class='avia_textblock  '   itemprop=\"text\" ><p style=\"text-align: justify;\">En su capilla ubicada en el sector Villa Chilo\u00e9 de Puerto Ays\u00e9n, la Comunidad Cristiana \u201cJes\u00fas Nazareno\u201d realiz\u00f3 misa de Navidad acompa\u00f1ada de Villancicos interpretados por el coro de la iglesia, con la presencia del P\u00e1rroco de Ays\u00e9n, padre Jos\u00e9 Vera y los vecinos que concurren habitualmente a las actividades que se realizan en este templo.<\/p>\n<p style=\"text-align: justify;\">\u201cMuy contenta, aqu\u00ed se vive toda la alegr\u00eda de la gente, cantamos con todo el coraz\u00f3n a nuestro ni\u00f1o Jes\u00fas, porque \u00e9l es quien nos trae la salvaci\u00f3n, quien nos trae todas las bendiciones y nos favorece cada d\u00eda con muchas bendiciones y salud. As\u00ed es que, por eso nosotros le agradecemos al ni\u00f1o Jes\u00fas y a nuestro Jes\u00fas Nazareno, todo lo que \u00e9l d\u00eda a d\u00eda va haciendo en nuestras vidas\u201d, se\u00f1al\u00f3 Mirta Vargas, presidenta de la comunidad cristiana Jes\u00fas Nazareno de Puerto Ays\u00e9n.<\/p>\n<p style=\"text-align: justify;\">Mirta Vargas y la comunidad que ella preside, quisieron agradecer el apoyo del empresario local, Alejandro Bahamonde, quien les colabor\u00f3 con materiales para poder concretar la construcci\u00f3n de una Sacrist\u00eda, algo muy necesario para esta capilla.<\/p>\n<p style=\"text-align: justify;\">\u201cTambi\u00e9n en el d\u00eda de hoy quisimos agradecer y reconocer a don Alejandro Bahamonde, porque \u00e9l nos entreg\u00f3 un gran aporte en materiales, para una Sacrist\u00eda que a nosotros nos hace mucha falta ac\u00e1 en nuestra comunidad, queremos construirla, ya que, es parte importante de toda iglesia. Entonces, hoy en d\u00eda los materiales est\u00e1n muy caros y \u00e9l nos aport\u00f3 todo lo que es la madera, por ello, quisimos reconocerlo y agradecerle, pidiendo a nuestro Se\u00f1or que lo bendiga grandemente a \u00e9l, porque siempre est\u00e1 cooperando con la comunidad\u201d, puntualiz\u00f3 la dirigenta.<\/p>\n<\/div><\/section><\/div><div  style='height:50px' class='hr hr-invisible   avia-builder-el-6  el_after_av_one_full  el_before_av_social_share '><span class='hr-inner ' ><span class='hr-inner-style'><\/span><\/span><\/div><\/p>\n<div  class='av-social-sharing-box  avia-builder-el-7  el_after_av_hr  el_before_av_hr  '><div class='av-share-box'><h5 class='av-share-link-description av-no-toc '>Compartir esta noticia<\/h5><ul class='av-share-box-list noLightbox'><li class='av-share-link av-social-link-facebook' ><a target=\"_blank\" aria-label=\"Compartir en Facebook\" href='https:\/\/www.facebook.com\/sharer.php?u=https:\/\/radiorevelacionfm.cl\/?p=25860&#038;t=Comunidad%20Jes%C3%BAs%20Nazareno%20celebr%C3%B3%20Navidad%20y%20agradeci%C3%B3%20a%20empresario%20local%20apoyo%20para%20construir%20Sacrist%C3%ADa' aria-hidden='false' data-av_icon='\ue8f3' data-av_iconfont='entypo-fontello' title='' data-avia-related-tooltip='Compartir en Facebook' rel=\"noopener\"><span class='avia_hidden_link_text'>Compartir en Facebook<\/span><\/a><\/li><li class='av-share-link av-social-link-twitter' ><a target=\"_blank\" aria-label=\"Compartir en Twitter\" href='https:\/\/twitter.com\/share?text=Comunidad%20Jes%C3%BAs%20Nazareno%20celebr%C3%B3%20Navidad%20y%20agradeci%C3%B3%20a%20empresario%20local%20apoyo%20para%20construir%20Sacrist%C3%ADa&#038;url=https:\/\/radiorevelacionfm.cl\/?p=25860' aria-hidden='false' data-av_icon='\ue8f1' data-av_iconfont='entypo-fontello' title='' data-avia-related-tooltip='Compartir en Twitter' rel=\"noopener\"><span class='avia_hidden_link_text'>Compartir en Twitter<\/span><\/a><\/li><li class='av-share-link av-social-link-whatsapp' ><a target=\"_blank\" aria-label=\"Compartir en Whatsapp\" href='https:\/\/api.whatsapp.com\/send?text=https:\/\/radiorevelacionfm.cl\/?p=25860' aria-hidden='false' data-av_icon='\uf232' data-av_iconfont='entypo-fontello' title='' data-avia-related-tooltip='Compartir en Whatsapp' rel=\"noopener\"><span class='avia_hidden_link_text'>Compartir en Whatsapp<\/span><\/a><\/li><li class='av-share-link av-social-link-linkedin' ><a target=\"_blank\" aria-label=\"Compartir en LinkedIn\" href='https:\/\/linkedin.com\/shareArticle?mini=true&#038;title=Comunidad%20Jes%C3%BAs%20Nazareno%20celebr%C3%B3%20Navidad%20y%20agradeci%C3%B3%20a%20empresario%20local%20apoyo%20para%20construir%20Sacrist%C3%ADa&#038;url=https:\/\/radiorevelacionfm.cl\/?p=25860' aria-hidden='false' data-av_icon='\ue8fc' data-av_iconfont='entypo-fontello' title='' data-avia-related-tooltip='Compartir en LinkedIn' rel=\"noopener\"><span class='avia_hidden_link_text'>Compartir en LinkedIn<\/span><\/a><\/li><li class='av-share-link av-social-link-mail' ><a  aria-label=\"Compartir por correo\" href='mailto:?subject=Comunidad%20Jes%C3%BAs%20Nazareno%20celebr%C3%B3%20Navidad%20y%20agradeci%C3%B3%20a%20empresario%20local%20apoyo%20para%20construir%20Sacrist%C3%ADa&#038;body=https:\/\/radiorevelacionfm.cl\/?p=25860' aria-hidden='false' data-av_icon='\ue805' data-av_iconfont='entypo-fontello' title='' data-avia-related-tooltip='Compartir por correo'><span class='avia_hidden_link_text'>Compartir por correo<\/span><\/a><\/li><\/ul><\/div><\/div>\n<div  style='height:50px' class='hr hr-invisible   avia-builder-el-8  el_after_av_social_share  el_before_av_comments_list '><span class='hr-inner ' ><span class='hr-inner-style'><\/span><\/span><\/div>\n<div  class='av-buildercomment  av-blog-meta-html-info-disabled av-blog-meta-tag-disabled  '><\/div>\n","protected":false},"excerpt":{"rendered":"","protected":false},"author":1,"featured_media":25861,"comment_status":"open","ping_status":"open","sticky":false,"template":"","format":"standard","meta":{"footnotes":""},"categories":[38],"tags":[],"class_list":["post-25860","post","type-post","status-publish","format-standard","has-post-thumbnail","hentry","category-regional"],"jetpack_featured_media_url":"https:\/\/radiorevelacionfm.cl\/wp-content\/uploads\/2022\/12\/navidad-nazareno-4-1_optimized.jpg","_links":{"self":[{"href":"https:\/\/radiorevelacionfm.cl\/index.php?rest_route=\/wp\/v2\/posts\/25860","targetHints":{"allow":["GET"]}}],"collection":[{"href":"https:\/\/radiorevelacionfm.cl\/index.php?rest_route=\/wp\/v2\/posts"}],"about":[{"href":"https:\/\/radiorevelacionfm.cl\/index.php?rest_route=\/wp\/v2\/types\/post"}],"author":[{"embeddable":true,"href":"https:\/\/radiorevelacionfm.cl\/index.php?rest_route=\/wp\/v2\/users\/1"}],"replies":[{"embeddable":true,"href":"https:\/\/radiorevelacionfm.cl\/index.php?rest_route=%2Fwp%2Fv2%2Fcomments&post=25860"}],"version-history":[{"count":2,"href":"https:\/\/radiorevelacionfm.cl\/index.php?rest_route=\/wp\/v2\/posts\/25860\/revisions"}],"predecessor-version":[{"id":25863,"href":"https:\/\/radiorevelacionfm.cl\/index.php?rest_route=\/wp\/v2\/posts\/25860\/revisions\/25863"}],"wp:featuredmedia":[{"embeddable":true,"href":"https:\/\/radiorevelacionfm.cl\/index.php?rest_route=\/wp\/v2\/media\/25861"}],"wp:attachment":[{"href":"https:\/\/radiorevelacionfm.cl\/index.php?rest_route=%2Fwp%2Fv2%2Fmedia&parent=25860"}],"wp:term":[{"taxonomy":"category","embeddable":true,"href":"https:\/\/radiorevelacionfm.cl\/index.php?rest_route=%2Fwp%2Fv2%2Fcategories&post=25860"},{"taxonomy":"post_tag","embeddable":true,"href":"https:\/\/radiorevelacionfm.cl\/index.php?rest_route=%2Fwp%2Fv2%2Ftags&post=25860"}],"curies":[{"name":"wp","href":"https:\/\/api.w.org\/{rel}","templated":true}]}}