{"id":25848,"date":"2022-12-23T16:54:04","date_gmt":"2022-12-23T19:54:04","guid":{"rendered":"https:\/\/radiorevelacionfm.cl\/?p=25848"},"modified":"2022-12-23T17:05:39","modified_gmt":"2022-12-23T20:05:39","slug":"en-villa-manihuales-sera-instaurado-el-nuevo-barrio-comercial-para-fomentar-la-produccion-local","status":"publish","type":"post","link":"https:\/\/radiorevelacionfm.cl\/?p=25848","title":{"rendered":"En Villa Ma\u00f1ihuales ser\u00e1 instaurado nuevo Barrio Comercial para fomentar la producci\u00f3n local"},"content":{"rendered":"<div class=\"flex_column av_one_full  flex_column_div av-zero-column-padding first  avia-builder-el-0  el_before_av_one_full  avia-builder-el-first  \" style='border-radius:0px; '><div  class='avia-image-container  av-styling-    avia-builder-el-1  avia-builder-el-no-sibling  avia-align-center '  itemprop=\"image\" itemscope=\"itemscope\" itemtype=\"https:\/\/schema.org\/ImageObject\"  ><div class='avia-image-container-inner'><div class='avia-image-overlay-wrap'><img decoding=\"async\" class='wp-image-25849 avia-img-lazy-loading-not-25849 avia_image' src=\"https:\/\/radiorevelacionfm.cl\/wp-content\/uploads\/2022\/12\/273167605_1542850986071861_477063175419202062_n-1-1.jpeg\" alt='' title='273167605_1542850986071861_477063175419202062_n (1) (1)' height=\"600\" width=\"1120\"  itemprop=\"thumbnailUrl\" srcset=\"https:\/\/radiorevelacionfm.cl\/wp-content\/uploads\/2022\/12\/273167605_1542850986071861_477063175419202062_n-1-1.jpeg 1120w, https:\/\/radiorevelacionfm.cl\/wp-content\/uploads\/2022\/12\/273167605_1542850986071861_477063175419202062_n-1-1-300x161.jpeg 300w, https:\/\/radiorevelacionfm.cl\/wp-content\/uploads\/2022\/12\/273167605_1542850986071861_477063175419202062_n-1-1-1030x552.jpeg 1030w, https:\/\/radiorevelacionfm.cl\/wp-content\/uploads\/2022\/12\/273167605_1542850986071861_477063175419202062_n-1-1-768x411.jpeg 768w, https:\/\/radiorevelacionfm.cl\/wp-content\/uploads\/2022\/12\/273167605_1542850986071861_477063175419202062_n-1-1-705x378.jpeg 705w, https:\/\/radiorevelacionfm.cl\/wp-content\/uploads\/2022\/12\/273167605_1542850986071861_477063175419202062_n-1-1-600x321.jpeg 600w\" sizes=\"(max-width: 1120px) 100vw, 1120px\" \/><\/div><\/div><\/div><\/div>\n<div class=\"flex_column av_one_full  flex_column_div av-zero-column-padding first  avia-builder-el-2  el_after_av_one_full  el_before_av_one_full  column-top-margin\" style='border-radius:0px; '><section class=\"av_textblock_section \"  itemscope=\"itemscope\" itemtype=\"https:\/\/schema.org\/BlogPosting\" itemprop=\"blogPost\" ><div class='avia_textblock  '   itemprop=\"text\" ><p style=\"text-align: center;\"><strong><span style=\"font-size: 18pt;\">En Villa Ma\u00f1ihuales ser\u00e1 instaurado nuevo Barrio Comercial para fomentar la producci\u00f3n local<\/span><\/strong><\/p>\n<div id=\"gtx-trans\" style=\"position: absolute; left: -50px; top: 4.31534px;\">\n<div class=\"gtx-trans-icon\"><\/div>\n<\/div>\n<\/div><\/section><\/div><div class=\"flex_column av_one_full  flex_column_div av-zero-column-padding first  avia-builder-el-4  el_after_av_one_full  el_before_av_hr  column-top-margin\" style='border-radius:0px; '><section class=\"av_textblock_section \"  itemscope=\"itemscope\" itemtype=\"https:\/\/schema.org\/BlogPosting\" itemprop=\"blogPost\" ><div class='avia_textblock  '   itemprop=\"text\" ><p style=\"text-align: justify;\">La Asociaci\u00f3n Gremial de Turismo y Comercio de Villa Ma\u00f1ihuales por medio de su directiva liderada por Carolina G\u00f3mez y en un trabajo en conjunto con la Ilustre Municipalidad de Ays\u00e9n y su Programa de Desarrollo Econ\u00f3mico Local, sumado a la colaboraci\u00f3n de Cowork Ecoterraneo y Fosis regi\u00f3n de Ays\u00e9n se adjudic\u00f3 el programa Barrios Comerciales de Sercotec a\u00f1o 2022.<\/p>\n<p style=\"text-align: justify;\">Por medio de esta intervenci\u00f3n, la Asociaci\u00f3n Gremial y sus socios pasar\u00e1n a conformar el primer Barrio Comercial de la localidad de Villa Ma\u00f1ihuales y por medio de esta iniciativa, los empresarios del Barrio podr\u00e1n acceder a financiamiento por un periodo de tres a\u00f1os, a\u00f1o 1 primera etapa hasta $20.000.000, a\u00f1o 2 segunda etapa hasta $35.000.000 y a\u00f1o 3 tercera etapa hasta $25.000.000.<\/p>\n<p style=\"text-align: justify;\">Asimismo, a trav\u00e9s de este fondo se podr\u00e1 fortalecer la colaboraci\u00f3n entre socios y actores externos, disponer de recursos para dinamizar los peque\u00f1os negocios y el comercio local, mejorar los espacios p\u00fablicos y el entorno urbano comercial, poner en valor la identidad cultural del barrio, elevar la calidad de vida de quienes viven y trabajan en \u00e9l y fomentar la colaboraci\u00f3n y la generaci\u00f3n de relaciones de confianza p\u00fablica-privada.<\/p>\n<p style=\"text-align: justify;\">La presidente de la AG de Villa Ma\u00f1ihuales con respecto a la noticia coment\u00f3 que, \u201ctenemos altas expectativas con este proyecto y tambi\u00e9n, por supuesto, como socios, deseamos potenciar la participaci\u00f3n de la comunidad en general. Nosotros como agrupaci\u00f3n siempre hemos estado instando a peque\u00f1os empresarios del sector de turismo y comercio a que se sumen a las actividades y a este trabajo que estamos realizando hace m\u00e1s de 6 a\u00f1os como asociaci\u00f3n gremial. No es f\u00e1cil trabajar de manera asociativa, pero tambi\u00e9n es evidente que es la \u00fanica manera de poder bajar recursos para llevar a cabo las acciones, porque los financiamientos finalmente son los que nos van a permitir realizar cambios positivos para la comunidad\u201d.<\/p>\n<p style=\"text-align: justify;\">La Asociaci\u00f3n Gremial es una agrupaci\u00f3n conformada y ratificada por el Ministerio de Econom\u00eda en septiembre del a\u00f1o 2014 y forman parte los empresarios y empresarias, personas naturales y jur\u00eddicas con inicio de actividades en primera categor\u00eda y que desarrollan actividades de turismo y comercio local. Uno de los ejes importantes es el trabajo colaborativo con \u00e9nfasis en potenciar el turismo, comercio y la econom\u00eda circular, que permitan un desarrollo sustentable para Villa Ma\u00f1ihuales con su entorno.<\/p>\n<p style=\"text-align: justify;\">La Ilustre Municipalidad de Ays\u00e9n, por medio de su alcalde, Julio Uribe Alvarado, y su programa de Desarrollo Econ\u00f3mico Local, est\u00e1n en constante b\u00fasqueda de espacios y recursos que puedan apoyar el fomento productivo de la comuna de Ays\u00e9n. En esta ocasi\u00f3n se prioriz\u00f3 el trabajo colaborativo, donde el Cowork Ecoterraneo facilit\u00f3 apoyo t\u00e9cnico en el proceso de postulaci\u00f3n y adem\u00e1s se apalanc\u00f3 la colaboraci\u00f3n para el proceso de ejecuci\u00f3n del futuro barrio comercial por parte de FOSIS regi\u00f3n de Ays\u00e9n.<\/p>\n<p style=\"text-align: justify;\">Pablo Coliboro, coordinador del programa de Desarrollo Econ\u00f3mico Local explic\u00f3 la labor en el cual est\u00e1 enfocado el municipio, \u201cpara el alcalde, Julio Uribe Alvarado, esto es importante porque uno de los desaf\u00edos que tiene el \u00e1rea del fomento productivo es potenciar las \u00e1reas, los gremios, que en este caso es el AG de turismo y comercio de Villa Ma\u00f1ihuales, que es liderada por Carolina G\u00f3mez, quien ya lleva tiempo trabajando en el territorio, pero faltaba un apoyo institucional y ac\u00e1 la Municipalidad de Ays\u00e9n viene a cobrar relevancia para ayudar de forma colaborativa con los recursos que dispone el municipio para ir a mejorar a nuestros empresarios locales\u201d.<\/p>\n<p style=\"text-align: justify;\">El alcalde Uribe y su administraci\u00f3n continuar\u00e1n trabajando en colaborar y en la b\u00fasqueda de oportunidades que permitan que la econom\u00eda local pueda continuar creciendo, entendiendo que el desarrollo del territorio y su gente, ser\u00e1 de la mano de los emprendedores y empresarios que hoy, d\u00eda a d\u00eda, son un claro motor de desarrollo.<\/p>\n<\/div><\/section><\/div><\/p>\n<div  style='height:50px' class='hr hr-invisible   avia-builder-el-6  el_after_av_one_full  el_before_av_social_share '><span class='hr-inner ' ><span class='hr-inner-style'><\/span><\/span><\/div>\n<div  class='av-social-sharing-box  avia-builder-el-7  el_after_av_hr  el_before_av_hr  '><div class='av-share-box'><h5 class='av-share-link-description av-no-toc '>Compartir esta noticia<\/h5><ul class='av-share-box-list noLightbox'><li class='av-share-link av-social-link-facebook' ><a target=\"_blank\" aria-label=\"Compartir en Facebook\" href='https:\/\/www.facebook.com\/sharer.php?u=https:\/\/radiorevelacionfm.cl\/?p=25848&#038;t=En%20Villa%20Ma%C3%B1ihuales%20ser%C3%A1%20instaurado%20nuevo%20Barrio%20Comercial%20para%20fomentar%20la%20producci%C3%B3n%20local' aria-hidden='false' data-av_icon='\ue8f3' data-av_iconfont='entypo-fontello' title='' data-avia-related-tooltip='Compartir en Facebook' rel=\"noopener\"><span class='avia_hidden_link_text'>Compartir en Facebook<\/span><\/a><\/li><li class='av-share-link av-social-link-twitter' ><a target=\"_blank\" aria-label=\"Compartir en Twitter\" href='https:\/\/twitter.com\/share?text=En%20Villa%20Ma%C3%B1ihuales%20ser%C3%A1%20instaurado%20nuevo%20Barrio%20Comercial%20para%20fomentar%20la%20producci%C3%B3n%20local&#038;url=https:\/\/radiorevelacionfm.cl\/?p=25848' aria-hidden='false' data-av_icon='\ue8f1' data-av_iconfont='entypo-fontello' title='' data-avia-related-tooltip='Compartir en Twitter' rel=\"noopener\"><span class='avia_hidden_link_text'>Compartir en Twitter<\/span><\/a><\/li><li class='av-share-link av-social-link-whatsapp' ><a target=\"_blank\" aria-label=\"Compartir en Whatsapp\" href='https:\/\/api.whatsapp.com\/send?text=https:\/\/radiorevelacionfm.cl\/?p=25848' aria-hidden='false' data-av_icon='\uf232' data-av_iconfont='entypo-fontello' title='' data-avia-related-tooltip='Compartir en Whatsapp' rel=\"noopener\"><span class='avia_hidden_link_text'>Compartir en Whatsapp<\/span><\/a><\/li><li class='av-share-link av-social-link-linkedin' ><a target=\"_blank\" aria-label=\"Compartir en LinkedIn\" href='https:\/\/linkedin.com\/shareArticle?mini=true&#038;title=En%20Villa%20Ma%C3%B1ihuales%20ser%C3%A1%20instaurado%20nuevo%20Barrio%20Comercial%20para%20fomentar%20la%20producci%C3%B3n%20local&#038;url=https:\/\/radiorevelacionfm.cl\/?p=25848' aria-hidden='false' data-av_icon='\ue8fc' data-av_iconfont='entypo-fontello' title='' data-avia-related-tooltip='Compartir en LinkedIn' rel=\"noopener\"><span class='avia_hidden_link_text'>Compartir en LinkedIn<\/span><\/a><\/li><li class='av-share-link av-social-link-mail' ><a  aria-label=\"Compartir por correo\" href='mailto:?subject=En%20Villa%20Ma%C3%B1ihuales%20ser%C3%A1%20instaurado%20nuevo%20Barrio%20Comercial%20para%20fomentar%20la%20producci%C3%B3n%20local&#038;body=https:\/\/radiorevelacionfm.cl\/?p=25848' aria-hidden='false' data-av_icon='\ue805' data-av_iconfont='entypo-fontello' title='' data-avia-related-tooltip='Compartir por correo'><span class='avia_hidden_link_text'>Compartir por correo<\/span><\/a><\/li><\/ul><\/div><\/div>\n<div  style='height:50px' class='hr hr-invisible   avia-builder-el-8  el_after_av_social_share  el_before_av_comments_list '><span class='hr-inner ' ><span class='hr-inner-style'><\/span><\/span><\/div>\n<div  class='av-buildercomment  av-blog-meta-html-info-disabled av-blog-meta-tag-disabled  '><\/div>\n","protected":false},"excerpt":{"rendered":"","protected":false},"author":1,"featured_media":25849,"comment_status":"open","ping_status":"open","sticky":false,"template":"","format":"standard","meta":{"footnotes":""},"categories":[38],"tags":[],"class_list":["post-25848","post","type-post","status-publish","format-standard","has-post-thumbnail","hentry","category-regional"],"jetpack_featured_media_url":"https:\/\/radiorevelacionfm.cl\/wp-content\/uploads\/2022\/12\/273167605_1542850986071861_477063175419202062_n-1-1.jpeg","_links":{"self":[{"href":"https:\/\/radiorevelacionfm.cl\/index.php?rest_route=\/wp\/v2\/posts\/25848","targetHints":{"allow":["GET"]}}],"collection":[{"href":"https:\/\/radiorevelacionfm.cl\/index.php?rest_route=\/wp\/v2\/posts"}],"about":[{"href":"https:\/\/radiorevelacionfm.cl\/index.php?rest_route=\/wp\/v2\/types\/post"}],"author":[{"embeddable":true,"href":"https:\/\/radiorevelacionfm.cl\/index.php?rest_route=\/wp\/v2\/users\/1"}],"replies":[{"embeddable":true,"href":"https:\/\/radiorevelacionfm.cl\/index.php?rest_route=%2Fwp%2Fv2%2Fcomments&post=25848"}],"version-history":[{"count":4,"href":"https:\/\/radiorevelacionfm.cl\/index.php?rest_route=\/wp\/v2\/posts\/25848\/revisions"}],"predecessor-version":[{"id":25851,"href":"https:\/\/radiorevelacionfm.cl\/index.php?rest_route=\/wp\/v2\/posts\/25848\/revisions\/25851"}],"wp:featuredmedia":[{"embeddable":true,"href":"https:\/\/radiorevelacionfm.cl\/index.php?rest_route=\/wp\/v2\/media\/25849"}],"wp:attachment":[{"href":"https:\/\/radiorevelacionfm.cl\/index.php?rest_route=%2Fwp%2Fv2%2Fmedia&parent=25848"}],"wp:term":[{"taxonomy":"category","embeddable":true,"href":"https:\/\/radiorevelacionfm.cl\/index.php?rest_route=%2Fwp%2Fv2%2Fcategories&post=25848"},{"taxonomy":"post_tag","embeddable":true,"href":"https:\/\/radiorevelacionfm.cl\/index.php?rest_route=%2Fwp%2Fv2%2Ftags&post=25848"}],"curies":[{"name":"wp","href":"https:\/\/api.w.org\/{rel}","templated":true}]}}