{"id":2584,"date":"2021-02-14T14:33:12","date_gmt":"2021-02-14T17:33:12","guid":{"rendered":"https:\/\/radiorevelacionfm.cl\/?p=2584"},"modified":"2021-02-14T14:33:12","modified_gmt":"2021-02-14T17:33:12","slug":"rio-ibanez-fue-seleccionada-a-nivel-nacional-para-desarrollar-piloto-sobre-trabajo-infantil","status":"publish","type":"post","link":"https:\/\/radiorevelacionfm.cl\/?p=2584","title":{"rendered":"R\u00edo Ib\u00e1\u00f1ez fue seleccionada a nivel nacional para desarrollar piloto sobre trabajo infantil"},"content":{"rendered":"<div class=\"flex_column av_one_full  flex_column_div av-zero-column-padding first  avia-builder-el-0  el_before_av_one_full  avia-builder-el-first  \" style='border-radius:0px; '><div  class='avia-image-container  av-styling-    avia-builder-el-1  avia-builder-el-no-sibling  avia-align-center '  itemprop=\"image\" itemscope=\"itemscope\" itemtype=\"https:\/\/schema.org\/ImageObject\"  ><div class='avia-image-container-inner'><div class='avia-image-overlay-wrap'><img decoding=\"async\" class='wp-image-0 avia-img-lazy-loading-not-0 avia_image' src=\"https:\/\/radiorevelacionfm.cl\/wp-content\/uploads\/2021\/02\/Piloto_TrabInfantil_RioIbanez_1-1.jpg\" alt='' title=''   itemprop=\"thumbnailUrl\"  \/><\/div><\/div><\/div><\/div><div class=\"flex_column av_one_full  flex_column_div av-zero-column-padding first  avia-builder-el-2  el_after_av_one_full  el_before_av_one_full  column-top-margin\" style='border-radius:0px; '><section class=\"av_textblock_section \"  itemscope=\"itemscope\" itemtype=\"https:\/\/schema.org\/BlogPosting\" itemprop=\"blogPost\" ><div class='avia_textblock  '   itemprop=\"text\" ><p style=\"text-align: center;\"><span style=\"font-size: 18pt;\"><strong>R\u00edo Ib\u00e1\u00f1ez fue seleccionada a nivel nacional para desarrollar piloto sobre trabajo infantil<\/strong><\/span><\/p>\n<div id=\"gtx-trans\" style=\"position: absolute; left: -50px; top: 4.31534px;\">\n<div class=\"gtx-trans-icon\"><\/div>\n<\/div>\n<\/div><\/section><\/div><div class=\"flex_column av_one_full  flex_column_div av-zero-column-padding first  avia-builder-el-4  el_after_av_one_full  el_before_av_hr  column-top-margin\" style='border-radius:0px; '><section class=\"av_textblock_section \"  itemscope=\"itemscope\" itemtype=\"https:\/\/schema.org\/BlogPosting\" itemprop=\"blogPost\" ><div class='avia_textblock  '   itemprop=\"text\" ><p style=\"text-align: justify;\"><em>Este 2021 La ONU lo decret\u00f3 el \u201cA\u00f1o Internacional de la Eliminaci\u00f3n del Trabajo Infantil\u201d, donde Chile es uno de los pioneros de la Alianza 8.7 para la eliminaci\u00f3n del trabajo infantil en todas sus formas al 2025. En este contexto, la comuna de R\u00edo Ib\u00e1\u00f1ez fue seleccionada a nivel nacional para desarrollar el piloto de la segunda etapa del \u00cdndice de Vulnerabilidad al Trabajo Infantil. <\/em><\/p>\n<p style=\"text-align: justify;\">Una gran noticia fue la designaci\u00f3n a nivel nacional de la Regi\u00f3n de Ays\u00e9n para desarrollar el plan piloto de la segunda etapa del \u00cdndice de Vulnerabilidad al Trabajo Infantil, en un programa desarrollado por la Iniciativa regional, Am\u00e9rica Latina y el Caribe Libre de Trabajo Infantil de la Organizaci\u00f3n Internacional del Trabajo, OIT y el Departamento Contra el Trabajo Infantil de la Subsecretar\u00eda del Trabajo. Este piloto ser\u00e1 ejecutado por el Comit\u00e9 Regional de Erradicaci\u00f3n del Trabajo Infantil, liderado por la Seremi del Trabajo y Previsi\u00f3n Social, Andrea Ponce, en el cual se decidi\u00f3 que la comuna donde se desarrollar\u00eda este plan ser\u00eda la Comuna de R\u00edo Ib\u00e1\u00f1ez, contando con la aprobaci\u00f3n y el apoyo en gesti\u00f3n de la I. Municipalidad de R\u00edo Ib\u00e1\u00f1ez.<\/p>\n<p style=\"text-align: justify;\">En el Sal\u00f3n de la Escuela Aonikenk de Puerto Ingeniero Ib\u00e1\u00f1ez, se desarroll\u00f3 el lanzamiento oficial de este piloto, durante la visita en diciembre del Subsecretario del Trabajo, Fernando Arab. En dicha instancia se present\u00f3 el trabajo que realiz\u00f3 el Comit\u00e9 Regional durante el 2020 y los datos del \u00cdndice de Vulnerabilidad al Trabajo Infantil general de la Regi\u00f3n de Ays\u00e9n, adem\u00e1s de conocer la opini\u00f3n y reflexiones sobre trabajo infantil, por parte de ni\u00f1os, ni\u00f1as y adolescentes, representados por Sof\u00eda Calder\u00f3n, Jos\u00e9 Luis Ascencio y Marina Alarc\u00f3n, a partir de la pregunta \u00bfQu\u00e9 podr\u00eda hacer el mundo adulto para que los ni\u00f1os y ni\u00f1as crezcan felices y se pueda prevenir el trabajo infantil en la comuna de R\u00edo Ib\u00e1\u00f1ez?.<\/p>\n<p style=\"text-align: justify;\">Al respecto, el Subsecretario Arab coment\u00f3, \u201cA los tres cuando les preguntamos qu\u00e9 les gustar\u00eda que hici\u00e9ramos por ellos, los tres respondieron que m\u00e1s oportunidades para ser ni\u00f1os y jugar, y eso nos tiene que hacer reflexionar porque los ni\u00f1os piensan en ni\u00f1o y eso es en lo que consiste esta iniciativa, en que no les quitemos la ni\u00f1ez, no los privemos de algo tan valioso como es esa inocencia de ser ni\u00f1os. Esto hay que distinguirlo de las labores dom\u00e9sticas, esto no quiere decir que un ni\u00f1o no tenga que ayudar en la casa a poner la mesa, hacer la cama, hacer aseo, ayudar a cuidar a su hermano peque\u00f1o de vez en cuando, esto va m\u00e1s all\u00e1: son aquellos ni\u00f1os que dejan de estudiar, que pierden ese proceso de formaci\u00f3n, por tener que hacer labores de trabajador. Aqu\u00ed hay que acompa\u00f1ar a la familia, pensamos que ning\u00fan padre o madre lo quiere hacer trabajar por maldad, sino que por necesidad o, a veces, porque as\u00ed se le form\u00f3. Por lo tanto, es muy importante que hagamos este proceso de acompa\u00f1amiento y hoy en d\u00eda la Regi\u00f3n de Ays\u00e9n y la comuna de R\u00edo Ib\u00e1\u00f1ez tiene esta tremenda oportunidad de ser el plan piloto y que ser\u00e1 monitoreado por nosotros.\u201d<\/p>\n<p style=\"text-align: justify;\"><strong><u>Piloto #ChileSinTrabajoInfantil<\/u><\/strong><\/p>\n<p style=\"text-align: justify;\">Sobre la elecci\u00f3n de la comuna de nuestra regi\u00f3n a nivel nacional y de la comuna de R\u00edo Ib\u00e1\u00f1ez, la Seremi Andrea Ponce detall\u00f3, \u201cPara nosotros como Comit\u00e9 Regional de Erradicaci\u00f3n de Trabajo Infantil, la elecci\u00f3n de nuestra regi\u00f3n a nivel nacional es un gran orgullo y se debe al gran trabajo que se ha realizado en esta instancia, donde somos m\u00e1s de 20 instituciones p\u00fablicas y privadas comprometidas con difundir los riesgos del trabajo infantil e intentar eliminarlos en nuestro territorio. No es una tarea f\u00e1cil, a nivel mundial, ya se proyecta que la pandemia de Coronavirus aumentar\u00e1 gravemente el trabajo infantil y retrasar\u00e1 en 10 a\u00f1os el trabajo que se ha realizado sobre su eliminaci\u00f3n y protecci\u00f3n de ni\u00f1os, ni\u00f1as y adolescentes, en el contexto de fomentar el trabajo decente\u201d.<\/p>\n<p style=\"text-align: justify;\">Junto a ello, Ponce a\u00f1adi\u00f3, \u201cLa elecci\u00f3n de la comuna de R\u00edo Ib\u00e1\u00f1ez se determin\u00f3 por diversos factores, entre ellos, por ser una comuna extensa, con distintas realidades geogr\u00e1ficas, comunitarias y laborales, donde encontramos agricultura, ganader\u00eda, turismo y comercio, principalmente, y donde hay una zona fronteriza. Adem\u00e1s, la Municipalidad de R\u00edo Ib\u00e1\u00f1ez con el Alcalde Marcelo Santana y la Oficina de Protecci\u00f3n de Derechos, OPD, son actores fundamentales y siempre se han interesado por esta iniciativa, apoy\u00e1ndonos con ideas, gestiones, educaci\u00f3n y difusi\u00f3n de los riesgos del trabajo infantil, sobre todo del trabajo peligroso. Les damos las gracias por aceptar ser parte de este piloto nacional\u201d, afirm\u00f3 la titular de trabajo y previsi\u00f3n social.<\/p>\n<p style=\"text-align: justify;\">Jos\u00e9 Luis fue uno de los ni\u00f1os representantes de su comunidad. Con 11 a\u00f1os, comparti\u00f3 lo que piensa sobre el trabajo infantil, \u201cNos hicieron pensar. Los ni\u00f1os tienen derechos y tienen derecho a divertirse, a jugar, que es pr\u00e1cticamente lo mismo. Un derecho de ellos es no trabajar, un deber tendr\u00eda que ser ayudar a la familia, pero no hay que exagerar ni mandarlos a trabajar\u201d.<\/p>\n<p style=\"text-align: justify;\">Por su parte, el Alcalde Marcelo Santana, se refiri\u00f3 a esta iniciativa, \u201cPara nosotros como comunidad es muy importante que los ni\u00f1os tengan garantizados los derechos a la educaci\u00f3n, que se puedan criar en un ambiente sano, con recreaci\u00f3n, con ocio, tambi\u00e9n apoyar a los padres en las labores del hogar, pero es cosa muy distinta al trabajo infantil, donde a los ni\u00f1os se les suspenden esos derechos y se dedican a generar ingresos de manera obligatoria. Eso es lo que no queremos, que por lo menos hasta que sean mayores de edad, tengan las oportunidades de crecer, desarrollarse, derecho a acceso a la educaci\u00f3n porque eso abre muchas oportunidades a los estudiantes\u201d.<\/p>\n<p style=\"text-align: justify;\">Desde Lima, Per\u00fa, la secretar\u00eda t\u00e9cnica de la Iniciativa regional, Am\u00e9rica Latina y el Caribe Libre de Trabajo Infantil de la OIT, Mar\u00eda Olave, se refiri\u00f3 al \u00cdndice de Vulnerabilidad y al prop\u00f3sito de este plan, \u201cContar con estos mapas precisos y con una informaci\u00f3n de calidad, para ayudar a las autoridades regional y locales a poder desarrollar su trabajo con mejor informaci\u00f3n y con m\u00e1s calidad, orientada a un mejor servicio para su comunidad. Cuentan con nosotros, con la Iniciativa Regional de Trabajo Infantil, juntos vamos a acompa\u00f1arles en este compromiso que ustedes est\u00e1n asumiendo y que confiamos que nos permitir\u00e1, de un lado atender mejor a los ni\u00f1os, ni\u00f1as y adolescentes y, por otro lado, aprender y compartir con otros pa\u00edses y localidades de la regi\u00f3n estos aprendizajes en la implementaci\u00f3n del piloto. Muchas gracias, con su esfuerzo podremos asegurar la protecci\u00f3n de los ni\u00f1os y ni\u00f1as, asegurar que su desarrollo se de en las escuelas, familias y comunidades, lejos de mercados, calles y campos\u201d.<\/p>\n<p style=\"text-align: justify;\">El lanzamiento fue organizado por la Seremi del Trabajo junto a la OPD de R\u00edo Ib\u00e1\u00f1ez y cont\u00f3 con la presencia del Subsecretario del Trabajo, Fernando Arab, Alcalde Marcelo Santana, Gobernadora de la Provincia General Carrera, Vanessa V\u00e1squez; Seremis de Trabajo y Previsi\u00f3n Social, Andrea Ponce; Desarrollo y Familia, Marcelo Jelvez; Justicia y DDHH, Luis Prieto; Educaci\u00f3n, Sergio Becerra; Director Regional del ISL, Mario Garay, representante de Carabineros, INDAP y de otras instituciones del comit\u00e9, tanto presencialmente como v\u00eda zoom, del director de la Escuela Aonikenk, profesores, apoderados, ni\u00f1os y ni\u00f1as.<\/p>\n<p style=\"text-align: justify;\">El comit\u00e9 regional conformado por el Seremi de Desarrollo Social y Familia; Seremi de Justicia y derechos Humanos; Seremi de Salud; Instituto Nacional de Derechos Humanos, INDH; Corporaci\u00f3n Opci\u00f3n; Segegob; INJUV; Direcci\u00f3n del Trabajo; Seremi de Deportes; Instituto Nacional de Deportes; Seremi de Educaci\u00f3n; SENAME; Carabineros de Chile; Polic\u00eda de Investigaciones de Chile, PDI; Seremi de Agricultura; Indap; Conaf; SAG; JUNJI; Defensor\u00eda de la Ni\u00f1ez y Sernatur, liderados por la Seremi de Trabajo y Previsi\u00f3n Social, manifest\u00f3 su compromiso con esta iniciativa, esperando tener novedades sobre los avances durante el primer semestre de este 2021.<\/p>\n<\/div><\/section><\/div><div  style='height:50px' class='hr hr-invisible   avia-builder-el-6  el_after_av_one_full  el_before_av_social_share '><span class='hr-inner ' ><span class='hr-inner-style'><\/span><\/span><\/div><\/p>\n<div  class='av-social-sharing-box  avia-builder-el-7  el_after_av_hr  el_before_av_hr  '><div class='av-share-box'><h5 class='av-share-link-description av-no-toc '>Compartir esta noticia<\/h5><ul class='av-share-box-list noLightbox'><li class='av-share-link av-social-link-facebook' ><a target=\"_blank\" aria-label=\"Compartir en Facebook\" href='https:\/\/www.facebook.com\/sharer.php?u=https:\/\/radiorevelacionfm.cl\/?p=2584&#038;t=R%C3%ADo%20Ib%C3%A1%C3%B1ez%20fue%20seleccionada%20a%20nivel%20nacional%20para%20desarrollar%20piloto%20sobre%20trabajo%20infantil' aria-hidden='false' data-av_icon='\ue8f3' data-av_iconfont='entypo-fontello' title='' data-avia-related-tooltip='Compartir en Facebook' rel=\"noopener\"><span class='avia_hidden_link_text'>Compartir en Facebook<\/span><\/a><\/li><li class='av-share-link av-social-link-twitter' ><a target=\"_blank\" aria-label=\"Compartir en Twitter\" href='https:\/\/twitter.com\/share?text=R%C3%ADo%20Ib%C3%A1%C3%B1ez%20fue%20seleccionada%20a%20nivel%20nacional%20para%20desarrollar%20piloto%20sobre%20trabajo%20infantil&#038;url=https:\/\/radiorevelacionfm.cl\/?p=2584' aria-hidden='false' data-av_icon='\ue8f1' data-av_iconfont='entypo-fontello' title='' data-avia-related-tooltip='Compartir en Twitter' rel=\"noopener\"><span class='avia_hidden_link_text'>Compartir en Twitter<\/span><\/a><\/li><li class='av-share-link av-social-link-whatsapp' ><a target=\"_blank\" aria-label=\"Compartir en Whatsapp\" href='https:\/\/api.whatsapp.com\/send?text=https:\/\/radiorevelacionfm.cl\/?p=2584' aria-hidden='false' data-av_icon='\uf232' data-av_iconfont='entypo-fontello' title='' data-avia-related-tooltip='Compartir en Whatsapp' rel=\"noopener\"><span class='avia_hidden_link_text'>Compartir en Whatsapp<\/span><\/a><\/li><li class='av-share-link av-social-link-linkedin' ><a target=\"_blank\" aria-label=\"Compartir en LinkedIn\" href='https:\/\/linkedin.com\/shareArticle?mini=true&#038;title=R%C3%ADo%20Ib%C3%A1%C3%B1ez%20fue%20seleccionada%20a%20nivel%20nacional%20para%20desarrollar%20piloto%20sobre%20trabajo%20infantil&#038;url=https:\/\/radiorevelacionfm.cl\/?p=2584' aria-hidden='false' data-av_icon='\ue8fc' data-av_iconfont='entypo-fontello' title='' data-avia-related-tooltip='Compartir en LinkedIn' rel=\"noopener\"><span class='avia_hidden_link_text'>Compartir en LinkedIn<\/span><\/a><\/li><li class='av-share-link av-social-link-mail' ><a  aria-label=\"Compartir por correo\" href='mailto:?subject=R%C3%ADo%20Ib%C3%A1%C3%B1ez%20fue%20seleccionada%20a%20nivel%20nacional%20para%20desarrollar%20piloto%20sobre%20trabajo%20infantil&#038;body=https:\/\/radiorevelacionfm.cl\/?p=2584' aria-hidden='false' data-av_icon='\ue805' data-av_iconfont='entypo-fontello' title='' data-avia-related-tooltip='Compartir por correo'><span class='avia_hidden_link_text'>Compartir por correo<\/span><\/a><\/li><\/ul><\/div><\/div>\n<div  style='height:50px' class='hr hr-invisible   avia-builder-el-8  el_after_av_social_share  el_before_av_comments_list '><span class='hr-inner ' ><span class='hr-inner-style'><\/span><\/span><\/div>\n<div  class='av-buildercomment  av-blog-meta-html-info-disabled av-blog-meta-tag-disabled  '><\/div>\n","protected":false},"excerpt":{"rendered":"","protected":false},"author":1,"featured_media":0,"comment_status":"open","ping_status":"open","sticky":false,"template":"","format":"standard","meta":{"footnotes":""},"categories":[38],"tags":[],"class_list":["post-2584","post","type-post","status-publish","format-standard","hentry","category-regional"],"jetpack_featured_media_url":"","_links":{"self":[{"href":"https:\/\/radiorevelacionfm.cl\/index.php?rest_route=\/wp\/v2\/posts\/2584","targetHints":{"allow":["GET"]}}],"collection":[{"href":"https:\/\/radiorevelacionfm.cl\/index.php?rest_route=\/wp\/v2\/posts"}],"about":[{"href":"https:\/\/radiorevelacionfm.cl\/index.php?rest_route=\/wp\/v2\/types\/post"}],"author":[{"embeddable":true,"href":"https:\/\/radiorevelacionfm.cl\/index.php?rest_route=\/wp\/v2\/users\/1"}],"replies":[{"embeddable":true,"href":"https:\/\/radiorevelacionfm.cl\/index.php?rest_route=%2Fwp%2Fv2%2Fcomments&post=2584"}],"version-history":[{"count":1,"href":"https:\/\/radiorevelacionfm.cl\/index.php?rest_route=\/wp\/v2\/posts\/2584\/revisions"}],"predecessor-version":[{"id":2586,"href":"https:\/\/radiorevelacionfm.cl\/index.php?rest_route=\/wp\/v2\/posts\/2584\/revisions\/2586"}],"wp:attachment":[{"href":"https:\/\/radiorevelacionfm.cl\/index.php?rest_route=%2Fwp%2Fv2%2Fmedia&parent=2584"}],"wp:term":[{"taxonomy":"category","embeddable":true,"href":"https:\/\/radiorevelacionfm.cl\/index.php?rest_route=%2Fwp%2Fv2%2Fcategories&post=2584"},{"taxonomy":"post_tag","embeddable":true,"href":"https:\/\/radiorevelacionfm.cl\/index.php?rest_route=%2Fwp%2Fv2%2Ftags&post=2584"}],"curies":[{"name":"wp","href":"https:\/\/api.w.org\/{rel}","templated":true}]}}