{"id":25834,"date":"2022-12-23T12:16:37","date_gmt":"2022-12-23T15:16:37","guid":{"rendered":"https:\/\/radiorevelacionfm.cl\/?p=25834"},"modified":"2022-12-23T12:16:37","modified_gmt":"2022-12-23T15:16:37","slug":"consejero-escobar-ante-los-innumerables-problemas-sin-solucion-en-la-conectividad-en-la-region-el-seremi-del-mop-debe-dar-un-paso-al-costado","status":"publish","type":"post","link":"https:\/\/radiorevelacionfm.cl\/?p=25834","title":{"rendered":"Consejero Escobar: \u201cAnte los innumerables problemas sin soluci\u00f3n en la conectividad en la regi\u00f3n el Seremi del MOP debe dar un paso al costado\u201d"},"content":{"rendered":"<div class=\"flex_column av_one_full  flex_column_div av-zero-column-padding first  avia-builder-el-0  el_before_av_one_full  avia-builder-el-first  \" style='border-radius:0px; '><div  class='avia-image-container  av-styling-    avia-builder-el-1  avia-builder-el-no-sibling  avia-align-center '  itemprop=\"image\" itemscope=\"itemscope\" itemtype=\"https:\/\/schema.org\/ImageObject\"  ><div class='avia-image-container-inner'><div class='avia-image-overlay-wrap'><img decoding=\"async\" class='wp-image-25836 avia-img-lazy-loading-not-25836 avia_image' src=\"https:\/\/radiorevelacionfm.cl\/wp-content\/uploads\/2022\/12\/estado-rutas-dic-1_optimized.jpg\" alt='' title='estado-rutas-dic-(1)_optimized' height=\"600\" width=\"1089\"  itemprop=\"thumbnailUrl\" srcset=\"https:\/\/radiorevelacionfm.cl\/wp-content\/uploads\/2022\/12\/estado-rutas-dic-1_optimized.jpg 1089w, https:\/\/radiorevelacionfm.cl\/wp-content\/uploads\/2022\/12\/estado-rutas-dic-1_optimized-300x165.jpg 300w, https:\/\/radiorevelacionfm.cl\/wp-content\/uploads\/2022\/12\/estado-rutas-dic-1_optimized-1030x567.jpg 1030w, https:\/\/radiorevelacionfm.cl\/wp-content\/uploads\/2022\/12\/estado-rutas-dic-1_optimized-768x423.jpg 768w, https:\/\/radiorevelacionfm.cl\/wp-content\/uploads\/2022\/12\/estado-rutas-dic-1_optimized-705x388.jpg 705w, https:\/\/radiorevelacionfm.cl\/wp-content\/uploads\/2022\/12\/estado-rutas-dic-1_optimized-600x331.jpg 600w\" sizes=\"(max-width: 1089px) 100vw, 1089px\" \/><\/div><\/div><\/div><\/div><div class=\"flex_column av_one_full  flex_column_div av-zero-column-padding first  avia-builder-el-2  el_after_av_one_full  el_before_av_one_full  column-top-margin\" style='border-radius:0px; '><section class=\"av_textblock_section \"  itemscope=\"itemscope\" itemtype=\"https:\/\/schema.org\/BlogPosting\" itemprop=\"blogPost\" ><div class='avia_textblock  '   itemprop=\"text\" ><p style=\"text-align: center;\"><strong><span style=\"font-size: 18pt;\">Consejero Escobar: \u201cAnte los innumerables problemas sin soluci\u00f3n en la conectividad en la regi\u00f3n el Seremi del MOP debe dar un paso al costado\u201d <\/span><\/strong><\/p>\n<div id=\"gtx-trans\" style=\"position: absolute; left: -50px; top: 4.31534px;\">\n<div class=\"gtx-trans-icon\"><\/div>\n<\/div>\n<\/div><\/section><\/div><div class=\"flex_column av_one_full  flex_column_div av-zero-column-padding first  avia-builder-el-4  el_after_av_one_full  el_before_av_hr  column-top-margin\" style='border-radius:0px; '><section class=\"av_textblock_section \"  itemscope=\"itemscope\" itemtype=\"https:\/\/schema.org\/BlogPosting\" itemprop=\"blogPost\" ><div class='avia_textblock  '   itemprop=\"text\" ><p style=\"text-align: justify;\">En una situaci\u00f3n de error tras error ha sido categorizada la gesti\u00f3n del Seremi de Obras P\u00fablicas de la regi\u00f3n de Ays\u00e9n por el consejero de la Provincia Capit\u00e1n Prat junto a otros consejeros, esto debido a que en el mes de abril de 2022 se realiz\u00f3 reuni\u00f3n con el encargado de la cartera para la creaci\u00f3n de una mesa interprovincial de conectividad, esto a trav\u00e9s de una carta firmada por consejeros regionales de la zona norte y sur. Documento y requerimientos que al d\u00eda de hoy no han sido respondidos y donde la principal finalidad de la misma ten\u00eda lugar con trabajar de forma colaborativa\u00a0 en soluciones a corto plazo para la conectividad en la regi\u00f3n de Ays\u00e9n.<\/p>\n<p style=\"text-align: justify;\">Frente a las faltas en los compromisos asumidos por el propio Seremi con los CORES y otras autoridades y la molestia que se ha generado en la comunidad que debe d\u00eda a d\u00eda transportarse por la carretera austral hacia el sur, los Consejeros Regionales en su mayor\u00eda acuerdan en una dr\u00e1stica acci\u00f3n no aprobar m\u00e1s recursos a las diferentes direcciones emanadas desde la cartera del MOP, esto con el fin de presionar y mejorar gestiones a corto plazo en materias de conectividad. Una acci\u00f3n insuficiente, ya que la presi\u00f3n por parte de la ciudadan\u00eda fue categ\u00f3rica en hacer ver que los requerimientos y recursos no pod\u00edan ser congelados por parte del cuerpo colegiado, si bien se levantaron las acciones dispuestas por los CORES regionales esta situaci\u00f3n sigue empeorando \u00a0y sin ninguna soluci\u00f3n que ayude y vislumbre una mejora en una necesidad tan prioritaria como la conectividad.<\/p>\n<p style=\"text-align: justify;\">Ha sido tal el descontento a nivel regional que en diciembre del presente a\u00f1o, los habitantes de la comuna de Chile Chico, cansados de los constantes problemas de conectividad salieron a las calles a manifestarse, instalando banderas negras en cada una de las viviendas de la comuna, nuevamente el foco en caminos en mal estado y exigiendo el pronto funcionamiento de la barcaza La Tehuelche.<\/p>\n<p style=\"text-align: justify;\">Ante la continuidad de la mala gesti\u00f3n por parte del MOP y por disposici\u00f3n de los mismos consejeros de las provincias mas afectadas de la zona norte y sur, se gestion\u00f3 \u00a0viajar a la ciudad de Santiago para sostener una reuni\u00f3n con el Ministro de Obras P\u00fablicas Juan Carlos Garc\u00eda, a quien se le hizo entrega de un documento con las diferentes solicitudes que principalmente apuntaban a una mala gesti\u00f3n por parte del Seremi del sector: Frente a lo que el ministro se comprometi\u00f3 <strong>a generar un plan de conectividad en un plazo de 60 d\u00edas<\/strong> con lo que posiblemente se resolver\u00eda en gran parte la problem\u00e1tica de los habitantes de la regi\u00f3n de Ays\u00e9n. Situaci\u00f3n que no se concret\u00f3 y que mantiene al d\u00eda de hoy, una ruta en p\u00e9simas condiciones con contratos viales que no han dado buenos resultados.<\/p>\n<p style=\"text-align: justify;\">Sin lugar a dudas que la situaci\u00f3n presente en la conectividad tanto terrestre como lacustre ha afectado a un gran n\u00famero de familias ayseninas, principalmente aquellas provenientes de las provincias m\u00e1s alejadas como Capit\u00e1n Prat y General Carrera y los gremios del turismo, transporte p\u00fablico y privado, quienes observan como les afecta directamente las malas condiciones del camino, lo que genera una reducci\u00f3n de la cantidad de turistas en temporada estival, maquinarias que aumentan sus fallas mec\u00e1nicas, aumento en transporte de carga, esto \u00faltimo tambi\u00e9n acompa\u00f1ado de la constante alza en el precio de los combustibles.<\/p>\n<p style=\"text-align: justify;\">De acuerdo con ello V\u00edctor Escobar, consejero de Capit\u00e1n Prat destac\u00f3 \u201cSe agota la paciencia y no se observan estrategias por parte del sector, contratos sin impacto y un plan de conectividad creado solo para cumplir un compromiso, hoy pedimos la salida del seremi del sector, la conducci\u00f3n debe ser con una mirada de urgencia, agotando todas las instancias y buscando de manera colaborativa soluciones integrales\u201d.<\/p>\n<p style=\"text-align: justify;\">Una gran desventaja para una regi\u00f3n que aun espera por el desarrollo y las estrategias por parte del gobierno de turno y regional, hoy con desvinculaci\u00f3n del director regional de vialidad, quien a poco de asumir ya deja su puesto siendo removido de la instituci\u00f3n, vemos como se corta el hilo por lo mas fino \u00a0y la\u00a0 mala conducci\u00f3n y gesti\u00f3n \u00a0del Seremi del MOP sigue oculta con acciones tan medi\u00e1ticas como la salida de un director, agregar a esto la sorda e indolente mirada de los delegados presidenciales provinciales y aun m\u00e1s del principal ente nombrado en la regi\u00f3n como es el delegado regional, sin iniciativas estrat\u00e9gicas, poca relaci\u00f3n con los territorios, cuidando su puesto sin dar se\u00f1ales concretas de c\u00f3mo se avanzar\u00e1 en mejorar la calidad de vida de los habitantes de las zonas mas extremas de la regi\u00f3n.<\/p>\n<p style=\"text-align: justify;\">\u201cEsperamos que los parlamentarios en su totalidad tanto diputados como senadores de nuestra regi\u00f3n pongan una mirada prioritaria y urgente \u00a0a un tema preocupante como la conectividad, las familias de la regi\u00f3n de Ays\u00e9n y aun mas de las provincias mas aisladas requieren poder tener una soluci\u00f3n a un requerimiento hist\u00f3rico en conectividad\u201d, enfatiz\u00f3 el consejero Escobar.<\/p>\n<\/div><\/section><\/div><div  style='height:50px' class='hr hr-invisible   avia-builder-el-6  el_after_av_one_full  el_before_av_social_share '><span class='hr-inner ' ><span class='hr-inner-style'><\/span><\/span><\/div><\/p>\n<div  class='av-social-sharing-box  avia-builder-el-7  el_after_av_hr  el_before_av_hr  '><div class='av-share-box'><h5 class='av-share-link-description av-no-toc '>Compartir esta noticia<\/h5><ul class='av-share-box-list noLightbox'><li class='av-share-link av-social-link-facebook' ><a target=\"_blank\" aria-label=\"Compartir en Facebook\" href='https:\/\/www.facebook.com\/sharer.php?u=https:\/\/radiorevelacionfm.cl\/?p=25834&#038;t=Consejero%20Escobar%3A%20%E2%80%9CAnte%20los%20innumerables%20problemas%20sin%20soluci%C3%B3n%20en%20la%20conectividad%20en%20la%20regi%C3%B3n%20el%20Seremi%20del%20MOP%20debe%20dar%20un%20paso%20al%20costado%E2%80%9D' aria-hidden='false' data-av_icon='\ue8f3' data-av_iconfont='entypo-fontello' title='' data-avia-related-tooltip='Compartir en Facebook' rel=\"noopener\"><span class='avia_hidden_link_text'>Compartir en Facebook<\/span><\/a><\/li><li class='av-share-link av-social-link-twitter' ><a target=\"_blank\" aria-label=\"Compartir en Twitter\" href='https:\/\/twitter.com\/share?text=Consejero%20Escobar%3A%20%E2%80%9CAnte%20los%20innumerables%20problemas%20sin%20soluci%C3%B3n%20en%20la%20conectividad%20en%20la%20regi%C3%B3n%20el%20Seremi%20del%20MOP%20debe%20dar%20un%20paso%20al%20costado%E2%80%9D&#038;url=https:\/\/radiorevelacionfm.cl\/?p=25834' aria-hidden='false' data-av_icon='\ue8f1' data-av_iconfont='entypo-fontello' title='' data-avia-related-tooltip='Compartir en Twitter' rel=\"noopener\"><span class='avia_hidden_link_text'>Compartir en Twitter<\/span><\/a><\/li><li class='av-share-link av-social-link-whatsapp' ><a target=\"_blank\" aria-label=\"Compartir en Whatsapp\" href='https:\/\/api.whatsapp.com\/send?text=https:\/\/radiorevelacionfm.cl\/?p=25834' aria-hidden='false' data-av_icon='\uf232' data-av_iconfont='entypo-fontello' title='' data-avia-related-tooltip='Compartir en Whatsapp' rel=\"noopener\"><span class='avia_hidden_link_text'>Compartir en Whatsapp<\/span><\/a><\/li><li class='av-share-link av-social-link-linkedin' ><a target=\"_blank\" aria-label=\"Compartir en LinkedIn\" href='https:\/\/linkedin.com\/shareArticle?mini=true&#038;title=Consejero%20Escobar%3A%20%E2%80%9CAnte%20los%20innumerables%20problemas%20sin%20soluci%C3%B3n%20en%20la%20conectividad%20en%20la%20regi%C3%B3n%20el%20Seremi%20del%20MOP%20debe%20dar%20un%20paso%20al%20costado%E2%80%9D&#038;url=https:\/\/radiorevelacionfm.cl\/?p=25834' aria-hidden='false' data-av_icon='\ue8fc' data-av_iconfont='entypo-fontello' title='' data-avia-related-tooltip='Compartir en LinkedIn' rel=\"noopener\"><span class='avia_hidden_link_text'>Compartir en LinkedIn<\/span><\/a><\/li><li class='av-share-link av-social-link-mail' ><a  aria-label=\"Compartir por correo\" href='mailto:?subject=Consejero%20Escobar%3A%20%E2%80%9CAnte%20los%20innumerables%20problemas%20sin%20soluci%C3%B3n%20en%20la%20conectividad%20en%20la%20regi%C3%B3n%20el%20Seremi%20del%20MOP%20debe%20dar%20un%20paso%20al%20costado%E2%80%9D&#038;body=https:\/\/radiorevelacionfm.cl\/?p=25834' aria-hidden='false' data-av_icon='\ue805' data-av_iconfont='entypo-fontello' title='' data-avia-related-tooltip='Compartir por correo'><span class='avia_hidden_link_text'>Compartir por correo<\/span><\/a><\/li><\/ul><\/div><\/div>\n<div  style='height:50px' class='hr hr-invisible   avia-builder-el-8  el_after_av_social_share  el_before_av_comments_list '><span class='hr-inner ' ><span class='hr-inner-style'><\/span><\/span><\/div>\n<div  class='av-buildercomment  av-blog-meta-html-info-disabled av-blog-meta-tag-disabled  '><\/div>\n","protected":false},"excerpt":{"rendered":"","protected":false},"author":1,"featured_media":25836,"comment_status":"open","ping_status":"open","sticky":false,"template":"","format":"standard","meta":{"footnotes":""},"categories":[38],"tags":[],"class_list":["post-25834","post","type-post","status-publish","format-standard","has-post-thumbnail","hentry","category-regional"],"jetpack_featured_media_url":"https:\/\/radiorevelacionfm.cl\/wp-content\/uploads\/2022\/12\/estado-rutas-dic-1_optimized.jpg","_links":{"self":[{"href":"https:\/\/radiorevelacionfm.cl\/index.php?rest_route=\/wp\/v2\/posts\/25834","targetHints":{"allow":["GET"]}}],"collection":[{"href":"https:\/\/radiorevelacionfm.cl\/index.php?rest_route=\/wp\/v2\/posts"}],"about":[{"href":"https:\/\/radiorevelacionfm.cl\/index.php?rest_route=\/wp\/v2\/types\/post"}],"author":[{"embeddable":true,"href":"https:\/\/radiorevelacionfm.cl\/index.php?rest_route=\/wp\/v2\/users\/1"}],"replies":[{"embeddable":true,"href":"https:\/\/radiorevelacionfm.cl\/index.php?rest_route=%2Fwp%2Fv2%2Fcomments&post=25834"}],"version-history":[{"count":2,"href":"https:\/\/radiorevelacionfm.cl\/index.php?rest_route=\/wp\/v2\/posts\/25834\/revisions"}],"predecessor-version":[{"id":25838,"href":"https:\/\/radiorevelacionfm.cl\/index.php?rest_route=\/wp\/v2\/posts\/25834\/revisions\/25838"}],"wp:featuredmedia":[{"embeddable":true,"href":"https:\/\/radiorevelacionfm.cl\/index.php?rest_route=\/wp\/v2\/media\/25836"}],"wp:attachment":[{"href":"https:\/\/radiorevelacionfm.cl\/index.php?rest_route=%2Fwp%2Fv2%2Fmedia&parent=25834"}],"wp:term":[{"taxonomy":"category","embeddable":true,"href":"https:\/\/radiorevelacionfm.cl\/index.php?rest_route=%2Fwp%2Fv2%2Fcategories&post=25834"},{"taxonomy":"post_tag","embeddable":true,"href":"https:\/\/radiorevelacionfm.cl\/index.php?rest_route=%2Fwp%2Fv2%2Ftags&post=25834"}],"curies":[{"name":"wp","href":"https:\/\/api.w.org\/{rel}","templated":true}]}}