{"id":25829,"date":"2022-12-23T10:17:14","date_gmt":"2022-12-23T13:17:14","guid":{"rendered":"https:\/\/radiorevelacionfm.cl\/?p=25829"},"modified":"2022-12-23T15:05:42","modified_gmt":"2022-12-23T18:05:42","slug":"fiscalizaran-funcionamiento-del-comercio-durante-feriados-obligatorios-e-irrenunciables-de-navidad-y-ano-nuevo","status":"publish","type":"post","link":"https:\/\/radiorevelacionfm.cl\/?p=25829","title":{"rendered":"Fiscalizar\u00e1n funcionamiento del comercio durante feriados obligatorios e irrenunciables de Navidad y A\u00f1o Nuevo"},"content":{"rendered":"<div class=\"flex_column av_one_full  flex_column_div av-zero-column-padding first  avia-builder-el-0  el_before_av_one_full  avia-builder-el-first  \" style='border-radius:0px; '><div  class='avia-image-container  av-styling-    avia-builder-el-1  avia-builder-el-no-sibling  avia-align-center '  itemprop=\"image\" itemscope=\"itemscope\" itemtype=\"https:\/\/schema.org\/ImageObject\"  ><div class='avia-image-container-inner'><div class='avia-image-overlay-wrap'><img decoding=\"async\" class='wp-image-25841 avia-img-lazy-loading-not-25841 avia_image' src=\"https:\/\/radiorevelacionfm.cl\/wp-content\/uploads\/2022\/12\/FeriadosIrrenunciables_Comercio-2-1-1.jpeg\" alt='' title='FeriadosIrrenunciables_Comercio (2) (1) (1)' height=\"600\" width=\"810\"  itemprop=\"thumbnailUrl\" srcset=\"https:\/\/radiorevelacionfm.cl\/wp-content\/uploads\/2022\/12\/FeriadosIrrenunciables_Comercio-2-1-1.jpeg 810w, https:\/\/radiorevelacionfm.cl\/wp-content\/uploads\/2022\/12\/FeriadosIrrenunciables_Comercio-2-1-1-300x222.jpeg 300w, https:\/\/radiorevelacionfm.cl\/wp-content\/uploads\/2022\/12\/FeriadosIrrenunciables_Comercio-2-1-1-768x569.jpeg 768w, https:\/\/radiorevelacionfm.cl\/wp-content\/uploads\/2022\/12\/FeriadosIrrenunciables_Comercio-2-1-1-705x522.jpeg 705w, https:\/\/radiorevelacionfm.cl\/wp-content\/uploads\/2022\/12\/FeriadosIrrenunciables_Comercio-2-1-1-600x444.jpeg 600w\" sizes=\"(max-width: 810px) 100vw, 810px\" \/><\/div><\/div><\/div><\/div><div class=\"flex_column av_one_full  flex_column_div av-zero-column-padding first  avia-builder-el-2  el_after_av_one_full  el_before_av_one_full  column-top-margin\" style='border-radius:0px; '><section class=\"av_textblock_section \"  itemscope=\"itemscope\" itemtype=\"https:\/\/schema.org\/BlogPosting\" itemprop=\"blogPost\" ><div class='avia_textblock  '   itemprop=\"text\" ><p style=\"text-align: center;\"><strong><span style=\"font-size: 18pt;\">Fiscalizar\u00e1n funcionamiento del comercio durante feriados obligatorios e irrenunciables de Navidad y A\u00f1o Nuevo<\/span><\/strong><\/p>\n<div id=\"gtx-trans\" style=\"position: absolute; left: -50px; top: 4.31534px;\">\n<div class=\"gtx-trans-icon\"><\/div>\n<\/div>\n<\/div><\/section><\/div><\/p>\n<div class=\"flex_column av_one_full  flex_column_div av-zero-column-padding first  avia-builder-el-4  el_after_av_one_full  el_before_av_hr  column-top-margin\" style='border-radius:0px; '><section class=\"av_textblock_section \"  itemscope=\"itemscope\" itemtype=\"https:\/\/schema.org\/BlogPosting\" itemprop=\"blogPost\" ><div class='avia_textblock  '   itemprop=\"text\" ><p class=\"v1MsoNormal\" style=\"text-align: justify;\"><span lang=\"ES\">La Direcci\u00f3n del Trabajo fiscalizar\u00e1 en todo el pa\u00eds el funcionamiento del comercio durante los feriados obligatorios e irrenunciables de Navidad y A\u00f1o Nuevo, 25 de diciembre y 1 de enero, respectivamente.<\/span><\/p>\n<p class=\"v1MsoNormal\" style=\"text-align: justify;\"><span lang=\"ES\">La instituci\u00f3n inform\u00f3 que la fiscalizaci\u00f3n incluir\u00e1 el cierre del comercio en ambos d\u00edas feriados y el descanso alternado cada dos a\u00f1os para aquellos trabajadores y trabajadoras del comercio exceptuados legalmente de este derecho a quienes hubiesen prestado servicios para el mismo empleador en una o ambas fechas del a\u00f1o 2021 (Navidad) y 2022 (A\u00f1o Nuevo).<\/span><\/p>\n<p class=\"v1MsoNormal\" style=\"text-align: justify;\"><span lang=\"ES\"><span class=\"v1gmail_default\">Desde Melinka el<\/span>\u00a0Seremi del Trabajo y Previsi\u00f3n Social, Rodrigo D\u00edaz, hizo un llamado a los empleadores a respetar el descanso obligatorio en el comercio, \u00abEl pr\u00f3ximo 25 de diciembre y 1\u00b0 de enero son Feriados Irrenunciables para el comercio establecido, por lo tanto, les solicitamos a todos los empleadores el m\u00e1ximo apoyo, la mayor cooperaci\u00f3n para no tener que sancionar. La Direcci\u00f3n del Trabajo va a estar fiscalizando esos d\u00edas, as\u00ed es que lo importante en esto, reitero, que todos cooperemos, y podamos disfrutar este feriado con tranquilidad. Los trabajadores deben hacer abandono del trabajo el d\u00eda 24 de diciembre a las 20 horas y el d\u00eda 31 de diciembre, a las 20 horas tambi\u00e9n. Reiteramos, solicitamos la mayor cooperaci\u00f3n para que podamos disfrutar estas fiestas con total tranquilidad\u00bb.<\/span><\/p>\n<p class=\"v1MsoNormal\" style=\"text-align: justify;\"><span lang=\"ES\">Tal como detall\u00f3 el Seremi D\u00edaz de la Regi\u00f3n de Ays\u00e9n, Los trabajadores del comercio tendr\u00e1n que estar fuera de su lugar de trabajo a las 20:00 horas del s\u00e1bado 24 de diciembre y hasta las 06:00 horas del lunes 26 de diciembre, y a las 20:00 horas del s\u00e1bado 31 de diciembre y hasta las 06:00 horas del lunes 2 de enero de 2022.<\/span><\/p>\n<p class=\"v1MsoNormal\" style=\"text-align: justify;\"><span lang=\"ES\">Las denuncias se podr\u00e1n realizar en el sitio web\u00a0<a href=\"http:\/\/www.direcciondeltrabajo.cl\/\" target=\"_blank\" rel=\"noopener noreferrer\">www.direcciondeltrabajo.cl<\/a>\u00a0y en el Centro de Atenci\u00f3n Laboral de la DT, n\u00famero 600 450 4000, en esta segunda alternativa, entre las 09:00 y las 14:00 horas.<\/span><\/p>\n<p class=\"v1MsoNormal\" style=\"text-align: justify;\"><b><u><span lang=\"ES\">Infracciones y multas<\/span><\/u><\/b><\/p>\n<p class=\"v1MsoNormal\" style=\"text-align: justify;\"><span lang=\"ES\">En caso de no cumplir con estos feriados obligatorios e irrenunciables,\u00a0<a name=\"m_-2871427051571991049__Hlk121990575\"><\/a>las infracciones ser\u00e1n sancionadas con multas que van desde las 5 UTM ($305.785 a diciembre de 2022) hasta las 20 UTM ($1.223.140) por cada trabajador afectado por la infracci\u00f3n, considerando el n\u00famero de trabajadores total de la empresa:<\/span><\/p>\n<p class=\"v1MsoNormal\" style=\"text-align: justify;\"><span lang=\"ES\">As\u00ed lo detall\u00f3 el Director regional(s) de la Direcci\u00f3n del trabajo, Christian Aros, Los Empleadores que no otorguen el Feriado Irrenunciable a sus trabajadores, se exponen a multas que van de las 5 a las 20 Unidades Tributarias Mensuales por trabajador que se detecten en infracci\u00f3n, dependiendo del tama\u00f1o de la empresa, adem\u00e1s nuestro servicio estar\u00e1 recibiendo las denuncias que los trabajadores puedan efectuar en\u00a0<\/span><a href=\"http:\/\/www.direcciondeltrabajo.cl\/\" target=\"_blank\" rel=\"noopener noreferrer\"><span lang=\"ES\">www.direcciondeltrabajo.cl<\/span><\/a><span lang=\"ES\">, donde se habilitar\u00e1 un banner para que se efect\u00faen las denuncias respecto de esta materia, los d\u00edas 25 y 1\u00b0 de enero de 2023&#8243;, inform\u00f3.<\/span><span lang=\"ES\">\u00a0<\/span><\/p>\n<p class=\"v1MsoNormal\" style=\"text-align: justify;\"><span lang=\"ES\">\u2022\u00a0\u00a0\u00a0\u00a0\u00a0\u00a0\u00a0\u00a0\u00a0\u00a0\u00a0\u00a0 Microempresa (de 1 a 9 trabajadores): 5 UTM ($305.785) por cada trabajador afectado.<\/span><\/p>\n<p class=\"v1MsoNormal\" style=\"text-align: justify;\"><span lang=\"ES\">\u2022\u00a0\u00a0\u00a0\u00a0\u00a0\u00a0\u00a0\u00a0\u00a0\u00a0\u00a0\u00a0 Peque\u00f1a empresa (de 10 a 49 trabajadores): 5 UTM ($305.785) por cada trabajador afectado.<\/span><\/p>\n<p class=\"v1MsoNormal\" style=\"text-align: justify;\"><span lang=\"ES\">\u2022\u00a0\u00a0\u00a0\u00a0\u00a0\u00a0\u00a0\u00a0\u00a0\u00a0\u00a0\u00a0 Mediana empresa (de 50 a 199 trabajadore): 10 UTM ($611.570) por cada trabajador afectado.<\/span><\/p>\n<p class=\"v1MsoNormal\" style=\"text-align: justify;\"><span lang=\"ES\">\u2022\u00a0\u00a0\u00a0\u00a0\u00a0\u00a0\u00a0\u00a0\u00a0\u00a0\u00a0\u00a0 Gran empresa (de 200 o m\u00e1s trabajadores: 20 UTM ($1.223.140) por cada trabajador afectado.<\/span><\/p>\n<p class=\"v1MsoNormal\" style=\"text-align: justify;\"><span lang=\"ES\">En caso de no cumplir con otorgar el descanso alternado cada dos a\u00f1os a los trabajadores que laboraron en el mismo feriado del a\u00f1o anterior, las infracciones ser\u00e1n sancionadas con multas que van desde las 5 UTM ($305.785 a diciembre de 2022) hasta las 20 UTM ($1.223.140) por cada trabajador afectado por la infracci\u00f3n, considerando el n\u00famero de trabajadores total de la empresa:<\/span><\/p>\n<p class=\"v1MsoNormal\" style=\"text-align: justify;\"><span lang=\"ES\">\u2022\u00a0\u00a0\u00a0\u00a0\u00a0\u00a0\u00a0\u00a0\u00a0\u00a0\u00a0\u00a0 Microempresa (de 1 a 9 trabajadores): 5 UTM ($305.785) por cada trabajador afectado.<\/span><\/p>\n<p class=\"v1MsoNormal\" style=\"text-align: justify;\"><span lang=\"ES\">\u2022\u00a0\u00a0\u00a0\u00a0\u00a0\u00a0\u00a0\u00a0\u00a0\u00a0\u00a0\u00a0 Peque\u00f1a empresa (de 10 a 49 trabajadores): 5 UTM ($305.785) por cada trabajador afectado.<\/span><\/p>\n<p class=\"v1MsoNormal\" style=\"text-align: justify;\"><span lang=\"ES\">\u2022\u00a0\u00a0\u00a0\u00a0\u00a0\u00a0\u00a0\u00a0\u00a0\u00a0\u00a0\u00a0 Mediana empresa (de 50 a 199 trabajadore): 10 UTM ($611.570) por cada trabajador afectado.<\/span><\/p>\n<p class=\"v1MsoNormal\" style=\"text-align: justify;\"><span lang=\"ES\">\u2022\u00a0\u00a0\u00a0\u00a0\u00a0\u00a0\u00a0\u00a0\u00a0\u00a0\u00a0\u00a0 Gran empresa (de 200 o m\u00e1s trabajadores: 20 UTM ($1.223.140) por cada trabajador afectado.<\/span><\/p>\n<p class=\"v1MsoNormal\" style=\"text-align: justify;\"><span lang=\"ES\">Los empleadores sorprendidos en infracci\u00f3n deber\u00e1n cesar las labores de los trabajadores de inmediato, y abandonar su lugar de trabajo, sin perjuicio de curs\u00e1rseles la multa respectiva.<\/span><\/p>\n<p class=\"v1MsoNormal\" style=\"text-align: justify;\"><span lang=\"ES\">Los establecimientos comerciales atendidos por sus propios due\u00f1os y\/o familiares directos pueden abrir, debido a que no existe relaci\u00f3n laboral en este caso.<\/span><\/p>\n<p class=\"v1MsoNormal\" style=\"text-align: justify;\"><span lang=\"ES\">Los montos de las infracciones correspondientes al feriado de 1 de enero de 2023 ser\u00e1n calculados con el valor de la UTM de ese mes.<\/span><span lang=\"ES\">\u00a0<\/span><\/p>\n<p class=\"v1MsoNormal\" style=\"text-align: justify;\"><b><u><span lang=\"ES\">\u00bfQui\u00e9nes son considerados trabajadores del comercio?<\/span><\/u><\/b><\/p>\n<p class=\"v1MsoNormal\" style=\"text-align: justify;\"><span lang=\"ES\">Son considerados como trabajadores del comercio todos aquellos que laboran en un establecimiento de tal naturaleza y cuyas funciones se relacionen con el expendio o venta directa al p\u00fablico de las mercader\u00edas o productos que en ellos se ofrecen.<\/span><\/p>\n<p class=\"v1MsoNormal\" style=\"text-align: justify;\"><span lang=\"ES\">Se except\u00faan aquellos trabajadores del comercio que se desempe\u00f1an en: restaurantes; establecimientos de entretenimiento, tales como cines, espect\u00e1culos en vivo, discotecas, pub, cabaret, clubes; locales comerciales en los aer\u00f3dromos civiles p\u00fablicos y aeropuertos; casinos de juegos y otros lugares de juegos legalmente autorizados; expendio de combustibles, farmacias de urgencia y farmacias que deban cumplir turnos fijados por la autoridad sanitaria. Tambi\u00e9n deben trabajar los dependientes de las llamadas \u00abtiendas de conveniencia\u00bb adosadas a los servicentros si venden alimentos preparados all\u00ed mismo.<\/span><\/p>\n<p class=\"v1MsoNormal\" style=\"text-align: justify;\"><span lang=\"ES\">Como compensaci\u00f3n, desde 2016 est\u00e1 vigente una norma que se\u00f1ala que los trabajadores que est\u00e9n exceptuados del feriado obligatorio e irrenunciable -esta vez del 25 de diciembre y 1 de enero- s\u00ed tendr\u00e1n derecho a tomar descanso a lo menos una vez cada dos a\u00f1os si contin\u00faan contratados por el mismo empleador, pudiendo pactar con \u00e9l la rotaci\u00f3n del personal necesaria para este fin. Por ejemplo, si un trabajador labor\u00f3 el 25 de diciembre del 2021 y\/o el 1 de enero de 2022 y contin\u00faa trabajando para el mismo empleador, esta vez deber\u00e1 descansar.<\/span><\/p>\n<p class=\"v1MsoNormal\" style=\"text-align: justify;\"><span lang=\"ES\">La norma mencionada es la Ley N\u00b0 19.973, art\u00edculo 2, inciso 2\u00b0.<\/span><\/p>\n<p class=\"v1MsoNormal\" style=\"text-align: justify;\"><b><u><span lang=\"ES\">Horarios en d\u00edas previos a Navidad<\/span><\/u><\/b><\/p>\n<p class=\"v1MsoNormal\" style=\"text-align: justify;\"><span lang=\"ES\">La normativa indica que el empleador puede disponer unilateralmente de la prolongaci\u00f3n de la jornada de trabajo de los trabajadores del comercio hasta en dos horas diarias durante 9 de los 15 d\u00edas anteriores al 24 de diciembre.<\/span><\/p>\n<p class=\"v1MsoNormal\" style=\"text-align: justify;\"><span lang=\"ES\">Del 10 al 23 de diciembre ning\u00fan trabajador del comercio deber\u00e1 trabajar m\u00e1s all\u00e1 de las 23 horas. El d\u00eda 24 de diciembre s\u00f3lo podr\u00e1 trabajar hasta las 20:00 horas. Estos l\u00edmites horarios son inamovibles.<\/span><\/p>\n<p class=\"v1MsoNormal\" style=\"text-align: justify;\"><b><u><span lang=\"ES\">Lunes 2 de enero 2022<\/span><\/u><\/b><\/p>\n<p class=\"v1MsoNormal\" style=\"text-align: justify;\"><span lang=\"ES\"><span class=\"v1gmail_default\">El d\u00eda lunes 2 de enero es feriado, pero al ser un feriado com\u00fan, no es obligatorio ni irrenunciable para los trabajadores del sector comercio. Cabe recordar, que los feriados irrenunciables para los trabajadores del comercio son los d\u00edas 1 de enero, 1 de mayo, 18 y 19 de septiembre y para fin de a\u00f1o, el 25 de diciembre.<\/span><\/span><\/p>\n<\/div><\/section><\/div>\n<div  style='height:50px' class='hr hr-invisible   avia-builder-el-6  el_after_av_one_full  el_before_av_social_share '><span class='hr-inner ' ><span class='hr-inner-style'><\/span><\/span><\/div>\n<div  class='av-social-sharing-box  avia-builder-el-7  el_after_av_hr  el_before_av_hr  '><div class='av-share-box'><h5 class='av-share-link-description av-no-toc '>Compartir esta noticia<\/h5><ul class='av-share-box-list noLightbox'><li class='av-share-link av-social-link-facebook' ><a target=\"_blank\" aria-label=\"Compartir en Facebook\" href='https:\/\/www.facebook.com\/sharer.php?u=https:\/\/radiorevelacionfm.cl\/?p=25829&#038;t=Fiscalizar%C3%A1n%20funcionamiento%20del%20comercio%20durante%20feriados%20obligatorios%20e%20irrenunciables%20de%20Navidad%20y%20A%C3%B1o%20Nuevo' aria-hidden='false' data-av_icon='\ue8f3' data-av_iconfont='entypo-fontello' title='' data-avia-related-tooltip='Compartir en Facebook' rel=\"noopener\"><span class='avia_hidden_link_text'>Compartir en Facebook<\/span><\/a><\/li><li class='av-share-link av-social-link-twitter' ><a target=\"_blank\" aria-label=\"Compartir en Twitter\" href='https:\/\/twitter.com\/share?text=Fiscalizar%C3%A1n%20funcionamiento%20del%20comercio%20durante%20feriados%20obligatorios%20e%20irrenunciables%20de%20Navidad%20y%20A%C3%B1o%20Nuevo&#038;url=https:\/\/radiorevelacionfm.cl\/?p=25829' aria-hidden='false' data-av_icon='\ue8f1' data-av_iconfont='entypo-fontello' title='' data-avia-related-tooltip='Compartir en Twitter' rel=\"noopener\"><span class='avia_hidden_link_text'>Compartir en Twitter<\/span><\/a><\/li><li class='av-share-link av-social-link-whatsapp' ><a target=\"_blank\" aria-label=\"Compartir en Whatsapp\" href='https:\/\/api.whatsapp.com\/send?text=https:\/\/radiorevelacionfm.cl\/?p=25829' aria-hidden='false' data-av_icon='\uf232' data-av_iconfont='entypo-fontello' title='' data-avia-related-tooltip='Compartir en Whatsapp' rel=\"noopener\"><span class='avia_hidden_link_text'>Compartir en Whatsapp<\/span><\/a><\/li><li class='av-share-link av-social-link-linkedin' ><a target=\"_blank\" aria-label=\"Compartir en LinkedIn\" href='https:\/\/linkedin.com\/shareArticle?mini=true&#038;title=Fiscalizar%C3%A1n%20funcionamiento%20del%20comercio%20durante%20feriados%20obligatorios%20e%20irrenunciables%20de%20Navidad%20y%20A%C3%B1o%20Nuevo&#038;url=https:\/\/radiorevelacionfm.cl\/?p=25829' aria-hidden='false' data-av_icon='\ue8fc' data-av_iconfont='entypo-fontello' title='' data-avia-related-tooltip='Compartir en LinkedIn' rel=\"noopener\"><span class='avia_hidden_link_text'>Compartir en LinkedIn<\/span><\/a><\/li><li class='av-share-link av-social-link-mail' ><a  aria-label=\"Compartir por correo\" href='mailto:?subject=Fiscalizar%C3%A1n%20funcionamiento%20del%20comercio%20durante%20feriados%20obligatorios%20e%20irrenunciables%20de%20Navidad%20y%20A%C3%B1o%20Nuevo&#038;body=https:\/\/radiorevelacionfm.cl\/?p=25829' aria-hidden='false' data-av_icon='\ue805' data-av_iconfont='entypo-fontello' title='' data-avia-related-tooltip='Compartir por correo'><span class='avia_hidden_link_text'>Compartir por correo<\/span><\/a><\/li><\/ul><\/div><\/div>\n<div  style='height:50px' class='hr hr-invisible   avia-builder-el-8  el_after_av_social_share  el_before_av_comments_list '><span class='hr-inner ' ><span class='hr-inner-style'><\/span><\/span><\/div>\n<div  class='av-buildercomment  av-blog-meta-html-info-disabled av-blog-meta-tag-disabled  '><\/div>\n","protected":false},"excerpt":{"rendered":"","protected":false},"author":1,"featured_media":25841,"comment_status":"open","ping_status":"open","sticky":false,"template":"","format":"standard","meta":{"footnotes":""},"categories":[56],"tags":[],"class_list":["post-25829","post","type-post","status-publish","format-standard","has-post-thumbnail","hentry","category-trabajo"],"jetpack_featured_media_url":"https:\/\/radiorevelacionfm.cl\/wp-content\/uploads\/2022\/12\/FeriadosIrrenunciables_Comercio-2-1-1.jpeg","_links":{"self":[{"href":"https:\/\/radiorevelacionfm.cl\/index.php?rest_route=\/wp\/v2\/posts\/25829","targetHints":{"allow":["GET"]}}],"collection":[{"href":"https:\/\/radiorevelacionfm.cl\/index.php?rest_route=\/wp\/v2\/posts"}],"about":[{"href":"https:\/\/radiorevelacionfm.cl\/index.php?rest_route=\/wp\/v2\/types\/post"}],"author":[{"embeddable":true,"href":"https:\/\/radiorevelacionfm.cl\/index.php?rest_route=\/wp\/v2\/users\/1"}],"replies":[{"embeddable":true,"href":"https:\/\/radiorevelacionfm.cl\/index.php?rest_route=%2Fwp%2Fv2%2Fcomments&post=25829"}],"version-history":[{"count":3,"href":"https:\/\/radiorevelacionfm.cl\/index.php?rest_route=\/wp\/v2\/posts\/25829\/revisions"}],"predecessor-version":[{"id":25840,"href":"https:\/\/radiorevelacionfm.cl\/index.php?rest_route=\/wp\/v2\/posts\/25829\/revisions\/25840"}],"wp:featuredmedia":[{"embeddable":true,"href":"https:\/\/radiorevelacionfm.cl\/index.php?rest_route=\/wp\/v2\/media\/25841"}],"wp:attachment":[{"href":"https:\/\/radiorevelacionfm.cl\/index.php?rest_route=%2Fwp%2Fv2%2Fmedia&parent=25829"}],"wp:term":[{"taxonomy":"category","embeddable":true,"href":"https:\/\/radiorevelacionfm.cl\/index.php?rest_route=%2Fwp%2Fv2%2Fcategories&post=25829"},{"taxonomy":"post_tag","embeddable":true,"href":"https:\/\/radiorevelacionfm.cl\/index.php?rest_route=%2Fwp%2Fv2%2Ftags&post=25829"}],"curies":[{"name":"wp","href":"https:\/\/api.w.org\/{rel}","templated":true}]}}