{"id":25823,"date":"2022-12-22T21:04:31","date_gmt":"2022-12-23T00:04:31","guid":{"rendered":"https:\/\/radiorevelacionfm.cl\/?p=25823"},"modified":"2022-12-22T21:04:31","modified_gmt":"2022-12-23T00:04:31","slug":"barcaza-la-tehuelche-extiende-proceso-de-ajuste-para-restablecimiento-de-operaciones","status":"publish","type":"post","link":"https:\/\/radiorevelacionfm.cl\/?p=25823","title":{"rendered":"Barcaza La Tehuelche extiende proceso de ajuste para restablecimiento de operaciones"},"content":{"rendered":"<div class=\"flex_column av_one_full  flex_column_div av-zero-column-padding first  avia-builder-el-0  el_before_av_one_full  avia-builder-el-first  \" style='border-radius:0px; '><div  class='avia-image-container  av-styling-    avia-builder-el-1  avia-builder-el-no-sibling  avia-align-center '  itemprop=\"image\" itemscope=\"itemscope\" itemtype=\"https:\/\/schema.org\/ImageObject\"  ><div class='avia-image-container-inner'><div class='avia-image-overlay-wrap'><img decoding=\"async\" class='wp-image-25824 avia-img-lazy-loading-not-25824 avia_image' src=\"https:\/\/radiorevelacionfm.cl\/wp-content\/uploads\/2022\/12\/la-tehuelche-2022-12-22-1_optimized-1.jpeg\" alt='' title='la-tehuelche-2022-12-22-(1)_optimized (1)' height=\"853\" width=\"1280\"  itemprop=\"thumbnailUrl\" srcset=\"https:\/\/radiorevelacionfm.cl\/wp-content\/uploads\/2022\/12\/la-tehuelche-2022-12-22-1_optimized-1.jpeg 1280w, https:\/\/radiorevelacionfm.cl\/wp-content\/uploads\/2022\/12\/la-tehuelche-2022-12-22-1_optimized-1-300x200.jpeg 300w, https:\/\/radiorevelacionfm.cl\/wp-content\/uploads\/2022\/12\/la-tehuelche-2022-12-22-1_optimized-1-1030x686.jpeg 1030w, https:\/\/radiorevelacionfm.cl\/wp-content\/uploads\/2022\/12\/la-tehuelche-2022-12-22-1_optimized-1-768x512.jpeg 768w, https:\/\/radiorevelacionfm.cl\/wp-content\/uploads\/2022\/12\/la-tehuelche-2022-12-22-1_optimized-1-705x470.jpeg 705w, https:\/\/radiorevelacionfm.cl\/wp-content\/uploads\/2022\/12\/la-tehuelche-2022-12-22-1_optimized-1-600x400.jpeg 600w\" sizes=\"(max-width: 1280px) 100vw, 1280px\" \/><\/div><\/div><\/div><\/div><div class=\"flex_column av_one_full  flex_column_div av-zero-column-padding first  avia-builder-el-2  el_after_av_one_full  el_before_av_one_full  column-top-margin\" style='border-radius:0px; '><section class=\"av_textblock_section \"  itemscope=\"itemscope\" itemtype=\"https:\/\/schema.org\/BlogPosting\" itemprop=\"blogPost\" ><div class='avia_textblock  '   itemprop=\"text\" ><p style=\"text-align: center;\"><strong><span style=\"font-size: 18pt;\">Barcaza La Tehuelche extiende proceso de ajuste para restablecimiento de operaciones <\/span><\/strong><\/p>\n<div id=\"gtx-trans\" style=\"position: absolute; left: -50px; top: 4.31534px;\">\n<div class=\"gtx-trans-icon\"><\/div>\n<\/div>\n<\/div><\/section><\/div><div class=\"flex_column av_one_full  flex_column_div av-zero-column-padding first  avia-builder-el-4  el_after_av_one_full  el_before_av_hr  column-top-margin\" style='border-radius:0px; '><section class=\"av_textblock_section \"  itemscope=\"itemscope\" itemtype=\"https:\/\/schema.org\/BlogPosting\" itemprop=\"blogPost\" ><div class='avia_textblock  '   itemprop=\"text\" ><p style=\"text-align: justify;\">Observaciones realizadas por la Comisi\u00f3n Local de Inspecci\u00f3n de Naves (CLIN) de la Armada, determinaron que la barcaza La Tehuelche deba permanecer en Puerto Ib\u00e1\u00f1ez, culminando el proceso de ajuste para el restablecimiento de sus operaciones lacustres hacia y desde Chile Chico.<\/p>\n<p style=\"text-align: justify;\">As\u00ed lo informaron la tarde de este jueves el Delegado Presidencial Regional, Rodrigo Araya, acompa\u00f1ado por el Delegado Presidencial Provincial, Daniel Fern\u00e1ndez, y los seremis de Transportes y Telecomunicaciones, Claudia Cantero, y de Obras P\u00fablicas, Patricio Sanhueza, y director regional de Obras Portuarias, \u00c1lvaro D\u00edaz, m\u00e1s equipos t\u00e9cnicos.<\/p>\n<p style=\"text-align: justify;\">\u201cEn los \u00faltimos dos d\u00edas la nave Tehuelche ha iniciado sus pruebas de navegaci\u00f3n en el lago General Carrera, aqu\u00ed en Puerto Ib\u00e1\u00f1ez. Hemos venido hoy d\u00eda para, justamente, ver la evaluaci\u00f3n de la Inspecci\u00f3n Mar\u00edtima y se han levantado observaciones por las cuales todav\u00eda no puede iniciar sus operaciones en el lago, son fallas menores, pero requieren un tiempo para poder ser reparadas\u201d, expres\u00f3 el Delegado.<\/p>\n<p style=\"text-align: justify;\">La seremi Claudia Cantero precis\u00f3 que \u201clos avances han sido bastantes y ya llevamos mucho camino recorrido, por lo tanto, estamos esperando que se pueda cumplir con todas las condiciones de seguridad necesarias para que los viajes sean lo m\u00e1s confortables y seguros para las personas que lo est\u00e1n esperando. La empresa Somarco est\u00e1 haci\u00e9ndose cargo de esta falla, ya que corresponde a ellos tambi\u00e9n repararla y ya se activaron todos los protocolos para poder contar en el menor tiempo posible con esta soluci\u00f3n\u201d.<\/p>\n<p style=\"text-align: justify;\">El seremi Patricio Sanhueza acot\u00f3 que \u201cla empresa Asmar, fue contratada en el mes de julio de este a\u00f1o y a la fecha ha dado cumplimiento cabal a todas las obras contratadas. Son m\u00e1s de 100 sistemas que han sido reparados o mantenidos para completar la carena y hoy d\u00eda tenemos algunas observaciones muy menores que deben ser subsanadas a la brevedad. As\u00ed que hemos estado cumpliendo los tiempos y los plazos. Hoy d\u00eda tuvimos la expectativa de generar el primer viaje para restituir la conectividad, pero debemos esperar para poder hacerlo con la seguridad y el cumplimiento de la normativa que nos exige la autoridad mar\u00edtima\u00bb.<\/p>\n<p style=\"text-align: justify;\">Durante la carena a flote realizada por ASMAR Magallanes contratada por la Direcci\u00f3n de Obras Portuarias, se consideraron 28 partidas relacionadas con mantenciones del sistema el\u00e9ctrico, sistemas de alarma de emergencia, las 4 l\u00edneas de propulsi\u00f3n, 3 generadores el\u00e9ctricos de emergencia, mantenimiento general de motores principales, medici\u00f3n de espesores del casco, sistema de fondeo, mejoramiento del sistema de planta de tratamiento de aguas servidas, pruebas de estanqueidad de v\u00e1lvulas, mejoramiento habitabilidad para la tripulaci\u00f3n y pasajeros, entre otros.<\/p>\n<p style=\"text-align: justify;\">La Tehuelche cumpli\u00f3 exitosamente dos jornadas de pruebas de navegabilidad en el lago General Carrera.<\/p>\n<\/div><\/section><\/div><div  style='height:50px' class='hr hr-invisible   avia-builder-el-6  el_after_av_one_full  el_before_av_social_share '><span class='hr-inner ' ><span class='hr-inner-style'><\/span><\/span><\/div><\/p>\n<div  class='av-social-sharing-box  avia-builder-el-7  el_after_av_hr  el_before_av_hr  '><div class='av-share-box'><h5 class='av-share-link-description av-no-toc '>Compartir esta noticia<\/h5><ul class='av-share-box-list noLightbox'><li class='av-share-link av-social-link-facebook' ><a target=\"_blank\" aria-label=\"Compartir en Facebook\" href='https:\/\/www.facebook.com\/sharer.php?u=https:\/\/radiorevelacionfm.cl\/?p=25823&#038;t=Barcaza%20La%20Tehuelche%20extiende%20proceso%20de%20ajuste%20para%20restablecimiento%20de%20operaciones' aria-hidden='false' data-av_icon='\ue8f3' data-av_iconfont='entypo-fontello' title='' data-avia-related-tooltip='Compartir en Facebook' rel=\"noopener\"><span class='avia_hidden_link_text'>Compartir en Facebook<\/span><\/a><\/li><li class='av-share-link av-social-link-twitter' ><a target=\"_blank\" aria-label=\"Compartir en Twitter\" href='https:\/\/twitter.com\/share?text=Barcaza%20La%20Tehuelche%20extiende%20proceso%20de%20ajuste%20para%20restablecimiento%20de%20operaciones&#038;url=https:\/\/radiorevelacionfm.cl\/?p=25823' aria-hidden='false' data-av_icon='\ue8f1' data-av_iconfont='entypo-fontello' title='' data-avia-related-tooltip='Compartir en Twitter' rel=\"noopener\"><span class='avia_hidden_link_text'>Compartir en Twitter<\/span><\/a><\/li><li class='av-share-link av-social-link-whatsapp' ><a target=\"_blank\" aria-label=\"Compartir en Whatsapp\" href='https:\/\/api.whatsapp.com\/send?text=https:\/\/radiorevelacionfm.cl\/?p=25823' aria-hidden='false' data-av_icon='\uf232' data-av_iconfont='entypo-fontello' title='' data-avia-related-tooltip='Compartir en Whatsapp' rel=\"noopener\"><span class='avia_hidden_link_text'>Compartir en Whatsapp<\/span><\/a><\/li><li class='av-share-link av-social-link-linkedin' ><a target=\"_blank\" aria-label=\"Compartir en LinkedIn\" href='https:\/\/linkedin.com\/shareArticle?mini=true&#038;title=Barcaza%20La%20Tehuelche%20extiende%20proceso%20de%20ajuste%20para%20restablecimiento%20de%20operaciones&#038;url=https:\/\/radiorevelacionfm.cl\/?p=25823' aria-hidden='false' data-av_icon='\ue8fc' data-av_iconfont='entypo-fontello' title='' data-avia-related-tooltip='Compartir en LinkedIn' rel=\"noopener\"><span class='avia_hidden_link_text'>Compartir en LinkedIn<\/span><\/a><\/li><li class='av-share-link av-social-link-mail' ><a  aria-label=\"Compartir por correo\" href='mailto:?subject=Barcaza%20La%20Tehuelche%20extiende%20proceso%20de%20ajuste%20para%20restablecimiento%20de%20operaciones&#038;body=https:\/\/radiorevelacionfm.cl\/?p=25823' aria-hidden='false' data-av_icon='\ue805' data-av_iconfont='entypo-fontello' title='' data-avia-related-tooltip='Compartir por correo'><span class='avia_hidden_link_text'>Compartir por correo<\/span><\/a><\/li><\/ul><\/div><\/div>\n<div  style='height:50px' class='hr hr-invisible   avia-builder-el-8  el_after_av_social_share  el_before_av_comments_list '><span class='hr-inner ' ><span class='hr-inner-style'><\/span><\/span><\/div>\n<div  class='av-buildercomment  av-blog-meta-html-info-disabled av-blog-meta-tag-disabled  '><\/div>\n","protected":false},"excerpt":{"rendered":"","protected":false},"author":1,"featured_media":25824,"comment_status":"open","ping_status":"open","sticky":false,"template":"","format":"standard","meta":{"footnotes":""},"categories":[38],"tags":[],"class_list":["post-25823","post","type-post","status-publish","format-standard","has-post-thumbnail","hentry","category-regional"],"jetpack_featured_media_url":"https:\/\/radiorevelacionfm.cl\/wp-content\/uploads\/2022\/12\/la-tehuelche-2022-12-22-1_optimized-1.jpeg","_links":{"self":[{"href":"https:\/\/radiorevelacionfm.cl\/index.php?rest_route=\/wp\/v2\/posts\/25823","targetHints":{"allow":["GET"]}}],"collection":[{"href":"https:\/\/radiorevelacionfm.cl\/index.php?rest_route=\/wp\/v2\/posts"}],"about":[{"href":"https:\/\/radiorevelacionfm.cl\/index.php?rest_route=\/wp\/v2\/types\/post"}],"author":[{"embeddable":true,"href":"https:\/\/radiorevelacionfm.cl\/index.php?rest_route=\/wp\/v2\/users\/1"}],"replies":[{"embeddable":true,"href":"https:\/\/radiorevelacionfm.cl\/index.php?rest_route=%2Fwp%2Fv2%2Fcomments&post=25823"}],"version-history":[{"count":2,"href":"https:\/\/radiorevelacionfm.cl\/index.php?rest_route=\/wp\/v2\/posts\/25823\/revisions"}],"predecessor-version":[{"id":25826,"href":"https:\/\/radiorevelacionfm.cl\/index.php?rest_route=\/wp\/v2\/posts\/25823\/revisions\/25826"}],"wp:featuredmedia":[{"embeddable":true,"href":"https:\/\/radiorevelacionfm.cl\/index.php?rest_route=\/wp\/v2\/media\/25824"}],"wp:attachment":[{"href":"https:\/\/radiorevelacionfm.cl\/index.php?rest_route=%2Fwp%2Fv2%2Fmedia&parent=25823"}],"wp:term":[{"taxonomy":"category","embeddable":true,"href":"https:\/\/radiorevelacionfm.cl\/index.php?rest_route=%2Fwp%2Fv2%2Fcategories&post=25823"},{"taxonomy":"post_tag","embeddable":true,"href":"https:\/\/radiorevelacionfm.cl\/index.php?rest_route=%2Fwp%2Fv2%2Ftags&post=25823"}],"curies":[{"name":"wp","href":"https:\/\/api.w.org\/{rel}","templated":true}]}}