{"id":25818,"date":"2022-12-22T18:52:18","date_gmt":"2022-12-22T21:52:18","guid":{"rendered":"https:\/\/radiorevelacionfm.cl\/?p=25818"},"modified":"2022-12-22T18:52:18","modified_gmt":"2022-12-22T21:52:18","slug":"ninos-y-ninas-de-la-primera-infancia-exploraron-la-ciencia-en-ocho-comunas-de-la-region-de-aysen","status":"publish","type":"post","link":"https:\/\/radiorevelacionfm.cl\/?p=25818","title":{"rendered":"Ni\u00f1os y ni\u00f1as de la primera infancia exploraron la ciencia en ocho comunas de la regi\u00f3n de Ays\u00e9n"},"content":{"rendered":"<div class=\"flex_column av_one_full  flex_column_div av-zero-column-padding first  avia-builder-el-0  el_before_av_one_full  avia-builder-el-first  \" style='border-radius:0px; '><div  class='avia-image-container  av-styling-    avia-builder-el-1  avia-builder-el-no-sibling  avia-align-center '  itemprop=\"image\" itemscope=\"itemscope\" itemtype=\"https:\/\/schema.org\/ImageObject\"  ><div class='avia-image-container-inner'><div class='avia-image-overlay-wrap'><img decoding=\"async\" class='wp-image-25819 avia-img-lazy-loading-not-25819 avia_image' src=\"https:\/\/radiorevelacionfm.cl\/wp-content\/uploads\/2022\/12\/1-2022-12-22T184941.003-1-1.jpg\" alt='' title='1 - 2022-12-22T184941.003 (1) (1)' height=\"600\" width=\"800\"  itemprop=\"thumbnailUrl\" srcset=\"https:\/\/radiorevelacionfm.cl\/wp-content\/uploads\/2022\/12\/1-2022-12-22T184941.003-1-1.jpg 800w, https:\/\/radiorevelacionfm.cl\/wp-content\/uploads\/2022\/12\/1-2022-12-22T184941.003-1-1-300x225.jpg 300w, https:\/\/radiorevelacionfm.cl\/wp-content\/uploads\/2022\/12\/1-2022-12-22T184941.003-1-1-768x576.jpg 768w, https:\/\/radiorevelacionfm.cl\/wp-content\/uploads\/2022\/12\/1-2022-12-22T184941.003-1-1-705x529.jpg 705w, https:\/\/radiorevelacionfm.cl\/wp-content\/uploads\/2022\/12\/1-2022-12-22T184941.003-1-1-600x450.jpg 600w\" sizes=\"(max-width: 800px) 100vw, 800px\" \/><\/div><\/div><\/div><\/div><div class=\"flex_column av_one_full  flex_column_div av-zero-column-padding first  avia-builder-el-2  el_after_av_one_full  el_before_av_one_full  column-top-margin\" style='border-radius:0px; '><section class=\"av_textblock_section \"  itemscope=\"itemscope\" itemtype=\"https:\/\/schema.org\/BlogPosting\" itemprop=\"blogPost\" ><div class='avia_textblock  '   itemprop=\"text\" ><p style=\"text-align: center;\"><span style=\"font-size: 18pt;\"><strong>Ni\u00f1os y ni\u00f1as de la primera infancia exploraron la ciencia en ocho comunas de la regi\u00f3n de Ays\u00e9n<\/strong><\/span><\/p>\n<div id=\"gtx-trans\" style=\"position: absolute; left: -50px; top: 4.31534px;\">\n<div class=\"gtx-trans-icon\"><\/div>\n<\/div>\n<\/div><\/section><\/div><div class=\"flex_column av_one_full  flex_column_div av-zero-column-padding first  avia-builder-el-4  el_after_av_one_full  el_before_av_hr  column-top-margin\" style='border-radius:0px; '><section class=\"av_textblock_section \"  itemscope=\"itemscope\" itemtype=\"https:\/\/schema.org\/BlogPosting\" itemprop=\"blogPost\" ><div class='avia_textblock  '   itemprop=\"text\" ><p style=\"text-align: justify;\">En el marco de la finalizaci\u00f3n del Programa de Indagaci\u00f3n para Primeras Edades (PIPE) 2022 del Proyecto Explora Ays\u00e9n, se destac\u00f3 el trabajo realizado por educadoras y t\u00e9cnicas en Educaci\u00f3n Parvularia de ocho comunas de la regi\u00f3n, quienes desarrollaron experiencias educativas cient\u00edficas y de indagaci\u00f3n con p\u00e1rvulos para promover las habilidades cient\u00edficas desde la primera infancia.<\/p>\n<p style=\"text-align: justify;\">Se realiz\u00f3 la jornada de cierre del Programa de Indagaci\u00f3n para Primeras Edades (PIPE) 2022, instancia en la cual se destac\u00f3 el trabajo de las educadoras y t\u00e9cnicas en Educaci\u00f3n Parvularia participantes del Programa, qui\u00e9nes durante el segundo semestre implementaron experiencias de indagaci\u00f3n cient\u00edfica con m\u00e1s de 200 p\u00e1rvulos de ocho comunas de la regi\u00f3n de Ays\u00e9n, promoviendo as\u00ed el conocimiento cient\u00edfico desde las primeras edades.<\/p>\n<p style=\"text-align: justify;\">PIPE es una iniciativa impulsada por el Proyecto Explora Ays\u00e9n del Ministerio de Ciencia ejecutada por el Campus Patagonia de la Universidad Austral de Chile, con el objetivo entregar herramientas a equipos educativos y t\u00e9cnicas de Educaci\u00f3n Parvularia para fortalecer las competencias cient\u00edficas y desarrollar en ni\u00f1os y ni\u00f1as las habilidades necesarias para comprender el mundo que les rodea.<\/p>\n<p style=\"text-align: justify;\"><strong>Competencias cient\u00edficas desde la primera infancia<\/strong><\/p>\n<p style=\"text-align: justify;\">A partir de una ruta de experiencias con diferentes etapas y espacios de capacitaci\u00f3n, las participantes de PIPE pudieron compartir experiencias y desarrollar actividades a trav\u00e9s de talleres presenciales guiados por profesionales de diversas \u00e1reas de la ciencia, educaci\u00f3n y medioambiente desde una perspectiva de g\u00e9nero.<\/p>\n<p style=\"text-align: justify;\">\u201cNos entregaron grandes herramientas para desarrollar y estimular el pensamiento cient\u00edfico en las actividades que realizamos. Logramos realizar todo el cuadernillo de actividades, lo cual culmin\u00f3 en una huerta que tenemos hasta hoy. Para las ni\u00f1as y los ni\u00f1os fue muy gratificante poder comprobar lo aprendido a trav\u00e9s de evidencias tangibles y concretas. As\u00ed que agradecemos mucho haber sido parte del\u00a0 Proyecto\u201d, mencion\u00f3 Fernanda Parra, educadora del Jard\u00edn Infantil JUNJI Mart\u00edn Pescador.<\/p>\n<p style=\"text-align: justify;\">Para apoyar la implementaci\u00f3n de las experiencias, el equipo de Explora Ays\u00e9n entreg\u00f3 un kit de materiales y realiz\u00f3 un seguimiento a trav\u00e9s de visitas a los establecimientos educacionales de las participantes para vivenciar las actividades con las ni\u00f1as y ni\u00f1os desde los territorios.<\/p>\n<p style=\"text-align: justify;\">\u201cPara nosotros ha sido una tremenda oportunidad porque nuestros equipos se han capacitado, han experimentado nuevas t\u00e9cnicas y nuevas estrategias metodol\u00f3gicas con los ni\u00f1os y ni\u00f1as. Esto ha tenido un impacto muy positivo, no s\u00f3lo en la formaci\u00f3n de los equipos sino tambi\u00e9n en los jardines infantiles de nuestra Regi\u00f3n\u201d, se\u00f1al\u00f3 Lorena Navarro, coordinadora t\u00e9cnica de Fundaci\u00f3n Integra.<\/p>\n<p style=\"text-align: justify;\">Melissa Zavala, encargada de PIPE en la regi\u00f3n de Ays\u00e9n, concluy\u00f3: \u201cDesde Explora Ays\u00e9n estamos muy felices con esta experiencia. Volver a actividades presenciales nos permiti\u00f3 ver las realidades de los territorios y tambi\u00e9n las diferentes modalidades ya que participaron jardines JUNJI en modalidad alternativa y tradicional, VTF, Integra y colegios, lo que permitir\u00e1 continuar armando una red de cooperaci\u00f3n e intercambio de experiencias en ciencia para primeras edades\u201d.<\/p>\n<\/div><\/section><\/div><div  style='height:50px' class='hr hr-invisible   avia-builder-el-6  el_after_av_one_full  el_before_av_social_share '><span class='hr-inner ' ><span class='hr-inner-style'><\/span><\/span><\/div><\/p>\n<div  class='av-social-sharing-box  avia-builder-el-7  el_after_av_hr  el_before_av_hr  '><div class='av-share-box'><h5 class='av-share-link-description av-no-toc '>Compartir esta noticia<\/h5><ul class='av-share-box-list noLightbox'><li class='av-share-link av-social-link-facebook' ><a target=\"_blank\" aria-label=\"Compartir en Facebook\" href='https:\/\/www.facebook.com\/sharer.php?u=https:\/\/radiorevelacionfm.cl\/?p=25818&#038;t=Ni%C3%B1os%20y%20ni%C3%B1as%20de%20la%20primera%20infancia%20exploraron%20la%20ciencia%20en%20ocho%20comunas%20de%20la%20regi%C3%B3n%20de%20Ays%C3%A9n' aria-hidden='false' data-av_icon='\ue8f3' data-av_iconfont='entypo-fontello' title='' data-avia-related-tooltip='Compartir en Facebook' rel=\"noopener\"><span class='avia_hidden_link_text'>Compartir en Facebook<\/span><\/a><\/li><li class='av-share-link av-social-link-twitter' ><a target=\"_blank\" aria-label=\"Compartir en Twitter\" href='https:\/\/twitter.com\/share?text=Ni%C3%B1os%20y%20ni%C3%B1as%20de%20la%20primera%20infancia%20exploraron%20la%20ciencia%20en%20ocho%20comunas%20de%20la%20regi%C3%B3n%20de%20Ays%C3%A9n&#038;url=https:\/\/radiorevelacionfm.cl\/?p=25818' aria-hidden='false' data-av_icon='\ue8f1' data-av_iconfont='entypo-fontello' title='' data-avia-related-tooltip='Compartir en Twitter' rel=\"noopener\"><span class='avia_hidden_link_text'>Compartir en Twitter<\/span><\/a><\/li><li class='av-share-link av-social-link-whatsapp' ><a target=\"_blank\" aria-label=\"Compartir en Whatsapp\" href='https:\/\/api.whatsapp.com\/send?text=https:\/\/radiorevelacionfm.cl\/?p=25818' aria-hidden='false' data-av_icon='\uf232' data-av_iconfont='entypo-fontello' title='' data-avia-related-tooltip='Compartir en Whatsapp' rel=\"noopener\"><span class='avia_hidden_link_text'>Compartir en Whatsapp<\/span><\/a><\/li><li class='av-share-link av-social-link-linkedin' ><a target=\"_blank\" aria-label=\"Compartir en LinkedIn\" href='https:\/\/linkedin.com\/shareArticle?mini=true&#038;title=Ni%C3%B1os%20y%20ni%C3%B1as%20de%20la%20primera%20infancia%20exploraron%20la%20ciencia%20en%20ocho%20comunas%20de%20la%20regi%C3%B3n%20de%20Ays%C3%A9n&#038;url=https:\/\/radiorevelacionfm.cl\/?p=25818' aria-hidden='false' data-av_icon='\ue8fc' data-av_iconfont='entypo-fontello' title='' data-avia-related-tooltip='Compartir en LinkedIn' rel=\"noopener\"><span class='avia_hidden_link_text'>Compartir en LinkedIn<\/span><\/a><\/li><li class='av-share-link av-social-link-mail' ><a  aria-label=\"Compartir por correo\" href='mailto:?subject=Ni%C3%B1os%20y%20ni%C3%B1as%20de%20la%20primera%20infancia%20exploraron%20la%20ciencia%20en%20ocho%20comunas%20de%20la%20regi%C3%B3n%20de%20Ays%C3%A9n&#038;body=https:\/\/radiorevelacionfm.cl\/?p=25818' aria-hidden='false' data-av_icon='\ue805' data-av_iconfont='entypo-fontello' title='' data-avia-related-tooltip='Compartir por correo'><span class='avia_hidden_link_text'>Compartir por correo<\/span><\/a><\/li><\/ul><\/div><\/div>\n<div  style='height:50px' class='hr hr-invisible   avia-builder-el-8  el_after_av_social_share  el_before_av_comments_list '><span class='hr-inner ' ><span class='hr-inner-style'><\/span><\/span><\/div>\n<div  class='av-buildercomment  av-blog-meta-html-info-disabled av-blog-meta-tag-disabled  '><\/div>\n","protected":false},"excerpt":{"rendered":"","protected":false},"author":1,"featured_media":25819,"comment_status":"open","ping_status":"open","sticky":false,"template":"","format":"standard","meta":{"footnotes":""},"categories":[53],"tags":[],"class_list":["post-25818","post","type-post","status-publish","format-standard","has-post-thumbnail","hentry","category-ciencia"],"jetpack_featured_media_url":"https:\/\/radiorevelacionfm.cl\/wp-content\/uploads\/2022\/12\/1-2022-12-22T184941.003-1-1.jpg","_links":{"self":[{"href":"https:\/\/radiorevelacionfm.cl\/index.php?rest_route=\/wp\/v2\/posts\/25818","targetHints":{"allow":["GET"]}}],"collection":[{"href":"https:\/\/radiorevelacionfm.cl\/index.php?rest_route=\/wp\/v2\/posts"}],"about":[{"href":"https:\/\/radiorevelacionfm.cl\/index.php?rest_route=\/wp\/v2\/types\/post"}],"author":[{"embeddable":true,"href":"https:\/\/radiorevelacionfm.cl\/index.php?rest_route=\/wp\/v2\/users\/1"}],"replies":[{"embeddable":true,"href":"https:\/\/radiorevelacionfm.cl\/index.php?rest_route=%2Fwp%2Fv2%2Fcomments&post=25818"}],"version-history":[{"count":2,"href":"https:\/\/radiorevelacionfm.cl\/index.php?rest_route=\/wp\/v2\/posts\/25818\/revisions"}],"predecessor-version":[{"id":25821,"href":"https:\/\/radiorevelacionfm.cl\/index.php?rest_route=\/wp\/v2\/posts\/25818\/revisions\/25821"}],"wp:featuredmedia":[{"embeddable":true,"href":"https:\/\/radiorevelacionfm.cl\/index.php?rest_route=\/wp\/v2\/media\/25819"}],"wp:attachment":[{"href":"https:\/\/radiorevelacionfm.cl\/index.php?rest_route=%2Fwp%2Fv2%2Fmedia&parent=25818"}],"wp:term":[{"taxonomy":"category","embeddable":true,"href":"https:\/\/radiorevelacionfm.cl\/index.php?rest_route=%2Fwp%2Fv2%2Fcategories&post=25818"},{"taxonomy":"post_tag","embeddable":true,"href":"https:\/\/radiorevelacionfm.cl\/index.php?rest_route=%2Fwp%2Fv2%2Ftags&post=25818"}],"curies":[{"name":"wp","href":"https:\/\/api.w.org\/{rel}","templated":true}]}}