{"id":25813,"date":"2022-12-22T18:08:42","date_gmt":"2022-12-22T21:08:42","guid":{"rendered":"https:\/\/radiorevelacionfm.cl\/?p=25813"},"modified":"2022-12-22T18:08:42","modified_gmt":"2022-12-22T21:08:42","slug":"cft-estatal-de-aysen-y-empresas-bahamonde-firman-convenio-de-colaboracion","status":"publish","type":"post","link":"https:\/\/radiorevelacionfm.cl\/?p=25813","title":{"rendered":"CFT Estatal de Ays\u00e9n y Empresas Bahamonde firman convenio de colaboraci\u00f3n"},"content":{"rendered":"<div class=\"flex_column av_one_full  flex_column_div av-zero-column-padding first  avia-builder-el-0  el_before_av_one_full  avia-builder-el-first  \" style='border-radius:0px; '><div  class='avia-image-container  av-styling-    avia-builder-el-1  avia-builder-el-no-sibling  avia-align-center '  itemprop=\"image\" itemscope=\"itemscope\" itemtype=\"https:\/\/schema.org\/ImageObject\"  ><div class='avia-image-container-inner'><div class='avia-image-overlay-wrap'><img decoding=\"async\" class='wp-image-25814 avia-img-lazy-loading-not-25814 avia_image' src=\"https:\/\/radiorevelacionfm.cl\/wp-content\/uploads\/2022\/12\/CONVENIO-CFT-BAHAMONDE-1-1-1.jpg\" alt='' title='CONVENIO CFT BAHAMONDE 1 (1) (1)' height=\"600\" width=\"1067\"  itemprop=\"thumbnailUrl\" srcset=\"https:\/\/radiorevelacionfm.cl\/wp-content\/uploads\/2022\/12\/CONVENIO-CFT-BAHAMONDE-1-1-1.jpg 1067w, https:\/\/radiorevelacionfm.cl\/wp-content\/uploads\/2022\/12\/CONVENIO-CFT-BAHAMONDE-1-1-1-300x169.jpg 300w, https:\/\/radiorevelacionfm.cl\/wp-content\/uploads\/2022\/12\/CONVENIO-CFT-BAHAMONDE-1-1-1-1030x579.jpg 1030w, https:\/\/radiorevelacionfm.cl\/wp-content\/uploads\/2022\/12\/CONVENIO-CFT-BAHAMONDE-1-1-1-768x432.jpg 768w, https:\/\/radiorevelacionfm.cl\/wp-content\/uploads\/2022\/12\/CONVENIO-CFT-BAHAMONDE-1-1-1-705x396.jpg 705w, https:\/\/radiorevelacionfm.cl\/wp-content\/uploads\/2022\/12\/CONVENIO-CFT-BAHAMONDE-1-1-1-600x337.jpg 600w\" sizes=\"(max-width: 1067px) 100vw, 1067px\" \/><\/div><\/div><\/div><\/div><div class=\"flex_column av_one_full  flex_column_div av-zero-column-padding first  avia-builder-el-2  el_after_av_one_full  el_before_av_one_full  column-top-margin\" style='border-radius:0px; '><section class=\"av_textblock_section \"  itemscope=\"itemscope\" itemtype=\"https:\/\/schema.org\/BlogPosting\" itemprop=\"blogPost\" ><div class='avia_textblock  '   itemprop=\"text\" ><p style=\"text-align: center;\"><strong><span style=\"font-size: 18pt;\">CFT Estatal de Ays\u00e9n y Empresas Bahamonde firman convenio de colaboraci\u00f3n<\/span><\/strong><\/p>\n<div id=\"gtx-trans\" style=\"position: absolute; left: -50px; top: 4.31534px;\">\n<div class=\"gtx-trans-icon\"><\/div>\n<\/div>\n<\/div><\/section><\/div><div class=\"flex_column av_one_full  flex_column_div av-zero-column-padding first  avia-builder-el-4  el_after_av_one_full  el_before_av_hr  column-top-margin\" style='border-radius:0px; '><section class=\"av_textblock_section \"  itemscope=\"itemscope\" itemtype=\"https:\/\/schema.org\/BlogPosting\" itemprop=\"blogPost\" ><div class='avia_textblock  '   itemprop=\"text\" ><p style=\"text-align: justify;\">Previo a esta instancia, ya existe un trabajo entre ambas instituciones, que han buscado entregar espacios de conocimientos a los alumnos y alumnas del Centro de Formaci\u00f3n, como as\u00ed tambi\u00e9n, la posibilidad de interactuar con el equipo de profesionales de Empresas Bahamonde.<\/p>\n<p style=\"text-align: justify;\">En dependencias del audit\u00f3rium del Liceo Polit\u00e9cnico, el CFT Estatal de Ays\u00e9n, representado por su Rector V\u00edctor Hugo \u00c1lvarez y Empresas Bahamonde a trav\u00e9s de su propietario y gerente general Alejandro Bahamonde, firmaron un convenio de colaboraci\u00f3n, que viene a fortalecer los lazos ya establecidos previamente.<\/p>\n<p style=\"text-align: justify;\">\u201cNosotros ya hemos venido trabajando con Empresas Bahamonde, esta es una empresa local, Alejandro est\u00e1 muy involucrado, muy preocupado por el tema medioambiental, realmente la tecnolog\u00eda que est\u00e1 incorporando a su empresa yo dir\u00eda que es de car\u00e1cter mundial. Nosotros tenemos como principio val\u00f3rico trabajar con el cuidado al medioambiente, nuestros estudiantes ya han ido a visitar la planta, los hemos incentivado a que trabajen con Empresas Bahamonde, Alejandro ha sido muy abierto y llano a que su equipo t\u00e9cnico de ingenieros est\u00e9 trabajando con nuestros estudiantes. Con esta firma de convenio, ya comienza una relaci\u00f3n mucho m\u00e1s estrecha con la empresa y con el principio val\u00f3rico que nos rige en torno al cuidado al medioambiente, por tanto, la relaci\u00f3n que tenemos que mantener con Alejandro y su empresa, debe ser muy cercana\u201d, se\u00f1al\u00f3 el Rector del CFT Estatal de Ays\u00e9n, V\u00edctor Hugo \u00c1lvarez.<\/p>\n<p style=\"text-align: justify;\">Por su parte, quien colabor\u00f3 en las gestiones y primeras acciones en conjunto a Empresas Bahamonde, Christopher Contreras, director acad\u00e9mico del Centro de Formaci\u00f3n T\u00e9cnica, manifest\u00f3 que, \u201csi bien es cierto, firmamos hoy el convenio de colaboraci\u00f3n entre ambas instituciones, ya hemos realizado algunas actividades bien espec\u00edficas, como un curso de compostaje con nuestros estudiantes y estamos en conversaciones para diversas actividades relacionadas con lo que refiere al cuidado al medioambiente que conlleva varios puntos de encuentro. Nuestro CFT apunta en nuestro proyecto de desarrollo institucional a realizar actividades que efectivamente resguarden y cuiden el medioambiente, con el fin de generar una cultura interna y externa, lo que se hace vida con este tipo de convenios con Empresas Bahamonde, que tiene mucha tradici\u00f3n en esta materia\u201d.<\/p>\n<p style=\"text-align: justify;\">Empresas Bahamonde ha estado trabajando bastante en base a un sentido social, pero tambi\u00e9n en la idea de mantener un trabajo con entidades que, en este caso, formen a los nuevos profesionales del territorio, como es el caso del Centro de Formaci\u00f3n T\u00e9cnica, enfatiz\u00f3 Alejandro Bahamonde, propietario y gerente general de la entidad privada que suscribi\u00f3 el convenio.<\/p>\n<p style=\"text-align: justify;\">\u201cAcabamos de firmar un convenio con el Centro de Formaci\u00f3n T\u00e9cnica, que era otro paso que buscamos lograr como empresa, porque est\u00e1bamos trabajando m\u00e1s un sentido social con la comunidad de Ays\u00e9n, ahora, con los estudiantes del CFT. Todos sabemos que muchos j\u00f3venes tienen otra alternativa de estudio y yo s\u00e9 que van a quedar, por ello, nosotros como empresa queremos aportar para que ese joven se quede ac\u00e1 y aportar a una mejor educaci\u00f3n para ellos. Ya hemos hecho algunos cursos de compostaje donde participaron alrededor de 10 alumnos del CFT, el pr\u00f3ximo a\u00f1o tenemos m\u00e1s cursos de compostaje para los alumnos que est\u00e9n interesados y otras capacitaciones con el tema del reciclaje. Adem\u00e1s, la disposici\u00f3n de todos los profesionales que trabajan en la empresa para capacitaciones, charlas, seminarios y como dice el Rector del CFT que tienen un sentido medioambiental y como nosotros estamos relacionados al medioambiente, consideramos que hemos firmado una gran alianza\u201d.<\/p>\n<p style=\"text-align: justify;\">A trav\u00e9s de este convenio de colaboraci\u00f3n, se fijan las bases de un trabajo mancomunado en bien de la educaci\u00f3n y el cuidado al medioambiente, destacaron desde Empresas Bahamonde y el CFT Estatal de Ays\u00e9n.<\/p>\n<\/div><\/section><\/div><div  style='height:50px' class='hr hr-invisible   avia-builder-el-6  el_after_av_one_full  el_before_av_social_share '><span class='hr-inner ' ><span class='hr-inner-style'><\/span><\/span><\/div><\/p>\n<div  class='av-social-sharing-box  avia-builder-el-7  el_after_av_hr  el_before_av_hr  '><div class='av-share-box'><h5 class='av-share-link-description av-no-toc '>Compartir esta noticia<\/h5><ul class='av-share-box-list noLightbox'><li class='av-share-link av-social-link-facebook' ><a target=\"_blank\" aria-label=\"Compartir en Facebook\" href='https:\/\/www.facebook.com\/sharer.php?u=https:\/\/radiorevelacionfm.cl\/?p=25813&#038;t=CFT%20Estatal%20de%20Ays%C3%A9n%20y%20Empresas%20Bahamonde%20firman%20convenio%20de%20colaboraci%C3%B3n' aria-hidden='false' data-av_icon='\ue8f3' data-av_iconfont='entypo-fontello' title='' data-avia-related-tooltip='Compartir en Facebook' rel=\"noopener\"><span class='avia_hidden_link_text'>Compartir en Facebook<\/span><\/a><\/li><li class='av-share-link av-social-link-twitter' ><a target=\"_blank\" aria-label=\"Compartir en Twitter\" href='https:\/\/twitter.com\/share?text=CFT%20Estatal%20de%20Ays%C3%A9n%20y%20Empresas%20Bahamonde%20firman%20convenio%20de%20colaboraci%C3%B3n&#038;url=https:\/\/radiorevelacionfm.cl\/?p=25813' aria-hidden='false' data-av_icon='\ue8f1' data-av_iconfont='entypo-fontello' title='' data-avia-related-tooltip='Compartir en Twitter' rel=\"noopener\"><span class='avia_hidden_link_text'>Compartir en Twitter<\/span><\/a><\/li><li class='av-share-link av-social-link-whatsapp' ><a target=\"_blank\" aria-label=\"Compartir en Whatsapp\" href='https:\/\/api.whatsapp.com\/send?text=https:\/\/radiorevelacionfm.cl\/?p=25813' aria-hidden='false' data-av_icon='\uf232' data-av_iconfont='entypo-fontello' title='' data-avia-related-tooltip='Compartir en Whatsapp' rel=\"noopener\"><span class='avia_hidden_link_text'>Compartir en Whatsapp<\/span><\/a><\/li><li class='av-share-link av-social-link-linkedin' ><a target=\"_blank\" aria-label=\"Compartir en LinkedIn\" href='https:\/\/linkedin.com\/shareArticle?mini=true&#038;title=CFT%20Estatal%20de%20Ays%C3%A9n%20y%20Empresas%20Bahamonde%20firman%20convenio%20de%20colaboraci%C3%B3n&#038;url=https:\/\/radiorevelacionfm.cl\/?p=25813' aria-hidden='false' data-av_icon='\ue8fc' data-av_iconfont='entypo-fontello' title='' data-avia-related-tooltip='Compartir en LinkedIn' rel=\"noopener\"><span class='avia_hidden_link_text'>Compartir en LinkedIn<\/span><\/a><\/li><li class='av-share-link av-social-link-mail' ><a  aria-label=\"Compartir por correo\" href='mailto:?subject=CFT%20Estatal%20de%20Ays%C3%A9n%20y%20Empresas%20Bahamonde%20firman%20convenio%20de%20colaboraci%C3%B3n&#038;body=https:\/\/radiorevelacionfm.cl\/?p=25813' aria-hidden='false' data-av_icon='\ue805' data-av_iconfont='entypo-fontello' title='' data-avia-related-tooltip='Compartir por correo'><span class='avia_hidden_link_text'>Compartir por correo<\/span><\/a><\/li><\/ul><\/div><\/div>\n<div  style='height:50px' class='hr hr-invisible   avia-builder-el-8  el_after_av_social_share  el_before_av_comments_list '><span class='hr-inner ' ><span class='hr-inner-style'><\/span><\/span><\/div>\n<div  class='av-buildercomment  av-blog-meta-html-info-disabled av-blog-meta-tag-disabled  '><\/div>\n","protected":false},"excerpt":{"rendered":"","protected":false},"author":1,"featured_media":25814,"comment_status":"open","ping_status":"open","sticky":false,"template":"","format":"standard","meta":{"footnotes":""},"categories":[49],"tags":[],"class_list":["post-25813","post","type-post","status-publish","format-standard","has-post-thumbnail","hentry","category-educacion"],"jetpack_featured_media_url":"https:\/\/radiorevelacionfm.cl\/wp-content\/uploads\/2022\/12\/CONVENIO-CFT-BAHAMONDE-1-1-1.jpg","_links":{"self":[{"href":"https:\/\/radiorevelacionfm.cl\/index.php?rest_route=\/wp\/v2\/posts\/25813","targetHints":{"allow":["GET"]}}],"collection":[{"href":"https:\/\/radiorevelacionfm.cl\/index.php?rest_route=\/wp\/v2\/posts"}],"about":[{"href":"https:\/\/radiorevelacionfm.cl\/index.php?rest_route=\/wp\/v2\/types\/post"}],"author":[{"embeddable":true,"href":"https:\/\/radiorevelacionfm.cl\/index.php?rest_route=\/wp\/v2\/users\/1"}],"replies":[{"embeddable":true,"href":"https:\/\/radiorevelacionfm.cl\/index.php?rest_route=%2Fwp%2Fv2%2Fcomments&post=25813"}],"version-history":[{"count":2,"href":"https:\/\/radiorevelacionfm.cl\/index.php?rest_route=\/wp\/v2\/posts\/25813\/revisions"}],"predecessor-version":[{"id":25817,"href":"https:\/\/radiorevelacionfm.cl\/index.php?rest_route=\/wp\/v2\/posts\/25813\/revisions\/25817"}],"wp:featuredmedia":[{"embeddable":true,"href":"https:\/\/radiorevelacionfm.cl\/index.php?rest_route=\/wp\/v2\/media\/25814"}],"wp:attachment":[{"href":"https:\/\/radiorevelacionfm.cl\/index.php?rest_route=%2Fwp%2Fv2%2Fmedia&parent=25813"}],"wp:term":[{"taxonomy":"category","embeddable":true,"href":"https:\/\/radiorevelacionfm.cl\/index.php?rest_route=%2Fwp%2Fv2%2Fcategories&post=25813"},{"taxonomy":"post_tag","embeddable":true,"href":"https:\/\/radiorevelacionfm.cl\/index.php?rest_route=%2Fwp%2Fv2%2Ftags&post=25813"}],"curies":[{"name":"wp","href":"https:\/\/api.w.org\/{rel}","templated":true}]}}