{"id":25809,"date":"2022-12-22T16:46:03","date_gmt":"2022-12-22T19:46:03","guid":{"rendered":"https:\/\/radiorevelacionfm.cl\/?p=25809"},"modified":"2022-12-22T16:46:03","modified_gmt":"2022-12-22T19:46:03","slug":"senador-sandoval-se-reunio-con-vecinos-de-la-junta-en-reciente-visita-a-la-zona-norte-de-la-region","status":"publish","type":"post","link":"https:\/\/radiorevelacionfm.cl\/?p=25809","title":{"rendered":"Senador Sandoval se reuni\u00f3 con vecinos de La Junta en reciente visita a la zona norte de la regi\u00f3n"},"content":{"rendered":"<div class=\"flex_column av_one_full  flex_column_div av-zero-column-padding first  avia-builder-el-0  el_before_av_one_full  avia-builder-el-first  \" style='border-radius:0px; '><div  class='avia-image-container  av-styling-    avia-builder-el-1  avia-builder-el-no-sibling  avia-align-center '  itemprop=\"image\" itemscope=\"itemscope\" itemtype=\"https:\/\/schema.org\/ImageObject\"  ><div class='avia-image-container-inner'><div class='avia-image-overlay-wrap'><img decoding=\"async\" class='wp-image-25810 avia-img-lazy-loading-not-25810 avia_image' src=\"https:\/\/radiorevelacionfm.cl\/wp-content\/uploads\/2022\/12\/visita-la-junta-2-1_optimized.jpg\" alt='' title='visita-la-junta-2-(1)_optimized' height=\"600\" width=\"1067\"  itemprop=\"thumbnailUrl\" srcset=\"https:\/\/radiorevelacionfm.cl\/wp-content\/uploads\/2022\/12\/visita-la-junta-2-1_optimized.jpg 1067w, https:\/\/radiorevelacionfm.cl\/wp-content\/uploads\/2022\/12\/visita-la-junta-2-1_optimized-300x169.jpg 300w, https:\/\/radiorevelacionfm.cl\/wp-content\/uploads\/2022\/12\/visita-la-junta-2-1_optimized-1030x579.jpg 1030w, https:\/\/radiorevelacionfm.cl\/wp-content\/uploads\/2022\/12\/visita-la-junta-2-1_optimized-768x432.jpg 768w, https:\/\/radiorevelacionfm.cl\/wp-content\/uploads\/2022\/12\/visita-la-junta-2-1_optimized-705x396.jpg 705w, https:\/\/radiorevelacionfm.cl\/wp-content\/uploads\/2022\/12\/visita-la-junta-2-1_optimized-600x337.jpg 600w\" sizes=\"(max-width: 1067px) 100vw, 1067px\" \/><\/div><\/div><\/div><\/div><div class=\"flex_column av_one_full  flex_column_div av-zero-column-padding first  avia-builder-el-2  el_after_av_one_full  el_before_av_one_full  column-top-margin\" style='border-radius:0px; '><section class=\"av_textblock_section \"  itemscope=\"itemscope\" itemtype=\"https:\/\/schema.org\/BlogPosting\" itemprop=\"blogPost\" ><div class='avia_textblock  '   itemprop=\"text\" ><p style=\"text-align: center;\"><span style=\"font-size: 18pt;\"><strong>Senador Sandoval se reuni\u00f3 con vecinos de La Junta en reciente visita a la zona norte de la regi\u00f3n<\/strong><\/span><\/p>\n<div id=\"gtx-trans\" style=\"position: absolute; left: -50px; top: 4.31534px;\">\n<div class=\"gtx-trans-icon\"><\/div>\n<\/div>\n<\/div><\/section><\/div><div class=\"flex_column av_one_full  flex_column_div av-zero-column-padding first  avia-builder-el-4  el_after_av_one_full  el_before_av_hr  column-top-margin\" style='border-radius:0px; '><section class=\"av_textblock_section \"  itemscope=\"itemscope\" itemtype=\"https:\/\/schema.org\/BlogPosting\" itemprop=\"blogPost\" ><div class='avia_textblock  '   itemprop=\"text\" ><p style=\"text-align: justify;\">Parlamentario destac\u00f3 el trabajo que se est\u00e1 realizando para concretar el sue\u00f1o de la casa propia del comit\u00e9 El Encuentro, as\u00ed como tambi\u00e9n manifest\u00f3 su preocupaci\u00f3n por la atenci\u00f3n en el CESFAM de dicha localidad.<\/p>\n<p style=\"text-align: justify;\">Una reuni\u00f3n con dirigentes y vecinos de La Junta, sostuvo el senador David Sandoval en una reciente visita que realiz\u00f3 a la zona norte de la regi\u00f3n de Ays\u00e9n.<\/p>\n<p style=\"text-align: justify;\">En la oportunidad, el parlamentario dialog\u00f3 con integrantes del comit\u00e9 El Encuentro, quienes por mucho tiempo han realizado gestiones para poder contar con su casa propia, al igual que otros comit\u00e9s de Puyuhuapi y Puerto Cines. \u201cUna positiva reuni\u00f3n tuvimos en La Junta, donde destaco el trabajo y compromiso del municipio de Cisnes, por su dedicaci\u00f3n en el dise\u00f1o de los proyectos t\u00e9cnicos de esta localidad, as\u00ed como de Puyuhuapi y el propio Puerto Cisnes, y tambi\u00e9n reconocer el compromiso que asumi\u00f3 el ministro Montes, para apoyar con las demandas de la comunidad para avanzar en el sue\u00f1o de la casa propia\u201d, explic\u00f3.<\/p>\n<p style=\"text-align: justify;\">En ese sentido, Sandoval dijo que \u201cel proyecto fue postulado, por lo tanto fue una reuni\u00f3n de bastante camarader\u00eda donde la gente estaba bastante contenta por el resultado\u201d.<\/p>\n<p style=\"text-align: justify;\">Otro de los temas que abord\u00f3 durante la visita fue el funcionamiento del CESFAM ubicado en la localidad, se\u00f1alando su preocupaci\u00f3n por la dotaci\u00f3n profesional existente en el recinto. \u201cEs una gran infraestructura para atender los temas de salud, pero la comunidad plante\u00f3 un tema no menor. Hay una asignaci\u00f3n de cinco a seis m\u00e9dicos, pero hay muchos problemas por la rotaci\u00f3n y ausencia de profesionales. Y La Junta tiene un \u00e1rea bastante amplia de jurisdicci\u00f3n en el \u00e1mbito de la salud, pues abarca tambi\u00e9n Puyuhuapi, Puerto Ra\u00fal Mar\u00edn Balmaceda e incluso el propio Lago Verde\u201d, puntualiz\u00f3.<\/p>\n<p style=\"text-align: justify;\">En ese contexto, el legislador envi\u00f3 en los \u00faltimos d\u00edas un oficio al Servicio de Salud Ays\u00e9n (SSA), a fin de verificar este tema, as\u00ed como otras materias vinculadas al establecimiento y que han causado inquietud en la comunidad de La Junta. \u201cVamos a presentar los antecedentes, pues esto afecta la calidad de la salud y la atenci\u00f3n de la propia poblaci\u00f3n\u201d, concluy\u00f3.<\/p>\n<\/div><\/section><\/div><div  style='height:50px' class='hr hr-invisible   avia-builder-el-6  el_after_av_one_full  el_before_av_social_share '><span class='hr-inner ' ><span class='hr-inner-style'><\/span><\/span><\/div><\/p>\n<div  class='av-social-sharing-box  avia-builder-el-7  el_after_av_hr  el_before_av_hr  '><div class='av-share-box'><h5 class='av-share-link-description av-no-toc '>Compartir esta noticia<\/h5><ul class='av-share-box-list noLightbox'><li class='av-share-link av-social-link-facebook' ><a target=\"_blank\" aria-label=\"Compartir en Facebook\" href='https:\/\/www.facebook.com\/sharer.php?u=https:\/\/radiorevelacionfm.cl\/?p=25809&#038;t=Senador%20Sandoval%20se%20reuni%C3%B3%20con%20vecinos%20de%20La%20Junta%20en%20reciente%20visita%20a%20la%20zona%20norte%20de%20la%20regi%C3%B3n' aria-hidden='false' data-av_icon='\ue8f3' data-av_iconfont='entypo-fontello' title='' data-avia-related-tooltip='Compartir en Facebook' rel=\"noopener\"><span class='avia_hidden_link_text'>Compartir en Facebook<\/span><\/a><\/li><li class='av-share-link av-social-link-twitter' ><a target=\"_blank\" aria-label=\"Compartir en Twitter\" href='https:\/\/twitter.com\/share?text=Senador%20Sandoval%20se%20reuni%C3%B3%20con%20vecinos%20de%20La%20Junta%20en%20reciente%20visita%20a%20la%20zona%20norte%20de%20la%20regi%C3%B3n&#038;url=https:\/\/radiorevelacionfm.cl\/?p=25809' aria-hidden='false' data-av_icon='\ue8f1' data-av_iconfont='entypo-fontello' title='' data-avia-related-tooltip='Compartir en Twitter' rel=\"noopener\"><span class='avia_hidden_link_text'>Compartir en Twitter<\/span><\/a><\/li><li class='av-share-link av-social-link-whatsapp' ><a target=\"_blank\" aria-label=\"Compartir en Whatsapp\" href='https:\/\/api.whatsapp.com\/send?text=https:\/\/radiorevelacionfm.cl\/?p=25809' aria-hidden='false' data-av_icon='\uf232' data-av_iconfont='entypo-fontello' title='' data-avia-related-tooltip='Compartir en Whatsapp' rel=\"noopener\"><span class='avia_hidden_link_text'>Compartir en Whatsapp<\/span><\/a><\/li><li class='av-share-link av-social-link-linkedin' ><a target=\"_blank\" aria-label=\"Compartir en LinkedIn\" href='https:\/\/linkedin.com\/shareArticle?mini=true&#038;title=Senador%20Sandoval%20se%20reuni%C3%B3%20con%20vecinos%20de%20La%20Junta%20en%20reciente%20visita%20a%20la%20zona%20norte%20de%20la%20regi%C3%B3n&#038;url=https:\/\/radiorevelacionfm.cl\/?p=25809' aria-hidden='false' data-av_icon='\ue8fc' data-av_iconfont='entypo-fontello' title='' data-avia-related-tooltip='Compartir en LinkedIn' rel=\"noopener\"><span class='avia_hidden_link_text'>Compartir en LinkedIn<\/span><\/a><\/li><li class='av-share-link av-social-link-mail' ><a  aria-label=\"Compartir por correo\" href='mailto:?subject=Senador%20Sandoval%20se%20reuni%C3%B3%20con%20vecinos%20de%20La%20Junta%20en%20reciente%20visita%20a%20la%20zona%20norte%20de%20la%20regi%C3%B3n&#038;body=https:\/\/radiorevelacionfm.cl\/?p=25809' aria-hidden='false' data-av_icon='\ue805' data-av_iconfont='entypo-fontello' title='' data-avia-related-tooltip='Compartir por correo'><span class='avia_hidden_link_text'>Compartir por correo<\/span><\/a><\/li><\/ul><\/div><\/div>\n<div  style='height:50px' class='hr hr-invisible   avia-builder-el-8  el_after_av_social_share  el_before_av_comments_list '><span class='hr-inner ' ><span class='hr-inner-style'><\/span><\/span><\/div>\n<div  class='av-buildercomment  av-blog-meta-html-info-disabled av-blog-meta-tag-disabled  '><\/div>\n","protected":false},"excerpt":{"rendered":"","protected":false},"author":1,"featured_media":25810,"comment_status":"open","ping_status":"open","sticky":false,"template":"","format":"standard","meta":{"footnotes":""},"categories":[35],"tags":[],"class_list":["post-25809","post","type-post","status-publish","format-standard","has-post-thumbnail","hentry","category-politica"],"jetpack_featured_media_url":"https:\/\/radiorevelacionfm.cl\/wp-content\/uploads\/2022\/12\/visita-la-junta-2-1_optimized.jpg","_links":{"self":[{"href":"https:\/\/radiorevelacionfm.cl\/index.php?rest_route=\/wp\/v2\/posts\/25809","targetHints":{"allow":["GET"]}}],"collection":[{"href":"https:\/\/radiorevelacionfm.cl\/index.php?rest_route=\/wp\/v2\/posts"}],"about":[{"href":"https:\/\/radiorevelacionfm.cl\/index.php?rest_route=\/wp\/v2\/types\/post"}],"author":[{"embeddable":true,"href":"https:\/\/radiorevelacionfm.cl\/index.php?rest_route=\/wp\/v2\/users\/1"}],"replies":[{"embeddable":true,"href":"https:\/\/radiorevelacionfm.cl\/index.php?rest_route=%2Fwp%2Fv2%2Fcomments&post=25809"}],"version-history":[{"count":2,"href":"https:\/\/radiorevelacionfm.cl\/index.php?rest_route=\/wp\/v2\/posts\/25809\/revisions"}],"predecessor-version":[{"id":25816,"href":"https:\/\/radiorevelacionfm.cl\/index.php?rest_route=\/wp\/v2\/posts\/25809\/revisions\/25816"}],"wp:featuredmedia":[{"embeddable":true,"href":"https:\/\/radiorevelacionfm.cl\/index.php?rest_route=\/wp\/v2\/media\/25810"}],"wp:attachment":[{"href":"https:\/\/radiorevelacionfm.cl\/index.php?rest_route=%2Fwp%2Fv2%2Fmedia&parent=25809"}],"wp:term":[{"taxonomy":"category","embeddable":true,"href":"https:\/\/radiorevelacionfm.cl\/index.php?rest_route=%2Fwp%2Fv2%2Fcategories&post=25809"},{"taxonomy":"post_tag","embeddable":true,"href":"https:\/\/radiorevelacionfm.cl\/index.php?rest_route=%2Fwp%2Fv2%2Ftags&post=25809"}],"curies":[{"name":"wp","href":"https:\/\/api.w.org\/{rel}","templated":true}]}}