{"id":25805,"date":"2022-12-23T09:26:36","date_gmt":"2022-12-23T12:26:36","guid":{"rendered":"https:\/\/radiorevelacionfm.cl\/?p=25805"},"modified":"2022-12-23T09:26:36","modified_gmt":"2022-12-23T12:26:36","slug":"siguen-abiertas-las-postulaciones-a-programas-de-innovacion-de-corfo","status":"publish","type":"post","link":"https:\/\/radiorevelacionfm.cl\/?p=25805","title":{"rendered":"Siguen abiertas las postulaciones a programas de Innovaci\u00f3n de Corfo"},"content":{"rendered":"<div class=\"flex_column av_one_full  flex_column_div av-zero-column-padding first  avia-builder-el-0  el_before_av_one_full  avia-builder-el-first  \" style='border-radius:0px; '><div  class='avia-image-container  av-styling-    avia-builder-el-1  avia-builder-el-no-sibling  avia-align-center '  itemprop=\"image\" itemscope=\"itemscope\" itemtype=\"https:\/\/schema.org\/ImageObject\"  ><div class='avia-image-container-inner'><div class='avia-image-overlay-wrap'><img decoding=\"async\" class='wp-image-25806 avia-img-lazy-loading-not-25806 avia_image' src=\"https:\/\/radiorevelacionfm.cl\/wp-content\/uploads\/2022\/12\/220324-pexels-vlada-karpovich-4050291-2-1-1.jpg\" alt='' title='220324 pexels-vlada-karpovich-4050291 (2) (1) (1)' height=\"600\" width=\"900\"  itemprop=\"thumbnailUrl\" srcset=\"https:\/\/radiorevelacionfm.cl\/wp-content\/uploads\/2022\/12\/220324-pexels-vlada-karpovich-4050291-2-1-1.jpg 900w, https:\/\/radiorevelacionfm.cl\/wp-content\/uploads\/2022\/12\/220324-pexels-vlada-karpovich-4050291-2-1-1-300x200.jpg 300w, https:\/\/radiorevelacionfm.cl\/wp-content\/uploads\/2022\/12\/220324-pexels-vlada-karpovich-4050291-2-1-1-768x512.jpg 768w, https:\/\/radiorevelacionfm.cl\/wp-content\/uploads\/2022\/12\/220324-pexels-vlada-karpovich-4050291-2-1-1-705x470.jpg 705w, https:\/\/radiorevelacionfm.cl\/wp-content\/uploads\/2022\/12\/220324-pexels-vlada-karpovich-4050291-2-1-1-600x400.jpg 600w\" sizes=\"(max-width: 900px) 100vw, 900px\" \/><\/div><\/div><\/div><\/div><div class=\"flex_column av_one_full  flex_column_div av-zero-column-padding first  avia-builder-el-2  el_after_av_one_full  el_before_av_one_full  column-top-margin\" style='border-radius:0px; '><section class=\"av_textblock_section \"  itemscope=\"itemscope\" itemtype=\"https:\/\/schema.org\/BlogPosting\" itemprop=\"blogPost\" ><div class='avia_textblock  '   itemprop=\"text\" ><p style=\"text-align: center;\"><span style=\"font-size: 18pt;\"><b>Siguen abiertas las postulaciones a programas de Innovaci\u00f3n de Corfo<\/b><\/span><\/p>\n<div id=\"gtx-trans\" style=\"position: absolute; left: -50px; top: 4.31534px;\">\n<div class=\"gtx-trans-icon\"><\/div>\n<\/div>\n<\/div><\/section><\/div><div class=\"flex_column av_one_full  flex_column_div av-zero-column-padding first  avia-builder-el-4  el_after_av_one_full  el_before_av_hr  column-top-margin\" style='border-radius:0px; '><section class=\"av_textblock_section \"  itemscope=\"itemscope\" itemtype=\"https:\/\/schema.org\/BlogPosting\" itemprop=\"blogPost\" ><div class='avia_textblock  '   itemprop=\"text\" ><p style=\"text-align: justify;\">Para seguir aportando al desarrollo y transformaci\u00f3n productiva de todo el territorio, mediante el impulso a la I+D+i en las empresas,<strong>\u00a0<\/strong>Corfo tiene abierta la \u00faltima convocatoria 2022, de car\u00e1cter nacional, para dos de sus programas de innovaci\u00f3n:\u00a0<strong>Consolida y Expande y Crea y Valida- Foco Sostenible.<\/strong><\/p>\n<p style=\"text-align: justify;\">Al igual que en llamados anteriores, estos instrumentos asignar\u00e1n hasta un 10% adicional de cofinanciamiento para aquellos proyectos que una vez seleccionados, sean de empresas lideradas por mujeres.<\/p>\n<p style=\"text-align: justify;\">Humberto Mar\u00edn Leiva, director de Corfo Ays\u00e9n, se\u00f1al\u00f3 que \u201clo que buscamos es poner a disposici\u00f3n instrumentos que nos permitan enfrentar diferentes desaf\u00edos, vinculados a la sostenibilidad y la transformaci\u00f3n productiva, a trav\u00e9s de soluciones innovadoras.\u00a0 Junto a ello, para orientar a las empresas interesadas en esta convocatoria, hemos programado una serie de charlas gratuitas, para revisar en detalle cada instrumento presentando el formulario de postulaci\u00f3n y presupuesto, adem\u00e1s de entregar algunos consejos de formulaci\u00f3n para tener en consideraci\u00f3n\u201d.<\/p>\n<p style=\"text-align: justify;\">El programa\u00a0<a href=\"https:\/\/www.corfo.cl\/sites\/cpp\/convocatorias\/movil\/consolida_expande_innovacion\" data-saferedirecturl=\"https:\/\/www.google.com\/url?q=https:\/\/www.corfo.cl\/sites\/cpp\/convocatorias\/movil\/consolida_expande_innovacion&amp;source=gmail&amp;ust=1671823095749000&amp;usg=AOvVaw3OwU7W8eJAaKa8m-EwLlQL\"><strong>Consolida y Expande Innovaci\u00f3n<\/strong><\/a><strong>,<\/strong>\u00a0abierto hasta el 17 de enero 2023, apoyar\u00e1 con hasta $150 millones a empresas que quieran escalar y validar soluciones innovadoras,\u00a0que\u00a0hayan requerido I+D en su fase de desarrollo, a\u00a0nuevos mercados nacionales y\/o internacionales para consolidar el horizonte de sus negocios.<\/p>\n<p style=\"text-align: justify;\">El porcentaje de cofinanciamiento de Corfo para los proyectos seleccionados depender\u00e1 del tama\u00f1o de la compa\u00f1\u00eda: 60% en el caso de las micro y peque\u00f1as, 50% en el caso de las medianas y 40% en el caso de las m\u00e1s grandes.<\/p>\n<p style=\"text-align: justify;\"><strong>\u00c9NFASIS EN TECNOLOG\u00cdAS CLIM\u00c1TICAS<\/strong><\/p>\n<p style=\"text-align: justify;\">Por su parte, el instrumento\u00a0<a href=\"https:\/\/www.corfo.cl\/sites\/cpp\/convocatorias\/crea_valida_sostenibilidad\" data-saferedirecturl=\"https:\/\/www.google.com\/url?q=https:\/\/www.corfo.cl\/sites\/cpp\/convocatorias\/crea_valida_sostenibilidad&amp;source=gmail&amp;ust=1671823095749000&amp;usg=AOvVaw0YUGFglRxDqXQMAIUD9btM\"><strong>Crea y Valida-Foco Sostenible<\/strong><\/a><strong>,<\/strong>\u00a0con postulaciones hasta el 24 de enero 2023, apoyar\u00e1 soluciones innovadoras, que requieran de I+D y que tengan foco en sostenibilidad, particularmente en\u00a0tecnolog\u00edas clim\u00e1ticas asociadas al agua y la energ\u00eda.<\/p>\n<p style=\"text-align: justify;\">Este programa entrega recursos para que empresas puedan desarrollar estas innovaciones desde la fase de prototipo y hasta su validaci\u00f3n t\u00e9cnica a escala productiva y\/o validaci\u00f3n comercial. Y para este caso, el subsidio de Corfo depender\u00e1 del tama\u00f1o de la empresa y, tambi\u00e9n, del car\u00e1cter del proyecto: individual o colaborativo.<\/p>\n<p style=\"text-align: justify;\">En el primer caso (individual) el monto ser\u00e1 de hasta $180 millones, mientras que, si la postulaci\u00f3n incluye entidades colaborativas, el aporte m\u00e1ximo de Corfo es de hasta los $220 millones. Respecto al porcentaje de cofinanciamiento, este ser\u00e1 de 80% para las micro y peque\u00f1as, 60% las medianas y 40% para las m\u00e1s grandes.<\/p>\n<p style=\"text-align: justify;\">Tanto para el programa Crea y Valida, como para el Consolida y Expande Innovaci\u00f3n, en t\u00e9rminos generales, podr\u00e1n postular personas jur\u00eddicas constituidas en Chile que tengan al menos 18 meses de antig\u00fcedad en un giro empresarial de Primera Categor\u00eda vigente; y registren ventas dentro de los 18 meses previos a la postulaci\u00f3n (pueden ser no consecutivos).<\/p>\n<p style=\"text-align: justify;\">Para m\u00e1s informaci\u00f3n sobre el perfil de postulantes y los requisitos espec\u00edficos exigidos por cada instrumento, adem\u00e1s de su proceso de postulaci\u00f3n, visitar\u00a0<a href=\"http:\/\/www.corfo.cl\/\" data-saferedirecturl=\"https:\/\/www.google.com\/url?q=http:\/\/www.corfo.cl&amp;source=gmail&amp;ust=1671823095749000&amp;usg=AOvVaw2noj_908Ho1wsgtEqxPwec\">www.corfo.cl<\/a>.<\/p>\n<p style=\"text-align: justify;\">Para\u00a0orientar a las empresas interesadas en esta convocatoria, Corfo program\u00f3 una serie de charlas gratuitas que requieren previa inscripci\u00f3n en este enlace\u00a0<a href=\"https:\/\/airtable.com\/shrfQxcmo99WEAtSD\" data-saferedirecturl=\"https:\/\/www.google.com\/url?q=https:\/\/airtable.com\/shrfQxcmo99WEAtSD&amp;source=gmail&amp;ust=1671823095749000&amp;usg=AOvVaw2Z4WvoozQSDAlqgZUNbI3Y\">https:\/\/airtable.com\/shrfQxcmo99WEAtSD<\/a><\/p>\n<\/div><\/section><\/div><div  style='height:50px' class='hr hr-invisible   avia-builder-el-6  el_after_av_one_full  el_before_av_social_share '><span class='hr-inner ' ><span class='hr-inner-style'><\/span><\/span><\/div><\/p>\n<div  class='av-social-sharing-box  avia-builder-el-7  el_after_av_hr  el_before_av_hr  '><div class='av-share-box'><h5 class='av-share-link-description av-no-toc '>Compartir esta noticia<\/h5><ul class='av-share-box-list noLightbox'><li class='av-share-link av-social-link-facebook' ><a target=\"_blank\" aria-label=\"Compartir en Facebook\" href='https:\/\/www.facebook.com\/sharer.php?u=https:\/\/radiorevelacionfm.cl\/?p=25805&#038;t=Siguen%20abiertas%20las%20postulaciones%20a%20programas%20de%20Innovaci%C3%B3n%20de%20Corfo' aria-hidden='false' data-av_icon='\ue8f3' data-av_iconfont='entypo-fontello' title='' data-avia-related-tooltip='Compartir en Facebook' rel=\"noopener\"><span class='avia_hidden_link_text'>Compartir en Facebook<\/span><\/a><\/li><li class='av-share-link av-social-link-twitter' ><a target=\"_blank\" aria-label=\"Compartir en Twitter\" href='https:\/\/twitter.com\/share?text=Siguen%20abiertas%20las%20postulaciones%20a%20programas%20de%20Innovaci%C3%B3n%20de%20Corfo&#038;url=https:\/\/radiorevelacionfm.cl\/?p=25805' aria-hidden='false' data-av_icon='\ue8f1' data-av_iconfont='entypo-fontello' title='' data-avia-related-tooltip='Compartir en Twitter' rel=\"noopener\"><span class='avia_hidden_link_text'>Compartir en Twitter<\/span><\/a><\/li><li class='av-share-link av-social-link-whatsapp' ><a target=\"_blank\" aria-label=\"Compartir en Whatsapp\" href='https:\/\/api.whatsapp.com\/send?text=https:\/\/radiorevelacionfm.cl\/?p=25805' aria-hidden='false' data-av_icon='\uf232' data-av_iconfont='entypo-fontello' title='' data-avia-related-tooltip='Compartir en Whatsapp' rel=\"noopener\"><span class='avia_hidden_link_text'>Compartir en Whatsapp<\/span><\/a><\/li><li class='av-share-link av-social-link-linkedin' ><a target=\"_blank\" aria-label=\"Compartir en LinkedIn\" href='https:\/\/linkedin.com\/shareArticle?mini=true&#038;title=Siguen%20abiertas%20las%20postulaciones%20a%20programas%20de%20Innovaci%C3%B3n%20de%20Corfo&#038;url=https:\/\/radiorevelacionfm.cl\/?p=25805' aria-hidden='false' data-av_icon='\ue8fc' data-av_iconfont='entypo-fontello' title='' data-avia-related-tooltip='Compartir en LinkedIn' rel=\"noopener\"><span class='avia_hidden_link_text'>Compartir en LinkedIn<\/span><\/a><\/li><li class='av-share-link av-social-link-mail' ><a  aria-label=\"Compartir por correo\" href='mailto:?subject=Siguen%20abiertas%20las%20postulaciones%20a%20programas%20de%20Innovaci%C3%B3n%20de%20Corfo&#038;body=https:\/\/radiorevelacionfm.cl\/?p=25805' aria-hidden='false' data-av_icon='\ue805' data-av_iconfont='entypo-fontello' title='' data-avia-related-tooltip='Compartir por correo'><span class='avia_hidden_link_text'>Compartir por correo<\/span><\/a><\/li><\/ul><\/div><\/div>\n<div  style='height:50px' class='hr hr-invisible   avia-builder-el-8  el_after_av_social_share  el_before_av_comments_list '><span class='hr-inner ' ><span class='hr-inner-style'><\/span><\/span><\/div>\n<div  class='av-buildercomment  av-blog-meta-html-info-disabled av-blog-meta-tag-disabled  '><\/div>\n","protected":false},"excerpt":{"rendered":"","protected":false},"author":1,"featured_media":25806,"comment_status":"open","ping_status":"open","sticky":false,"template":"","format":"standard","meta":{"footnotes":""},"categories":[61],"tags":[],"class_list":["post-25805","post","type-post","status-publish","format-standard","has-post-thumbnail","hentry","category-nacional"],"jetpack_featured_media_url":"https:\/\/radiorevelacionfm.cl\/wp-content\/uploads\/2022\/12\/220324-pexels-vlada-karpovich-4050291-2-1-1.jpg","_links":{"self":[{"href":"https:\/\/radiorevelacionfm.cl\/index.php?rest_route=\/wp\/v2\/posts\/25805","targetHints":{"allow":["GET"]}}],"collection":[{"href":"https:\/\/radiorevelacionfm.cl\/index.php?rest_route=\/wp\/v2\/posts"}],"about":[{"href":"https:\/\/radiorevelacionfm.cl\/index.php?rest_route=\/wp\/v2\/types\/post"}],"author":[{"embeddable":true,"href":"https:\/\/radiorevelacionfm.cl\/index.php?rest_route=\/wp\/v2\/users\/1"}],"replies":[{"embeddable":true,"href":"https:\/\/radiorevelacionfm.cl\/index.php?rest_route=%2Fwp%2Fv2%2Fcomments&post=25805"}],"version-history":[{"count":2,"href":"https:\/\/radiorevelacionfm.cl\/index.php?rest_route=\/wp\/v2\/posts\/25805\/revisions"}],"predecessor-version":[{"id":25827,"href":"https:\/\/radiorevelacionfm.cl\/index.php?rest_route=\/wp\/v2\/posts\/25805\/revisions\/25827"}],"wp:featuredmedia":[{"embeddable":true,"href":"https:\/\/radiorevelacionfm.cl\/index.php?rest_route=\/wp\/v2\/media\/25806"}],"wp:attachment":[{"href":"https:\/\/radiorevelacionfm.cl\/index.php?rest_route=%2Fwp%2Fv2%2Fmedia&parent=25805"}],"wp:term":[{"taxonomy":"category","embeddable":true,"href":"https:\/\/radiorevelacionfm.cl\/index.php?rest_route=%2Fwp%2Fv2%2Fcategories&post=25805"},{"taxonomy":"post_tag","embeddable":true,"href":"https:\/\/radiorevelacionfm.cl\/index.php?rest_route=%2Fwp%2Fv2%2Ftags&post=25805"}],"curies":[{"name":"wp","href":"https:\/\/api.w.org\/{rel}","templated":true}]}}