{"id":25802,"date":"2022-12-23T16:22:47","date_gmt":"2022-12-23T19:22:47","guid":{"rendered":"https:\/\/radiorevelacionfm.cl\/?p=25802"},"modified":"2022-12-23T16:22:47","modified_gmt":"2022-12-23T19:22:47","slug":"seremi-de-la-mujer-y-equidad-de-genero-entrega-agenda-regional-de-genero-2022-2026","status":"publish","type":"post","link":"https:\/\/radiorevelacionfm.cl\/?p=25802","title":{"rendered":"Seremi de la Mujer y Equidad de G\u00e9nero entrega Agenda Regional de G\u00e9nero 2022-2026"},"content":{"rendered":"<div class=\"flex_column av_one_full  flex_column_div av-zero-column-padding first  avia-builder-el-0  el_before_av_one_full  avia-builder-el-first  \" style='border-radius:0px; '><div  class='avia-image-container  av-styling-    avia-builder-el-1  avia-builder-el-no-sibling  avia-align-center '  itemprop=\"image\" itemscope=\"itemscope\" itemtype=\"https:\/\/schema.org\/ImageObject\"  ><div class='avia-image-container-inner'><div class='avia-image-overlay-wrap'><img decoding=\"async\" class='wp-image-25803 avia-img-lazy-loading-not-25803 avia_image' src=\"https:\/\/radiorevelacionfm.cl\/wp-content\/uploads\/2022\/12\/IMG_0395a-1-1.jpg\" alt='' title='IMG_0395a (1) (1)' height=\"600\" width=\"987\"  itemprop=\"thumbnailUrl\" srcset=\"https:\/\/radiorevelacionfm.cl\/wp-content\/uploads\/2022\/12\/IMG_0395a-1-1.jpg 987w, https:\/\/radiorevelacionfm.cl\/wp-content\/uploads\/2022\/12\/IMG_0395a-1-1-300x182.jpg 300w, https:\/\/radiorevelacionfm.cl\/wp-content\/uploads\/2022\/12\/IMG_0395a-1-1-768x467.jpg 768w, https:\/\/radiorevelacionfm.cl\/wp-content\/uploads\/2022\/12\/IMG_0395a-1-1-705x429.jpg 705w, https:\/\/radiorevelacionfm.cl\/wp-content\/uploads\/2022\/12\/IMG_0395a-1-1-600x365.jpg 600w\" sizes=\"(max-width: 987px) 100vw, 987px\" \/><\/div><\/div><\/div><\/div><div class=\"flex_column av_one_full  flex_column_div av-zero-column-padding first  avia-builder-el-2  el_after_av_one_full  el_before_av_one_full  column-top-margin\" style='border-radius:0px; '><section class=\"av_textblock_section \"  itemscope=\"itemscope\" itemtype=\"https:\/\/schema.org\/BlogPosting\" itemprop=\"blogPost\" ><div class='avia_textblock  '   itemprop=\"text\" ><p style=\"text-align: center;\"><strong><span style=\"font-size: 18pt;\">Seremi de la Mujer y Equidad de G\u00e9nero entrega Agenda Regional de G\u00e9nero 2022-2026<\/span><\/strong><\/p>\n<div id=\"gtx-trans\" style=\"position: absolute; left: -50px; top: 4.31534px;\">\n<div class=\"gtx-trans-icon\"><\/div>\n<\/div>\n<\/div><\/section><\/div><div class=\"flex_column av_one_full  flex_column_div av-zero-column-padding first  avia-builder-el-4  el_after_av_one_full  el_before_av_hr  column-top-margin\" style='border-radius:0px; '><section class=\"av_textblock_section \"  itemscope=\"itemscope\" itemtype=\"https:\/\/schema.org\/BlogPosting\" itemprop=\"blogPost\" ><div class='avia_textblock  '   itemprop=\"text\" ><p style=\"font-weight: 400; text-align: justify;\">La Agenda Regional de Igualdad de Derecho y Equidad de G\u00e9nero 2022-2026 entreg\u00f3 la Secretaria Regional Ministerial de la Mujer y Equidad de G\u00e9nero, Andrea M\u00e9ndez, al Delegado Presidencial Regional, Rodrigo Araya, acompa\u00f1ado por el gabinete regional de secretarios regionales ministeriales, y a la representante de la Gobernadora Regional, Y\u00e9ssica Lagos.<\/p>\n<p style=\"font-weight: 400; text-align: justify;\">El documento contiene compromisos concretos de los servicios p\u00fablicos con ni\u00f1as, mujeres y disidencias, tras un proceso formativo en competencias asociadas a feminismos, transversalizaci\u00f3n de g\u00e9nero, violencia de g\u00e9nero, masculinidades y diversidades sexo gen\u00e9ricas, certificadas en la ceremonia realizada este mi\u00e9rcoles en el Museo Regional de Ays\u00e9n.<\/p>\n<p style=\"font-weight: 400; text-align: justify;\">La seremi Andrea M\u00e9ndez, destac\u00f3 los resultados de este proceso participativo, consagrado dentro del Programa de Gobierno del Presidente Gabriel Boric.<\/p>\n<p style=\"font-weight: 400; text-align: justify;\">\u201cLanzamos nuestra Agenda Regional 2022-2026, que viene a representar el compromiso de g\u00e9nero de los distintos sectores. Es\u00a0 un hito tremendamente importante, porque significa que la administraci\u00f3n p\u00fablica de Ays\u00e9n est\u00e1 mirando las problem\u00e1ticas y necesidades de ni\u00f1as, mujeres y disidencias y las est\u00e1 plasmando en compromisos que van a ser, finalmente, medibles\u201d, afirm\u00f3.<\/p>\n<p style=\"font-weight: 400; text-align: justify;\">El Delegado Rodrigo Araya valor\u00f3 la Agenda, se\u00f1alando que es responsabilidad del Estado en su conjunto actuar de manera proactiva e integral para avanzar en igualdad de derecho y equidad de g\u00e9nero.<\/p>\n<p style=\"font-weight: 400; text-align: justify;\">\u201cPara nuestro Presidente Gabriel Boric y este gobierno que se declara feminista, todas las acciones que hemos hecho en estos nueve meses en relevar el tema de g\u00e9nero en la instituci\u00f3n p\u00fablica y en la comunidad, ha sido tarea de todos los meses y de forma permanente.\u00a0 Hoy d\u00eda vinimos a certificar al segundo grupo de encargados de g\u00e9nero, que trabajaron durante estos meses capacit\u00e1ndose y dise\u00f1ando una agenda que implica un compromiso de los servicios con tareas espec\u00edficas, tanto con los funcionarios de cada uno de los servicios como con la comunidad en temas de equidad de g\u00e9nero. Y as\u00ed tenemos esta Agenda Regional de Igualdad de Derecho y Equidad de G\u00e9nero 2020 2026, que va a marcar una ruta de trabajo con cada uno de los servicios y que va a estar permanentemente en evaluaci\u00f3n y tambi\u00e9n en mejora de ese proceso\u201d, expres\u00f3.<\/p>\n<p style=\"font-weight: 400; text-align: justify;\">Entre los participantes, Fernanda Soto, encargada de g\u00e9nero de la Seremi de Econom\u00eda, destac\u00f3 la importancia de este enfoque en la gesti\u00f3n p\u00fablica regional.<\/p>\n<p style=\"font-weight: 400; text-align: justify;\">\u201cEs muy importante incorporar la perspectiva de g\u00e9nero y comenzar a transversalidad nuestras acciones en los distintos espacios que ocupamos. En la seremi de Econom\u00eda hicimos un trabajo extensivo, para que no solamente los compromisos de g\u00e9nero sean dentro de la instituci\u00f3n, sino que tambi\u00e9n puedan materializarse en las acciones y en las interacciones que tenemos con las distintas personas que llegan a nuestras distintas oficinas, porque no solamente las mujeres se benefician de la transversalizaci\u00f3n de g\u00e9nero, sino tambi\u00e9n los hombres que forman parte de los servicios y tambi\u00e9n que llegan a nuestros distintos servicios aqu\u00ed en Econom\u00eda\u201d, concluy\u00f3.<\/p>\n<p style=\"font-weight: 400; text-align: justify;\">En la Regi\u00f3n de Ays\u00e9n, 80 funcionarias y funcionarios participaron en el proceso formativo que permiti\u00f3 levantar el diagn\u00f3stico, en base al cual se generaron compromisos de cada entidad p\u00fablica con la comunidad.<\/p>\n<\/div><\/section><\/div><div  style='height:50px' class='hr hr-invisible   avia-builder-el-6  el_after_av_one_full  el_before_av_social_share '><span class='hr-inner ' ><span class='hr-inner-style'><\/span><\/span><\/div><\/p>\n<div  class='av-social-sharing-box  avia-builder-el-7  el_after_av_hr  el_before_av_hr  '><div class='av-share-box'><h5 class='av-share-link-description av-no-toc '>Compartir esta noticia<\/h5><ul class='av-share-box-list noLightbox'><li class='av-share-link av-social-link-facebook' ><a target=\"_blank\" aria-label=\"Compartir en Facebook\" href='https:\/\/www.facebook.com\/sharer.php?u=https:\/\/radiorevelacionfm.cl\/?p=25802&#038;t=Seremi%20de%20la%20Mujer%20y%20Equidad%20de%20G%C3%A9nero%20entrega%20Agenda%20Regional%20de%20G%C3%A9nero%202022-2026' aria-hidden='false' data-av_icon='\ue8f3' data-av_iconfont='entypo-fontello' title='' data-avia-related-tooltip='Compartir en Facebook' rel=\"noopener\"><span class='avia_hidden_link_text'>Compartir en Facebook<\/span><\/a><\/li><li class='av-share-link av-social-link-twitter' ><a target=\"_blank\" aria-label=\"Compartir en Twitter\" href='https:\/\/twitter.com\/share?text=Seremi%20de%20la%20Mujer%20y%20Equidad%20de%20G%C3%A9nero%20entrega%20Agenda%20Regional%20de%20G%C3%A9nero%202022-2026&#038;url=https:\/\/radiorevelacionfm.cl\/?p=25802' aria-hidden='false' data-av_icon='\ue8f1' data-av_iconfont='entypo-fontello' title='' data-avia-related-tooltip='Compartir en Twitter' rel=\"noopener\"><span class='avia_hidden_link_text'>Compartir en Twitter<\/span><\/a><\/li><li class='av-share-link av-social-link-whatsapp' ><a target=\"_blank\" aria-label=\"Compartir en Whatsapp\" href='https:\/\/api.whatsapp.com\/send?text=https:\/\/radiorevelacionfm.cl\/?p=25802' aria-hidden='false' data-av_icon='\uf232' data-av_iconfont='entypo-fontello' title='' data-avia-related-tooltip='Compartir en Whatsapp' rel=\"noopener\"><span class='avia_hidden_link_text'>Compartir en Whatsapp<\/span><\/a><\/li><li class='av-share-link av-social-link-linkedin' ><a target=\"_blank\" aria-label=\"Compartir en LinkedIn\" href='https:\/\/linkedin.com\/shareArticle?mini=true&#038;title=Seremi%20de%20la%20Mujer%20y%20Equidad%20de%20G%C3%A9nero%20entrega%20Agenda%20Regional%20de%20G%C3%A9nero%202022-2026&#038;url=https:\/\/radiorevelacionfm.cl\/?p=25802' aria-hidden='false' data-av_icon='\ue8fc' data-av_iconfont='entypo-fontello' title='' data-avia-related-tooltip='Compartir en LinkedIn' rel=\"noopener\"><span class='avia_hidden_link_text'>Compartir en LinkedIn<\/span><\/a><\/li><li class='av-share-link av-social-link-mail' ><a  aria-label=\"Compartir por correo\" href='mailto:?subject=Seremi%20de%20la%20Mujer%20y%20Equidad%20de%20G%C3%A9nero%20entrega%20Agenda%20Regional%20de%20G%C3%A9nero%202022-2026&#038;body=https:\/\/radiorevelacionfm.cl\/?p=25802' aria-hidden='false' data-av_icon='\ue805' data-av_iconfont='entypo-fontello' title='' data-avia-related-tooltip='Compartir por correo'><span class='avia_hidden_link_text'>Compartir por correo<\/span><\/a><\/li><\/ul><\/div><\/div>\n<div  style='height:50px' class='hr hr-invisible   avia-builder-el-8  el_after_av_social_share  el_before_av_comments_list '><span class='hr-inner ' ><span class='hr-inner-style'><\/span><\/span><\/div>\n<div  class='av-buildercomment  av-blog-meta-html-info-disabled av-blog-meta-tag-disabled  '><\/div>\n","protected":false},"excerpt":{"rendered":"","protected":false},"author":1,"featured_media":25803,"comment_status":"open","ping_status":"open","sticky":false,"template":"","format":"standard","meta":{"footnotes":""},"categories":[38],"tags":[],"class_list":["post-25802","post","type-post","status-publish","format-standard","has-post-thumbnail","hentry","category-regional"],"jetpack_featured_media_url":"https:\/\/radiorevelacionfm.cl\/wp-content\/uploads\/2022\/12\/IMG_0395a-1-1.jpg","_links":{"self":[{"href":"https:\/\/radiorevelacionfm.cl\/index.php?rest_route=\/wp\/v2\/posts\/25802","targetHints":{"allow":["GET"]}}],"collection":[{"href":"https:\/\/radiorevelacionfm.cl\/index.php?rest_route=\/wp\/v2\/posts"}],"about":[{"href":"https:\/\/radiorevelacionfm.cl\/index.php?rest_route=\/wp\/v2\/types\/post"}],"author":[{"embeddable":true,"href":"https:\/\/radiorevelacionfm.cl\/index.php?rest_route=\/wp\/v2\/users\/1"}],"replies":[{"embeddable":true,"href":"https:\/\/radiorevelacionfm.cl\/index.php?rest_route=%2Fwp%2Fv2%2Fcomments&post=25802"}],"version-history":[{"count":2,"href":"https:\/\/radiorevelacionfm.cl\/index.php?rest_route=\/wp\/v2\/posts\/25802\/revisions"}],"predecessor-version":[{"id":25847,"href":"https:\/\/radiorevelacionfm.cl\/index.php?rest_route=\/wp\/v2\/posts\/25802\/revisions\/25847"}],"wp:featuredmedia":[{"embeddable":true,"href":"https:\/\/radiorevelacionfm.cl\/index.php?rest_route=\/wp\/v2\/media\/25803"}],"wp:attachment":[{"href":"https:\/\/radiorevelacionfm.cl\/index.php?rest_route=%2Fwp%2Fv2%2Fmedia&parent=25802"}],"wp:term":[{"taxonomy":"category","embeddable":true,"href":"https:\/\/radiorevelacionfm.cl\/index.php?rest_route=%2Fwp%2Fv2%2Fcategories&post=25802"},{"taxonomy":"post_tag","embeddable":true,"href":"https:\/\/radiorevelacionfm.cl\/index.php?rest_route=%2Fwp%2Fv2%2Ftags&post=25802"}],"curies":[{"name":"wp","href":"https:\/\/api.w.org\/{rel}","templated":true}]}}