{"id":25790,"date":"2022-12-23T10:42:43","date_gmt":"2022-12-23T13:42:43","guid":{"rendered":"https:\/\/radiorevelacionfm.cl\/?p=25790"},"modified":"2022-12-23T10:42:43","modified_gmt":"2022-12-23T13:42:43","slug":"cchc-releva-fortalecimiento-del-dialogo-privado-publico-para-destrabar-los-nudos-criticos-del-sector","status":"publish","type":"post","link":"https:\/\/radiorevelacionfm.cl\/?p=25790","title":{"rendered":"CChC releva fortalecimiento del di\u00e1logo privado-p\u00fablico para destrabar los nudos cr\u00edticos del sector"},"content":{"rendered":"<div class=\"flex_column av_one_full  flex_column_div av-zero-column-padding first  avia-builder-el-0  el_before_av_one_full  avia-builder-el-first  \" style='border-radius:0px; '><div  class='avia-image-container  av-styling-    avia-builder-el-1  avia-builder-el-no-sibling  avia-align-center '  itemprop=\"image\" itemscope=\"itemscope\" itemtype=\"https:\/\/schema.org\/ImageObject\"  ><div class='avia-image-container-inner'><div class='avia-image-overlay-wrap'><img decoding=\"async\" class='wp-image-25791 avia-img-lazy-loading-not-25791 avia_image' src=\"https:\/\/radiorevelacionfm.cl\/wp-content\/uploads\/2022\/12\/Alejandra_Alert_CChC-1-1.jpeg\" alt='' title='Alejandra_Alert_CChC (1) (1)' height=\"600\" width=\"796\"  itemprop=\"thumbnailUrl\" srcset=\"https:\/\/radiorevelacionfm.cl\/wp-content\/uploads\/2022\/12\/Alejandra_Alert_CChC-1-1.jpeg 796w, https:\/\/radiorevelacionfm.cl\/wp-content\/uploads\/2022\/12\/Alejandra_Alert_CChC-1-1-300x226.jpeg 300w, https:\/\/radiorevelacionfm.cl\/wp-content\/uploads\/2022\/12\/Alejandra_Alert_CChC-1-1-768x579.jpeg 768w, https:\/\/radiorevelacionfm.cl\/wp-content\/uploads\/2022\/12\/Alejandra_Alert_CChC-1-1-705x531.jpeg 705w, https:\/\/radiorevelacionfm.cl\/wp-content\/uploads\/2022\/12\/Alejandra_Alert_CChC-1-1-600x452.jpeg 600w\" sizes=\"(max-width: 796px) 100vw, 796px\" \/><\/div><\/div><\/div><\/div><div class=\"flex_column av_one_full  flex_column_div av-zero-column-padding first  avia-builder-el-2  el_after_av_one_full  el_before_av_one_full  column-top-margin\" style='border-radius:0px; '><section class=\"av_textblock_section \"  itemscope=\"itemscope\" itemtype=\"https:\/\/schema.org\/BlogPosting\" itemprop=\"blogPost\" ><div class='avia_textblock  '   itemprop=\"text\" ><p style=\"text-align: center;\"><span style=\"font-size: 18pt;\"><b>CChC releva fortalecimiento del di\u00e1logo privado-p\u00fablico para destrabar los nudos cr\u00edticos del sector<\/b><\/span><\/p>\n<div id=\"gtx-trans\" style=\"position: absolute; left: -50px; top: 4.31534px;\">\n<div class=\"gtx-trans-icon\"><\/div>\n<\/div>\n<\/div><\/section><\/div><div class=\"flex_column av_one_full  flex_column_div av-zero-column-padding first  avia-builder-el-4  el_after_av_one_full  el_before_av_hr  column-top-margin\" style='border-radius:0px; '><section class=\"av_textblock_section \"  itemscope=\"itemscope\" itemtype=\"https:\/\/schema.org\/BlogPosting\" itemprop=\"blogPost\" ><div class='avia_textblock  '   itemprop=\"text\" ><p class=\"v1MsoNormal\" style=\"text-align: justify;\">Desde la CChC, tambi\u00e9n destacaron que el GORE est\u00e9 priorizando iniciativas que permitir\u00edan dinamizar la econom\u00eda e ir reactivando a la industria regional de la construcci\u00f3n.<\/p>\n<p class=\"v1MsoNormal\" style=\"text-align: justify;\">Desde la C\u00e1mara Chilena de la Construcci\u00f3n sede Coyhaique, han mantenido durante este a\u00f1o, un rol activo en materia de relacionamiento con autoridades, por el actual escenario econ\u00f3mico que mantiene a la industria en la regi\u00f3n sin mayor inversi\u00f3n. En esa l\u00ednea, analizando lo que han sido las reuniones con las autoridades nacionales y regionales, con las que ha abordado la reactivaci\u00f3n econ\u00f3mica, su presidenta, Alejandra Alert Rivas, valor\u00f3 la disposici\u00f3n que han tenido los diversos ministerios y la primera autoridad regional, para concluir el presente a\u00f1o con la priorizaci\u00f3n de iniciativas destinadas al sector.<\/p>\n<p class=\"v1MsoNormal\" style=\"text-align: justify;\">Al respecto, la presidenta de la C\u00e1mara Chilena de la Construcci\u00f3n, Alejandra Alert, manifest\u00f3 que \u00abNuestra industria es clave para la generaci\u00f3n de empleo en nuestra Regi\u00f3n de Ays\u00e9n, pero tras la pandemia y en el escenario econ\u00f3mico actual, hemos visto una disminuci\u00f3n de la inversi\u00f3n que ha estado en el centro de nuestra preocupaci\u00f3n. Por ello, como Gremio de la construcci\u00f3n, durante el presente a\u00f1o, hemos focalizado el trabajo que se realiza a trav\u00e9s de nuestros Comit\u00e9s, Comisiones y Grupos de Trabajo Gremiales, en entregar propuestas con objeto de dar celeridad a la reactivaci\u00f3n econ\u00f3mica regional\u00bb.<\/p>\n<p class=\"v1MsoNormal\" style=\"text-align: justify;\">\u00abEn ese sentido, hemos estado trabajando como CChC tanto a nivel central como en nuestra zona, con las autoridades, particularmente, con los ministerios de Vivienda y Urbanismo, de Obras P\u00fablicas, Econom\u00eda, el Gobierno Regional, y tambi\u00e9n con los alcaldes de diversas comunas de la regi\u00f3n, continuando este trabajo mediante mesas y reuniones, en las que se nos ha escuchado y relevamos en esa l\u00ednea, que se est\u00e9 instando este proceso de manera colaborativa, p\u00fablico y privada, \u00a0dado que se requiere destrabar los nudos cr\u00edticos que a\u00fan afectan al sector construcci\u00f3n\u00bb, agreg\u00f3 Alert.<\/p>\n<p class=\"v1MsoNormal\" style=\"text-align: justify;\">\u00abRecientemente, el Gobierno Regional, ha puesto en tabla la priorizaci\u00f3n de varias iniciativas que apuntan al sector construcci\u00f3n y que de avanzar, aprob\u00e1ndose, podr\u00eda permitir ejecutar proyectos que prontamente, ir\u00e1n reactivando la actividad de nuestra industria, la generaci\u00f3n de empleos y la reactivaci\u00f3n de obras de infraestructura, que dinamizar\u00edan nuestra econom\u00eda local y levantar\u00edan a las empresas que est\u00e1n atravesando momentos complejos, por la falta de obras, alzas de costos y de mano de obra\u00bb, detall\u00f3 la autoridad gremial.<\/p>\n<p class=\"v1MsoNormal\" style=\"text-align: justify;\">\u00abEs decir, es un paso que valoramos y reconocemos, porque se est\u00e1 atendiendo el requerimiento y preocupaci\u00f3n de nuestro sector productivo, d\u00e1ndole la prioridad que amerita este escenario, por ende, llamamos a las autoridades a aprobar estos proyectos y continuar trabajando conjuntamente por el bienestar de nuestros habitantes y el desarrollo de la regi\u00f3n\u00bb, concluy\u00f3 Alejandra Alert.<\/p>\n<\/div><\/section><\/div><div  style='height:50px' class='hr hr-invisible   avia-builder-el-6  el_after_av_one_full  el_before_av_social_share '><span class='hr-inner ' ><span class='hr-inner-style'><\/span><\/span><\/div><\/p>\n<div  class='av-social-sharing-box  avia-builder-el-7  el_after_av_hr  el_before_av_hr  '><div class='av-share-box'><h5 class='av-share-link-description av-no-toc '>Compartir esta noticia<\/h5><ul class='av-share-box-list noLightbox'><li class='av-share-link av-social-link-facebook' ><a target=\"_blank\" aria-label=\"Compartir en Facebook\" href='https:\/\/www.facebook.com\/sharer.php?u=https:\/\/radiorevelacionfm.cl\/?p=25790&#038;t=CChC%20releva%20fortalecimiento%20del%20di%C3%A1logo%20privado-p%C3%BAblico%20para%20destrabar%20los%20nudos%20cr%C3%ADticos%20del%20sector' aria-hidden='false' data-av_icon='\ue8f3' data-av_iconfont='entypo-fontello' title='' data-avia-related-tooltip='Compartir en Facebook' rel=\"noopener\"><span class='avia_hidden_link_text'>Compartir en Facebook<\/span><\/a><\/li><li class='av-share-link av-social-link-twitter' ><a target=\"_blank\" aria-label=\"Compartir en Twitter\" href='https:\/\/twitter.com\/share?text=CChC%20releva%20fortalecimiento%20del%20di%C3%A1logo%20privado-p%C3%BAblico%20para%20destrabar%20los%20nudos%20cr%C3%ADticos%20del%20sector&#038;url=https:\/\/radiorevelacionfm.cl\/?p=25790' aria-hidden='false' data-av_icon='\ue8f1' data-av_iconfont='entypo-fontello' title='' data-avia-related-tooltip='Compartir en Twitter' rel=\"noopener\"><span class='avia_hidden_link_text'>Compartir en Twitter<\/span><\/a><\/li><li class='av-share-link av-social-link-whatsapp' ><a target=\"_blank\" aria-label=\"Compartir en Whatsapp\" href='https:\/\/api.whatsapp.com\/send?text=https:\/\/radiorevelacionfm.cl\/?p=25790' aria-hidden='false' data-av_icon='\uf232' data-av_iconfont='entypo-fontello' title='' data-avia-related-tooltip='Compartir en Whatsapp' rel=\"noopener\"><span class='avia_hidden_link_text'>Compartir en Whatsapp<\/span><\/a><\/li><li class='av-share-link av-social-link-linkedin' ><a target=\"_blank\" aria-label=\"Compartir en LinkedIn\" href='https:\/\/linkedin.com\/shareArticle?mini=true&#038;title=CChC%20releva%20fortalecimiento%20del%20di%C3%A1logo%20privado-p%C3%BAblico%20para%20destrabar%20los%20nudos%20cr%C3%ADticos%20del%20sector&#038;url=https:\/\/radiorevelacionfm.cl\/?p=25790' aria-hidden='false' data-av_icon='\ue8fc' data-av_iconfont='entypo-fontello' title='' data-avia-related-tooltip='Compartir en LinkedIn' rel=\"noopener\"><span class='avia_hidden_link_text'>Compartir en LinkedIn<\/span><\/a><\/li><li class='av-share-link av-social-link-mail' ><a  aria-label=\"Compartir por correo\" href='mailto:?subject=CChC%20releva%20fortalecimiento%20del%20di%C3%A1logo%20privado-p%C3%BAblico%20para%20destrabar%20los%20nudos%20cr%C3%ADticos%20del%20sector&#038;body=https:\/\/radiorevelacionfm.cl\/?p=25790' aria-hidden='false' data-av_icon='\ue805' data-av_iconfont='entypo-fontello' title='' data-avia-related-tooltip='Compartir por correo'><span class='avia_hidden_link_text'>Compartir por correo<\/span><\/a><\/li><\/ul><\/div><\/div>\n<div  style='height:50px' class='hr hr-invisible   avia-builder-el-8  el_after_av_social_share  el_before_av_comments_list '><span class='hr-inner ' ><span class='hr-inner-style'><\/span><\/span><\/div>\n<div  class='av-buildercomment  av-blog-meta-html-info-disabled av-blog-meta-tag-disabled  '><\/div>\n","protected":false},"excerpt":{"rendered":"","protected":false},"author":1,"featured_media":25791,"comment_status":"open","ping_status":"open","sticky":false,"template":"","format":"standard","meta":{"footnotes":""},"categories":[38],"tags":[],"class_list":["post-25790","post","type-post","status-publish","format-standard","has-post-thumbnail","hentry","category-regional"],"jetpack_featured_media_url":"https:\/\/radiorevelacionfm.cl\/wp-content\/uploads\/2022\/12\/Alejandra_Alert_CChC-1-1.jpeg","_links":{"self":[{"href":"https:\/\/radiorevelacionfm.cl\/index.php?rest_route=\/wp\/v2\/posts\/25790","targetHints":{"allow":["GET"]}}],"collection":[{"href":"https:\/\/radiorevelacionfm.cl\/index.php?rest_route=\/wp\/v2\/posts"}],"about":[{"href":"https:\/\/radiorevelacionfm.cl\/index.php?rest_route=\/wp\/v2\/types\/post"}],"author":[{"embeddable":true,"href":"https:\/\/radiorevelacionfm.cl\/index.php?rest_route=\/wp\/v2\/users\/1"}],"replies":[{"embeddable":true,"href":"https:\/\/radiorevelacionfm.cl\/index.php?rest_route=%2Fwp%2Fv2%2Fcomments&post=25790"}],"version-history":[{"count":2,"href":"https:\/\/radiorevelacionfm.cl\/index.php?rest_route=\/wp\/v2\/posts\/25790\/revisions"}],"predecessor-version":[{"id":25833,"href":"https:\/\/radiorevelacionfm.cl\/index.php?rest_route=\/wp\/v2\/posts\/25790\/revisions\/25833"}],"wp:featuredmedia":[{"embeddable":true,"href":"https:\/\/radiorevelacionfm.cl\/index.php?rest_route=\/wp\/v2\/media\/25791"}],"wp:attachment":[{"href":"https:\/\/radiorevelacionfm.cl\/index.php?rest_route=%2Fwp%2Fv2%2Fmedia&parent=25790"}],"wp:term":[{"taxonomy":"category","embeddable":true,"href":"https:\/\/radiorevelacionfm.cl\/index.php?rest_route=%2Fwp%2Fv2%2Fcategories&post=25790"},{"taxonomy":"post_tag","embeddable":true,"href":"https:\/\/radiorevelacionfm.cl\/index.php?rest_route=%2Fwp%2Fv2%2Ftags&post=25790"}],"curies":[{"name":"wp","href":"https:\/\/api.w.org\/{rel}","templated":true}]}}