{"id":25786,"date":"2022-12-22T09:36:51","date_gmt":"2022-12-22T12:36:51","guid":{"rendered":"https:\/\/radiorevelacionfm.cl\/?p=25786"},"modified":"2022-12-22T09:36:51","modified_gmt":"2022-12-22T12:36:51","slug":"delegada-capitan-prat-constata-operaciones-de-barcaza-caleman-ii","status":"publish","type":"post","link":"https:\/\/radiorevelacionfm.cl\/?p=25786","title":{"rendered":"Delegada Capit\u00e1n Prat constata operaciones de barcaza Caleman II"},"content":{"rendered":"<div class=\"flex_column av_one_full  flex_column_div av-zero-column-padding first  avia-builder-el-0  el_before_av_one_full  avia-builder-el-first  \" style='border-radius:0px; '><div  class='avia-image-container  av-styling-    avia-builder-el-1  avia-builder-el-no-sibling  avia-align-center '  itemprop=\"image\" itemscope=\"itemscope\" itemtype=\"https:\/\/schema.org\/ImageObject\"  ><div class='avia-image-container-inner'><div class='avia-image-overlay-wrap'><img decoding=\"async\" class='wp-image-25787 avia-img-lazy-loading-not-25787 avia_image' src=\"https:\/\/radiorevelacionfm.cl\/wp-content\/uploads\/2022\/12\/319686776_465185225691767_171790647688189754_n-1_optimized-1.jpg\" alt='' title='319686776_465185225691767_171790647688189754_n-(1)_optimized (1)' height=\"600\" width=\"899\"  itemprop=\"thumbnailUrl\" srcset=\"https:\/\/radiorevelacionfm.cl\/wp-content\/uploads\/2022\/12\/319686776_465185225691767_171790647688189754_n-1_optimized-1.jpg 899w, https:\/\/radiorevelacionfm.cl\/wp-content\/uploads\/2022\/12\/319686776_465185225691767_171790647688189754_n-1_optimized-1-300x200.jpg 300w, https:\/\/radiorevelacionfm.cl\/wp-content\/uploads\/2022\/12\/319686776_465185225691767_171790647688189754_n-1_optimized-1-768x513.jpg 768w, https:\/\/radiorevelacionfm.cl\/wp-content\/uploads\/2022\/12\/319686776_465185225691767_171790647688189754_n-1_optimized-1-705x471.jpg 705w, https:\/\/radiorevelacionfm.cl\/wp-content\/uploads\/2022\/12\/319686776_465185225691767_171790647688189754_n-1_optimized-1-600x400.jpg 600w\" sizes=\"(max-width: 899px) 100vw, 899px\" \/><\/div><\/div><\/div><\/div><div class=\"flex_column av_one_full  flex_column_div av-zero-column-padding first  avia-builder-el-2  el_after_av_one_full  el_before_av_one_full  column-top-margin\" style='border-radius:0px; '><section class=\"av_textblock_section \"  itemscope=\"itemscope\" itemtype=\"https:\/\/schema.org\/BlogPosting\" itemprop=\"blogPost\" ><div class='avia_textblock  '   itemprop=\"text\" ><p style=\"text-align: center;\"><span style=\"font-size: 18pt;\"><b>Delegada Capit\u00e1n Prat constata operaciones de barcaza Caleman II<\/b><\/span><\/p>\n<div id=\"gtx-trans\" style=\"position: absolute; left: -50px; top: 4.31534px;\">\n<div class=\"gtx-trans-icon\"><\/div>\n<\/div>\n<\/div><\/section><\/div><div class=\"flex_column av_one_full  flex_column_div av-zero-column-padding first  avia-builder-el-4  el_after_av_one_full  el_before_av_hr  column-top-margin\" style='border-radius:0px; '><section class=\"av_textblock_section \"  itemscope=\"itemscope\" itemtype=\"https:\/\/schema.org\/BlogPosting\" itemprop=\"blogPost\" ><div class='avia_textblock  '   itemprop=\"text\" ><p style=\"font-weight: 400; text-align: justify;\">Las operaciones de la barcaza Caleman II entre Puerto Yungay y R\u00edo Bravo, en el Fiordo Mitchell, constat\u00f3 la Delegada Presidencial Provincial Capit\u00e1n Prat, Marta Montiel Alarc\u00f3n, en el marco de la inspecci\u00f3n de los servicios de conectividad en el territorio provincial.<\/p>\n<p style=\"font-weight: 400; text-align: justify;\">La nave comenz\u00f3 a prestar servicios esta semana para la conectividad hacia y desde O\u00b4Higgins, luego que la embarcaci\u00f3n Padre Antonio Ronchi iniciara el proceso programado de carena, para su \u00f3ptimo funcionamiento.<\/p>\n<p style=\"font-weight: 400; text-align: justify;\">\u201cHoy d\u00eda est\u00e1 operando la barcaza Caleman II que viene directo desde la isla de Chilo\u00e9 para cumplir todo el tiempo en que la barcaza Ronchi se encuentre en su mantenci\u00f3n necesaria, para seguir brindando un servicio a la comunidad, a los visitantes, siempre preocupados por la conectividad y seguridad de la provincia Capit\u00e1n Prat\u201d, indic\u00f3 Marta Montiel.<\/p>\n<p style=\"font-weight: 400; text-align: justify;\">Caleman II puede trasladar hasta 150 pasajeros y cuenta con cien metros lineales de carga, de acuerdo al requerimiento de conectividad, en especial, ante el aumento del flujo de viajeros durante la temporada estival.<\/p>\n<p style=\"font-weight: 400; text-align: justify;\">El itinerario de viajes subvencionados, sin costo para pasajeros y veh\u00edculos es de lunes a domingo con salidas desde Puerto Yungay a las 10:00, 12:00, 16:00 y 18:00 horas. Desde R\u00edo Bravo, las salidas ser\u00e1n a las 11:00, 13:00, 17:00 y 19:00 horas.<\/p>\n<p style=\"font-weight: 400; text-align: justify;\">Desde enero, se sumar\u00e1 adem\u00e1s salidas a las 14:00 horas desde Puerto Yungay y a las 15:00 horas desde R\u00edo Bravo.<\/p>\n<p style=\"font-weight: 400; text-align: justify;\">Los traslados de carga peligrosa est\u00e1n programados para los d\u00edas viernes de 08:00 a 09:00 horas.<\/p>\n<p style=\"font-weight: 400; text-align: justify;\">En todos los casos, los embarques se realizan por orden de llegada.<\/p>\n<\/div><\/section><\/div><div  style='height:50px' class='hr hr-invisible   avia-builder-el-6  el_after_av_one_full  el_before_av_social_share '><span class='hr-inner ' ><span class='hr-inner-style'><\/span><\/span><\/div><\/p>\n<div  class='av-social-sharing-box  avia-builder-el-7  el_after_av_hr  el_before_av_hr  '><div class='av-share-box'><h5 class='av-share-link-description av-no-toc '>Compartir esta noticia<\/h5><ul class='av-share-box-list noLightbox'><li class='av-share-link av-social-link-facebook' ><a target=\"_blank\" aria-label=\"Compartir en Facebook\" href='https:\/\/www.facebook.com\/sharer.php?u=https:\/\/radiorevelacionfm.cl\/?p=25786&#038;t=Delegada%20Capit%C3%A1n%20Prat%20constata%20operaciones%20de%20barcaza%20Caleman%20II' aria-hidden='false' data-av_icon='\ue8f3' data-av_iconfont='entypo-fontello' title='' data-avia-related-tooltip='Compartir en Facebook' rel=\"noopener\"><span class='avia_hidden_link_text'>Compartir en Facebook<\/span><\/a><\/li><li class='av-share-link av-social-link-twitter' ><a target=\"_blank\" aria-label=\"Compartir en Twitter\" href='https:\/\/twitter.com\/share?text=Delegada%20Capit%C3%A1n%20Prat%20constata%20operaciones%20de%20barcaza%20Caleman%20II&#038;url=https:\/\/radiorevelacionfm.cl\/?p=25786' aria-hidden='false' data-av_icon='\ue8f1' data-av_iconfont='entypo-fontello' title='' data-avia-related-tooltip='Compartir en Twitter' rel=\"noopener\"><span class='avia_hidden_link_text'>Compartir en Twitter<\/span><\/a><\/li><li class='av-share-link av-social-link-whatsapp' ><a target=\"_blank\" aria-label=\"Compartir en Whatsapp\" href='https:\/\/api.whatsapp.com\/send?text=https:\/\/radiorevelacionfm.cl\/?p=25786' aria-hidden='false' data-av_icon='\uf232' data-av_iconfont='entypo-fontello' title='' data-avia-related-tooltip='Compartir en Whatsapp' rel=\"noopener\"><span class='avia_hidden_link_text'>Compartir en Whatsapp<\/span><\/a><\/li><li class='av-share-link av-social-link-linkedin' ><a target=\"_blank\" aria-label=\"Compartir en LinkedIn\" href='https:\/\/linkedin.com\/shareArticle?mini=true&#038;title=Delegada%20Capit%C3%A1n%20Prat%20constata%20operaciones%20de%20barcaza%20Caleman%20II&#038;url=https:\/\/radiorevelacionfm.cl\/?p=25786' aria-hidden='false' data-av_icon='\ue8fc' data-av_iconfont='entypo-fontello' title='' data-avia-related-tooltip='Compartir en LinkedIn' rel=\"noopener\"><span class='avia_hidden_link_text'>Compartir en LinkedIn<\/span><\/a><\/li><li class='av-share-link av-social-link-mail' ><a  aria-label=\"Compartir por correo\" href='mailto:?subject=Delegada%20Capit%C3%A1n%20Prat%20constata%20operaciones%20de%20barcaza%20Caleman%20II&#038;body=https:\/\/radiorevelacionfm.cl\/?p=25786' aria-hidden='false' data-av_icon='\ue805' data-av_iconfont='entypo-fontello' title='' data-avia-related-tooltip='Compartir por correo'><span class='avia_hidden_link_text'>Compartir por correo<\/span><\/a><\/li><\/ul><\/div><\/div>\n<div  style='height:50px' class='hr hr-invisible   avia-builder-el-8  el_after_av_social_share  el_before_av_comments_list '><span class='hr-inner ' ><span class='hr-inner-style'><\/span><\/span><\/div>\n<div  class='av-buildercomment  av-blog-meta-html-info-disabled av-blog-meta-tag-disabled  '><\/div>\n","protected":false},"excerpt":{"rendered":"","protected":false},"author":1,"featured_media":25787,"comment_status":"open","ping_status":"open","sticky":false,"template":"","format":"standard","meta":{"footnotes":""},"categories":[38],"tags":[],"class_list":["post-25786","post","type-post","status-publish","format-standard","has-post-thumbnail","hentry","category-regional"],"jetpack_featured_media_url":"https:\/\/radiorevelacionfm.cl\/wp-content\/uploads\/2022\/12\/319686776_465185225691767_171790647688189754_n-1_optimized-1.jpg","_links":{"self":[{"href":"https:\/\/radiorevelacionfm.cl\/index.php?rest_route=\/wp\/v2\/posts\/25786","targetHints":{"allow":["GET"]}}],"collection":[{"href":"https:\/\/radiorevelacionfm.cl\/index.php?rest_route=\/wp\/v2\/posts"}],"about":[{"href":"https:\/\/radiorevelacionfm.cl\/index.php?rest_route=\/wp\/v2\/types\/post"}],"author":[{"embeddable":true,"href":"https:\/\/radiorevelacionfm.cl\/index.php?rest_route=\/wp\/v2\/users\/1"}],"replies":[{"embeddable":true,"href":"https:\/\/radiorevelacionfm.cl\/index.php?rest_route=%2Fwp%2Fv2%2Fcomments&post=25786"}],"version-history":[{"count":2,"href":"https:\/\/radiorevelacionfm.cl\/index.php?rest_route=\/wp\/v2\/posts\/25786\/revisions"}],"predecessor-version":[{"id":25789,"href":"https:\/\/radiorevelacionfm.cl\/index.php?rest_route=\/wp\/v2\/posts\/25786\/revisions\/25789"}],"wp:featuredmedia":[{"embeddable":true,"href":"https:\/\/radiorevelacionfm.cl\/index.php?rest_route=\/wp\/v2\/media\/25787"}],"wp:attachment":[{"href":"https:\/\/radiorevelacionfm.cl\/index.php?rest_route=%2Fwp%2Fv2%2Fmedia&parent=25786"}],"wp:term":[{"taxonomy":"category","embeddable":true,"href":"https:\/\/radiorevelacionfm.cl\/index.php?rest_route=%2Fwp%2Fv2%2Fcategories&post=25786"},{"taxonomy":"post_tag","embeddable":true,"href":"https:\/\/radiorevelacionfm.cl\/index.php?rest_route=%2Fwp%2Fv2%2Ftags&post=25786"}],"curies":[{"name":"wp","href":"https:\/\/api.w.org\/{rel}","templated":true}]}}