{"id":25779,"date":"2022-12-22T19:30:12","date_gmt":"2022-12-22T22:30:12","guid":{"rendered":"https:\/\/radiorevelacionfm.cl\/?p=25779"},"modified":"2022-12-22T19:30:12","modified_gmt":"2022-12-22T22:30:12","slug":"recuperacion-de-espacios-publicos-el-poder-transformador-de-la-cultura","status":"publish","type":"post","link":"https:\/\/radiorevelacionfm.cl\/?p=25779","title":{"rendered":"Recuperaci\u00f3n de espacios p\u00fablicos, el poder transformador de la cultura"},"content":{"rendered":"<div class=\"flex_column av_one_full  flex_column_div av-zero-column-padding first  avia-builder-el-0  el_before_av_one_full  avia-builder-el-first  \" style='border-radius:0px; '><div  class='avia-image-container  av-styling-    avia-builder-el-1  avia-builder-el-no-sibling  avia-align-center '  itemprop=\"image\" itemscope=\"itemscope\" itemtype=\"https:\/\/schema.org\/ImageObject\"  ><div class='avia-image-container-inner'><div class='avia-image-overlay-wrap'><img decoding=\"async\" class='wp-image-25780 avia-img-lazy-loading-not-25780 avia_image' src=\"https:\/\/radiorevelacionfm.cl\/wp-content\/uploads\/2022\/12\/Julieta-Brodsky-Hernandez1-1-1.jpg\" alt='' title='Julieta Brodsky Hern\u00e1ndez1 (1) (1)' height=\"600\" width=\"1033\"  itemprop=\"thumbnailUrl\" srcset=\"https:\/\/radiorevelacionfm.cl\/wp-content\/uploads\/2022\/12\/Julieta-Brodsky-Hernandez1-1-1.jpg 1033w, https:\/\/radiorevelacionfm.cl\/wp-content\/uploads\/2022\/12\/Julieta-Brodsky-Hernandez1-1-1-300x174.jpg 300w, https:\/\/radiorevelacionfm.cl\/wp-content\/uploads\/2022\/12\/Julieta-Brodsky-Hernandez1-1-1-1030x598.jpg 1030w, https:\/\/radiorevelacionfm.cl\/wp-content\/uploads\/2022\/12\/Julieta-Brodsky-Hernandez1-1-1-768x446.jpg 768w, https:\/\/radiorevelacionfm.cl\/wp-content\/uploads\/2022\/12\/Julieta-Brodsky-Hernandez1-1-1-705x409.jpg 705w, https:\/\/radiorevelacionfm.cl\/wp-content\/uploads\/2022\/12\/Julieta-Brodsky-Hernandez1-1-1-600x348.jpg 600w\" sizes=\"(max-width: 1033px) 100vw, 1033px\" \/><\/div><\/div><\/div><\/div><div class=\"flex_column av_one_full  flex_column_div av-zero-column-padding first  avia-builder-el-2  el_after_av_one_full  el_before_av_one_full  column-top-margin\" style='border-radius:0px; '><section class=\"av_textblock_section \"  itemscope=\"itemscope\" itemtype=\"https:\/\/schema.org\/BlogPosting\" itemprop=\"blogPost\" ><div class='avia_textblock  '   itemprop=\"text\" ><p style=\"text-align: center;\"><span style=\"font-size: 18pt;\"><strong>Recuperaci\u00f3n de espacios p\u00fablicos, el poder transformador de la cultura<\/strong><\/span><\/p>\n<div id=\"gtx-trans\" style=\"position: absolute; left: -50px; top: 4.31534px;\">\n<div class=\"gtx-trans-icon\"><\/div>\n<\/div>\n<\/div><\/section><\/div><div class=\"flex_column av_one_full  flex_column_div av-zero-column-padding first  avia-builder-el-4  el_after_av_one_full  el_before_av_hr  column-top-margin\" style='border-radius:0px; '><section class=\"av_textblock_section \"  itemscope=\"itemscope\" itemtype=\"https:\/\/schema.org\/BlogPosting\" itemprop=\"blogPost\" ><div class='avia_textblock  '   itemprop=\"text\" ><p style=\"text-align: justify;\">Un desaf\u00edo prioritario del Gobierno es la recuperaci\u00f3n de los espacios p\u00fablicos y la seguridad de barrios y territorios a lo largo del pa\u00eds. Desde nuestro Ministerio entendemos que las culturas, las artes y el patrimonio son indispensables en esta tarea, por eso hemos abordado esta problem\u00e1tica a trav\u00e9s de la disponibilidad de una oferta cultural diversa, la que resulta esencial no solo para la recuperaci\u00f3n econ\u00f3mica y laboral de trabajadores y trabajadoras de la cultura, sino tambi\u00e9n para el reencuentro de la ciudadan\u00eda con la actividad cultural que fortalece el sentido de comunidad y reapropiaci\u00f3n de espacios p\u00fablicos.<\/p>\n<p style=\"text-align: justify;\">Las actividades culturales han regresado, luego de un trabajo coordinado con el Ministerio de Salud en la flexibilizaci\u00f3n de aforos para espacios culturales y eventos masivos. Las personas volvieron a conciertos, salas de teatro, museos y espacios destinados a diferentes disciplinas. Desde el Ministerio hemos impulsado que la cultura tambi\u00e9n vuelva a los barrios y espacios p\u00fablicos, porque sabemos que su poder transformador impacta positivamente en los territorios. Con este convencimiento, estamos implementando un Plan de Reactivaci\u00f3n Cultural que est\u00e1 regionalizando cerca de $2.800 millones y que registra, hasta el momento, m\u00e1s de 200 actividades a lo largo de todo Chile. A esto se suman las iniciativas desarrolladas en conjunto con el Ministerio de Econom\u00eda, que est\u00e1n beneficiando con $8.300 millones a organizaciones gremiales, cooperativas, micro, peque\u00f1as y medianas empresas en comunidades y territorios.<\/p>\n<p style=\"text-align: justify;\">Con el Ministerio del Interior y Seguridad P\u00fablica, y el de Deportes, en una coordinaci\u00f3n interministerial, estamos trabajando el programa Patios Culturales, iniciativa que lleva actividades culturales y deportivas a lugares donde la realidad escasamente las ofrece. Adicionalmente, con la Municipalidad de Santiago, implementamos Parques Abiertos, que invita a disfrutar de \u00e1reas verdes con intervenciones art\u00edsticas y culturales. Y durante el verano tendremos una contundente programaci\u00f3n cultural a trav\u00e9s de festivales, ferias y encuentros en todo el pa\u00eds.<\/p>\n<p style=\"text-align: justify;\">Paralelamente, este 2022 sacamos adelante Puntos de Cultura Comunitaria, pol\u00edtica p\u00fablica considerada en el programa de Gobierno que invita a revalorar las culturas que surgen desde la diversidad de territorios y organizaciones comunitarias, entendiendo su rol primordial en la generaci\u00f3n de tejido social, sentido y seguridad en las comunidades. Hace unas semanas lanzamos esta iniciativa que se construy\u00f3 con di\u00e1logos ciudadanos, a trav\u00e9s de \u00a0121 encuentros con m\u00e1s de 1.400 participantes pertenecientes a 825 organizaciones culturales comunitarias.<\/p>\n<p style=\"text-align: justify;\">Como Gobierno sabemos que a\u00fan falta por avanzar, pero seguiremos trabajando para que la cultura cumpla un rol determinante en el bienestar individual y social, en el fortalecimiento de la cohesi\u00f3n social y la profundizaci\u00f3n de la democracia.<\/p>\n<p>Julieta Brodsky Hern\u00e1ndez, Ministra de las Culturas, las Artes y el Patrimonio.<\/p>\n<\/div><\/section><\/div><div  style='height:50px' class='hr hr-invisible   avia-builder-el-6  el_after_av_one_full  el_before_av_social_share '><span class='hr-inner ' ><span class='hr-inner-style'><\/span><\/span><\/div><\/p>\n<div  class='av-social-sharing-box  avia-builder-el-7  el_after_av_hr  el_before_av_hr  '><div class='av-share-box'><h5 class='av-share-link-description av-no-toc '>Compartir esta noticia<\/h5><ul class='av-share-box-list noLightbox'><li class='av-share-link av-social-link-facebook' ><a target=\"_blank\" aria-label=\"Compartir en Facebook\" href='https:\/\/www.facebook.com\/sharer.php?u=https:\/\/radiorevelacionfm.cl\/?p=25779&#038;t=Recuperaci%C3%B3n%20de%20espacios%20p%C3%BAblicos%2C%20el%20poder%20transformador%20de%20la%20cultura' aria-hidden='false' data-av_icon='\ue8f3' data-av_iconfont='entypo-fontello' title='' data-avia-related-tooltip='Compartir en Facebook' rel=\"noopener\"><span class='avia_hidden_link_text'>Compartir en Facebook<\/span><\/a><\/li><li class='av-share-link av-social-link-twitter' ><a target=\"_blank\" aria-label=\"Compartir en Twitter\" href='https:\/\/twitter.com\/share?text=Recuperaci%C3%B3n%20de%20espacios%20p%C3%BAblicos%2C%20el%20poder%20transformador%20de%20la%20cultura&#038;url=https:\/\/radiorevelacionfm.cl\/?p=25779' aria-hidden='false' data-av_icon='\ue8f1' data-av_iconfont='entypo-fontello' title='' data-avia-related-tooltip='Compartir en Twitter' rel=\"noopener\"><span class='avia_hidden_link_text'>Compartir en Twitter<\/span><\/a><\/li><li class='av-share-link av-social-link-whatsapp' ><a target=\"_blank\" aria-label=\"Compartir en Whatsapp\" href='https:\/\/api.whatsapp.com\/send?text=https:\/\/radiorevelacionfm.cl\/?p=25779' aria-hidden='false' data-av_icon='\uf232' data-av_iconfont='entypo-fontello' title='' data-avia-related-tooltip='Compartir en Whatsapp' rel=\"noopener\"><span class='avia_hidden_link_text'>Compartir en Whatsapp<\/span><\/a><\/li><li class='av-share-link av-social-link-linkedin' ><a target=\"_blank\" aria-label=\"Compartir en LinkedIn\" href='https:\/\/linkedin.com\/shareArticle?mini=true&#038;title=Recuperaci%C3%B3n%20de%20espacios%20p%C3%BAblicos%2C%20el%20poder%20transformador%20de%20la%20cultura&#038;url=https:\/\/radiorevelacionfm.cl\/?p=25779' aria-hidden='false' data-av_icon='\ue8fc' data-av_iconfont='entypo-fontello' title='' data-avia-related-tooltip='Compartir en LinkedIn' rel=\"noopener\"><span class='avia_hidden_link_text'>Compartir en LinkedIn<\/span><\/a><\/li><li class='av-share-link av-social-link-mail' ><a  aria-label=\"Compartir por correo\" href='mailto:?subject=Recuperaci%C3%B3n%20de%20espacios%20p%C3%BAblicos%2C%20el%20poder%20transformador%20de%20la%20cultura&#038;body=https:\/\/radiorevelacionfm.cl\/?p=25779' aria-hidden='false' data-av_icon='\ue805' data-av_iconfont='entypo-fontello' title='' data-avia-related-tooltip='Compartir por correo'><span class='avia_hidden_link_text'>Compartir por correo<\/span><\/a><\/li><\/ul><\/div><\/div>\n<div  style='height:50px' class='hr hr-invisible   avia-builder-el-8  el_after_av_social_share  el_before_av_comments_list '><span class='hr-inner ' ><span class='hr-inner-style'><\/span><\/span><\/div>\n<div  class='av-buildercomment  av-blog-meta-html-info-disabled av-blog-meta-tag-disabled  '><\/div>\n","protected":false},"excerpt":{"rendered":"","protected":false},"author":1,"featured_media":25780,"comment_status":"open","ping_status":"open","sticky":false,"template":"","format":"standard","meta":{"footnotes":""},"categories":[52],"tags":[],"class_list":["post-25779","post","type-post","status-publish","format-standard","has-post-thumbnail","hentry","category-cultura"],"jetpack_featured_media_url":"https:\/\/radiorevelacionfm.cl\/wp-content\/uploads\/2022\/12\/Julieta-Brodsky-Hernandez1-1-1.jpg","_links":{"self":[{"href":"https:\/\/radiorevelacionfm.cl\/index.php?rest_route=\/wp\/v2\/posts\/25779","targetHints":{"allow":["GET"]}}],"collection":[{"href":"https:\/\/radiorevelacionfm.cl\/index.php?rest_route=\/wp\/v2\/posts"}],"about":[{"href":"https:\/\/radiorevelacionfm.cl\/index.php?rest_route=\/wp\/v2\/types\/post"}],"author":[{"embeddable":true,"href":"https:\/\/radiorevelacionfm.cl\/index.php?rest_route=\/wp\/v2\/users\/1"}],"replies":[{"embeddable":true,"href":"https:\/\/radiorevelacionfm.cl\/index.php?rest_route=%2Fwp%2Fv2%2Fcomments&post=25779"}],"version-history":[{"count":2,"href":"https:\/\/radiorevelacionfm.cl\/index.php?rest_route=\/wp\/v2\/posts\/25779\/revisions"}],"predecessor-version":[{"id":25822,"href":"https:\/\/radiorevelacionfm.cl\/index.php?rest_route=\/wp\/v2\/posts\/25779\/revisions\/25822"}],"wp:featuredmedia":[{"embeddable":true,"href":"https:\/\/radiorevelacionfm.cl\/index.php?rest_route=\/wp\/v2\/media\/25780"}],"wp:attachment":[{"href":"https:\/\/radiorevelacionfm.cl\/index.php?rest_route=%2Fwp%2Fv2%2Fmedia&parent=25779"}],"wp:term":[{"taxonomy":"category","embeddable":true,"href":"https:\/\/radiorevelacionfm.cl\/index.php?rest_route=%2Fwp%2Fv2%2Fcategories&post=25779"},{"taxonomy":"post_tag","embeddable":true,"href":"https:\/\/radiorevelacionfm.cl\/index.php?rest_route=%2Fwp%2Fv2%2Ftags&post=25779"}],"curies":[{"name":"wp","href":"https:\/\/api.w.org\/{rel}","templated":true}]}}