{"id":25774,"date":"2022-12-21T20:20:49","date_gmt":"2022-12-21T23:20:49","guid":{"rendered":"https:\/\/radiorevelacionfm.cl\/?p=25774"},"modified":"2022-12-21T20:24:29","modified_gmt":"2022-12-21T23:24:29","slug":"declaran-alerta-preventiva-para-las-comunas-de-cochrane-y-tortel-por-aumento-de-caudal","status":"publish","type":"post","link":"https:\/\/radiorevelacionfm.cl\/?p=25774","title":{"rendered":"Declaran Alerta Preventiva para las comunas de Cochrane y Tortel por aumento de caudal"},"content":{"rendered":"<div class=\"flex_column av_one_full  flex_column_div av-zero-column-padding first  avia-builder-el-0  el_before_av_one_full  avia-builder-el-first  \" style='border-radius:0px; '><div  class='avia-image-container  av-styling-    avia-builder-el-1  avia-builder-el-no-sibling  avia-align-center '  itemprop=\"image\" itemscope=\"itemscope\" itemtype=\"https:\/\/schema.org\/ImageObject\"  ><div class='avia-image-container-inner'><div class='avia-image-overlay-wrap'><img decoding=\"async\" class='wp-image-25775 avia-img-lazy-loading-not-25775 avia_image' src=\"https:\/\/radiorevelacionfm.cl\/wp-content\/uploads\/2022\/12\/rio-baker2-1_optimized-1.jpg\" alt='' title='rio-baker2-(1)_optimized (1)' height=\"600\" width=\"1034\"  itemprop=\"thumbnailUrl\" srcset=\"https:\/\/radiorevelacionfm.cl\/wp-content\/uploads\/2022\/12\/rio-baker2-1_optimized-1.jpg 1034w, https:\/\/radiorevelacionfm.cl\/wp-content\/uploads\/2022\/12\/rio-baker2-1_optimized-1-300x174.jpg 300w, https:\/\/radiorevelacionfm.cl\/wp-content\/uploads\/2022\/12\/rio-baker2-1_optimized-1-1030x598.jpg 1030w, https:\/\/radiorevelacionfm.cl\/wp-content\/uploads\/2022\/12\/rio-baker2-1_optimized-1-768x446.jpg 768w, https:\/\/radiorevelacionfm.cl\/wp-content\/uploads\/2022\/12\/rio-baker2-1_optimized-1-705x409.jpg 705w, https:\/\/radiorevelacionfm.cl\/wp-content\/uploads\/2022\/12\/rio-baker2-1_optimized-1-600x348.jpg 600w\" sizes=\"(max-width: 1034px) 100vw, 1034px\" \/><\/div><\/div><\/div><\/div>\n<div class=\"flex_column av_one_full  flex_column_div av-zero-column-padding first  avia-builder-el-2  el_after_av_one_full  el_before_av_one_full  column-top-margin\" style='border-radius:0px; '><section class=\"av_textblock_section \"  itemscope=\"itemscope\" itemtype=\"https:\/\/schema.org\/BlogPosting\" itemprop=\"blogPost\" ><div class='avia_textblock  '   itemprop=\"text\" ><p style=\"text-align: center;\"><strong><span style=\"font-size: 18pt;\">Declaran Alerta Preventiva para las comunas de Cochrane y Tortel por aumento de caudal<\/span><\/strong><\/p>\n<div id=\"gtx-trans\" style=\"position: absolute; left: -50px; top: 4.31534px;\">\n<div class=\"gtx-trans-icon\"><\/div>\n<\/div>\n<\/div><\/section><\/div>\n<div class=\"flex_column av_one_full  flex_column_div av-zero-column-padding first  avia-builder-el-4  el_after_av_one_full  el_before_av_hr  column-top-margin\" style='border-radius:0px; '><section class=\"av_textblock_section \"  itemscope=\"itemscope\" itemtype=\"https:\/\/schema.org\/BlogPosting\" itemprop=\"blogPost\" ><div class='avia_textblock  '   itemprop=\"text\" ><p style=\"text-align: justify;\">De acuerdo con la minuta T\u00e9cnica N\u00b018 del 21 de diciembre de 2022, emitida por la Direcci\u00f3n General de Aguas de la Regi\u00f3n de Ays\u00e9n, la cual manifiesta:<\/p>\n<p style=\"text-align: justify;\">Desde el d\u00eda de ayer 20 de diciembre, el r\u00edo Baker ha presentado una tendencia sostenida al incremento de caudales, observ\u00e1ndose actualmente un flujo de aproximadamente 1200 m3\/s, aguas abajo de la junta con el r\u00edo Colonia.<\/p>\n<p style=\"text-align: justify;\">La tendencia al incremento de caudales solo es observada por las estaciones localizadas aguas abajo de la junta con el r\u00edo Colonia, lo anterior dado que este incremento no se observa en la estaci\u00f3n R\u00edo Baker en angostura Chacabuco.<\/p>\n<p style=\"text-align: justify;\">El lago Colonia ha incrementado sostenidamente sus niveles de agua durante los 2 \u00faltimos d\u00edas, acumulando un incremento de aproximadamente 0.8 m en las \u00faltimas 40 horas.<\/p>\n<p style=\"text-align: justify;\">Dado lo anterior se presume que el incremento de caudal tiene origen en la cuenca del R\u00edo Colonia, no identificando hasta ahora el fen\u00f3meno que est\u00e1 generando esta crecida de caudal.<\/p>\n<p style=\"text-align: justify;\">Se recomienda tomar las medidas de seguridad para las personas que puedan realizar actividades en los bordes del cauce del R\u00edo Baker y Colonia.<\/p>\n<p style=\"text-align: justify;\">En atenci\u00f3n a lo anterior, este Centro de Alerta Temprana DECLARA ALERTA VERDE TEMPRANA PREVENTIVA, vigente desde hoy 21 de diciembre de 2022, para las comunas de Cochrane y Tortel, en la Provincia de Capit\u00e1n Prat, por AUMENTO DE CAUDAL.<\/p>\n<p style=\"text-align: justify;\">La Direcci\u00f3n Regional ONEMI Ays\u00e9n, mantendr\u00e1 constante monitoreo con pobladores del sector mediante radio estaciones HF, como as\u00ed tambi\u00e9n se mantendr\u00e1n coordinados con la Direcci\u00f3n General de Aguas para mantener oportunamente informado al Sistema Nacional de Prevenci\u00f3n y Respuesta ante Desastres.<\/p>\n<\/div><\/section><\/div><div  style='height:50px' class='hr hr-invisible   avia-builder-el-6  el_after_av_one_full  el_before_av_social_share '><span class='hr-inner ' ><span class='hr-inner-style'><\/span><\/span><\/div><\/p>\n<div  class='av-social-sharing-box  avia-builder-el-7  el_after_av_hr  el_before_av_hr  '><div class='av-share-box'><h5 class='av-share-link-description av-no-toc '>Compartir esta noticia<\/h5><ul class='av-share-box-list noLightbox'><li class='av-share-link av-social-link-facebook' ><a target=\"_blank\" aria-label=\"Compartir en Facebook\" href='https:\/\/www.facebook.com\/sharer.php?u=https:\/\/radiorevelacionfm.cl\/?p=25774&#038;t=Declaran%20Alerta%20Preventiva%20para%20las%20comunas%20de%20Cochrane%20y%20Tortel%20por%20aumento%20de%20caudal' aria-hidden='false' data-av_icon='\ue8f3' data-av_iconfont='entypo-fontello' title='' data-avia-related-tooltip='Compartir en Facebook' rel=\"noopener\"><span class='avia_hidden_link_text'>Compartir en Facebook<\/span><\/a><\/li><li class='av-share-link av-social-link-twitter' ><a target=\"_blank\" aria-label=\"Compartir en Twitter\" href='https:\/\/twitter.com\/share?text=Declaran%20Alerta%20Preventiva%20para%20las%20comunas%20de%20Cochrane%20y%20Tortel%20por%20aumento%20de%20caudal&#038;url=https:\/\/radiorevelacionfm.cl\/?p=25774' aria-hidden='false' data-av_icon='\ue8f1' data-av_iconfont='entypo-fontello' title='' data-avia-related-tooltip='Compartir en Twitter' rel=\"noopener\"><span class='avia_hidden_link_text'>Compartir en Twitter<\/span><\/a><\/li><li class='av-share-link av-social-link-whatsapp' ><a target=\"_blank\" aria-label=\"Compartir en Whatsapp\" href='https:\/\/api.whatsapp.com\/send?text=https:\/\/radiorevelacionfm.cl\/?p=25774' aria-hidden='false' data-av_icon='\uf232' data-av_iconfont='entypo-fontello' title='' data-avia-related-tooltip='Compartir en Whatsapp' rel=\"noopener\"><span class='avia_hidden_link_text'>Compartir en Whatsapp<\/span><\/a><\/li><li class='av-share-link av-social-link-linkedin' ><a target=\"_blank\" aria-label=\"Compartir en LinkedIn\" href='https:\/\/linkedin.com\/shareArticle?mini=true&#038;title=Declaran%20Alerta%20Preventiva%20para%20las%20comunas%20de%20Cochrane%20y%20Tortel%20por%20aumento%20de%20caudal&#038;url=https:\/\/radiorevelacionfm.cl\/?p=25774' aria-hidden='false' data-av_icon='\ue8fc' data-av_iconfont='entypo-fontello' title='' data-avia-related-tooltip='Compartir en LinkedIn' rel=\"noopener\"><span class='avia_hidden_link_text'>Compartir en LinkedIn<\/span><\/a><\/li><li class='av-share-link av-social-link-mail' ><a  aria-label=\"Compartir por correo\" href='mailto:?subject=Declaran%20Alerta%20Preventiva%20para%20las%20comunas%20de%20Cochrane%20y%20Tortel%20por%20aumento%20de%20caudal&#038;body=https:\/\/radiorevelacionfm.cl\/?p=25774' aria-hidden='false' data-av_icon='\ue805' data-av_iconfont='entypo-fontello' title='' data-avia-related-tooltip='Compartir por correo'><span class='avia_hidden_link_text'>Compartir por correo<\/span><\/a><\/li><\/ul><\/div><\/div>\n<div  style='height:50px' class='hr hr-invisible   avia-builder-el-8  el_after_av_social_share  el_before_av_comments_list '><span class='hr-inner ' ><span class='hr-inner-style'><\/span><\/span><\/div>\n<div  class='av-buildercomment  av-blog-meta-html-info-disabled av-blog-meta-tag-disabled  '><\/div>\n","protected":false},"excerpt":{"rendered":"","protected":false},"author":1,"featured_media":25775,"comment_status":"open","ping_status":"open","sticky":false,"template":"","format":"standard","meta":{"footnotes":""},"categories":[38],"tags":[],"class_list":["post-25774","post","type-post","status-publish","format-standard","has-post-thumbnail","hentry","category-regional"],"jetpack_featured_media_url":"https:\/\/radiorevelacionfm.cl\/wp-content\/uploads\/2022\/12\/rio-baker2-1_optimized-1.jpg","_links":{"self":[{"href":"https:\/\/radiorevelacionfm.cl\/index.php?rest_route=\/wp\/v2\/posts\/25774","targetHints":{"allow":["GET"]}}],"collection":[{"href":"https:\/\/radiorevelacionfm.cl\/index.php?rest_route=\/wp\/v2\/posts"}],"about":[{"href":"https:\/\/radiorevelacionfm.cl\/index.php?rest_route=\/wp\/v2\/types\/post"}],"author":[{"embeddable":true,"href":"https:\/\/radiorevelacionfm.cl\/index.php?rest_route=\/wp\/v2\/users\/1"}],"replies":[{"embeddable":true,"href":"https:\/\/radiorevelacionfm.cl\/index.php?rest_route=%2Fwp%2Fv2%2Fcomments&post=25774"}],"version-history":[{"count":3,"href":"https:\/\/radiorevelacionfm.cl\/index.php?rest_route=\/wp\/v2\/posts\/25774\/revisions"}],"predecessor-version":[{"id":25782,"href":"https:\/\/radiorevelacionfm.cl\/index.php?rest_route=\/wp\/v2\/posts\/25774\/revisions\/25782"}],"wp:featuredmedia":[{"embeddable":true,"href":"https:\/\/radiorevelacionfm.cl\/index.php?rest_route=\/wp\/v2\/media\/25775"}],"wp:attachment":[{"href":"https:\/\/radiorevelacionfm.cl\/index.php?rest_route=%2Fwp%2Fv2%2Fmedia&parent=25774"}],"wp:term":[{"taxonomy":"category","embeddable":true,"href":"https:\/\/radiorevelacionfm.cl\/index.php?rest_route=%2Fwp%2Fv2%2Fcategories&post=25774"},{"taxonomy":"post_tag","embeddable":true,"href":"https:\/\/radiorevelacionfm.cl\/index.php?rest_route=%2Fwp%2Fv2%2Ftags&post=25774"}],"curies":[{"name":"wp","href":"https:\/\/api.w.org\/{rel}","templated":true}]}}