{"id":25769,"date":"2022-12-22T10:29:13","date_gmt":"2022-12-22T13:29:13","guid":{"rendered":"https:\/\/radiorevelacionfm.cl\/?p=25769"},"modified":"2022-12-22T10:29:13","modified_gmt":"2022-12-22T13:29:13","slug":"asociacion-de-funcionarios-de-la-universidad-de-aysen-inician-paralizacion-de-actividades-por-negociacion-de-reajuste-2023","status":"publish","type":"post","link":"https:\/\/radiorevelacionfm.cl\/?p=25769","title":{"rendered":"Asociaci\u00f3n de Funcionarios de la Universidad de Ays\u00e9n inician paralizaci\u00f3n de actividades por negociaci\u00f3n de reajuste 2023"},"content":{"rendered":"<div class=\"flex_column av_one_full  flex_column_div av-zero-column-padding first  avia-builder-el-0  el_before_av_one_full  avia-builder-el-first  \" style='border-radius:0px; '><div  class='avia-image-container  av-styling-    avia-builder-el-1  avia-builder-el-no-sibling  avia-align-center '  itemprop=\"image\" itemscope=\"itemscope\" itemtype=\"https:\/\/schema.org\/ImageObject\"  ><div class='avia-image-container-inner'><div class='avia-image-overlay-wrap'><img decoding=\"async\" class='wp-image-25793 avia-img-lazy-loading-not-25793 avia_image' src=\"https:\/\/radiorevelacionfm.cl\/wp-content\/uploads\/2022\/12\/uaysen_paralizacion2-1_optimized-1.jpg\" alt='' title='uaysen_paralizacion2-(1)_optimized (1)' height=\"600\" width=\"1013\"  itemprop=\"thumbnailUrl\" srcset=\"https:\/\/radiorevelacionfm.cl\/wp-content\/uploads\/2022\/12\/uaysen_paralizacion2-1_optimized-1.jpg 1013w, https:\/\/radiorevelacionfm.cl\/wp-content\/uploads\/2022\/12\/uaysen_paralizacion2-1_optimized-1-300x178.jpg 300w, https:\/\/radiorevelacionfm.cl\/wp-content\/uploads\/2022\/12\/uaysen_paralizacion2-1_optimized-1-768x455.jpg 768w, https:\/\/radiorevelacionfm.cl\/wp-content\/uploads\/2022\/12\/uaysen_paralizacion2-1_optimized-1-705x418.jpg 705w, https:\/\/radiorevelacionfm.cl\/wp-content\/uploads\/2022\/12\/uaysen_paralizacion2-1_optimized-1-600x355.jpg 600w\" sizes=\"(max-width: 1013px) 100vw, 1013px\" \/><\/div><\/div><\/div><\/div><div class=\"flex_column av_one_full  flex_column_div av-zero-column-padding first  avia-builder-el-2  el_after_av_one_full  el_before_av_one_full  column-top-margin\" style='border-radius:0px; '><section class=\"av_textblock_section \"  itemscope=\"itemscope\" itemtype=\"https:\/\/schema.org\/BlogPosting\" itemprop=\"blogPost\" ><div class='avia_textblock  '   itemprop=\"text\" ><p style=\"text-align: center;\"><strong><span style=\"font-size: 18pt;\">Asociaci\u00f3n de Funcionarios de la Universidad de Ays\u00e9n inician paralizaci\u00f3n de actividades por negociaci\u00f3n de reajuste 2023<\/span><\/strong><\/p>\n<div id=\"gtx-trans\" style=\"position: absolute; left: -50px; top: 4.31534px;\">\n<div class=\"gtx-trans-icon\"><\/div>\n<\/div>\n<\/div><\/section><\/div><div class=\"flex_column av_one_full  flex_column_div av-zero-column-padding first  avia-builder-el-4  el_after_av_one_full  el_before_av_hr  column-top-margin\" style='border-radius:0px; '><section class=\"av_textblock_section \"  itemscope=\"itemscope\" itemtype=\"https:\/\/schema.org\/BlogPosting\" itemprop=\"blogPost\" ><div class='avia_textblock  '   itemprop=\"text\" ><p style=\"text-align: justify;\">La Asociaci\u00f3n de Funcionarios de la Universidad de Ays\u00e9n dio inicio a paralizaci\u00f3n de actividades por negociaci\u00f3n de reajuste 2023.<\/p>\n<div style=\"text-align: justify;\">A trav\u00e9s de un comunicado informaron que es una medida que se han visto obligados a tomar, frente a la respuesta en primera instancia de la autoridad universitaria el d\u00eda 19 de diciembre del presente, en reuni\u00f3n con Rector\u00eda del 0% de reajuste salarial para el a\u00f1o 2023, por lo que trabajan en una mesa de negociaci\u00f3n.<\/div>\n<p style=\"text-align: justify;\"><strong>Declaraci\u00f3n P\u00fablica<\/strong><\/p>\n<p style=\"text-align: justify;\">El personal de colaboraci\u00f3n, acad\u00e9micos y acad\u00e9micas agrupados en la Asociaci\u00f3n de Funcionarios de la Universidad de Ays\u00e9n (AFUA) informan a la comunidad regional lo siguiente:<\/p>\n<ol style=\"text-align: justify;\">\n<li>Considerando que las autoridades universitarias no hab\u00edan informado a las y los funcionarios respecto de la decisi\u00f3n de la Universidad respecto al reajuste correspondiente al a\u00f1o 2023, la directiva de AFUA solicit\u00f3 una reuni\u00f3n para abordar este tema.<\/li>\n<\/ol>\n<ol style=\"text-align: justify;\" start=\"2\">\n<li>El pasado martes 13 de diciembre (el d\u00eda previo a la visita de pares evaluadores del Comisi\u00f3n Nacional de Acreditaci\u00f3n (CNA), etapa clave del proceso de acreditaci\u00f3n institucional), las autoridades informaron a la Asociaci\u00f3n que se otorgar\u00eda un 0% de reajuste a las remuneraciones de los y las funcionarias para el a\u00f1o 2023, desconociendo el acuerdo de reajuste del sector p\u00fablico del 12%.<\/li>\n<\/ol>\n<ol style=\"text-align: justify;\" start=\"3\">\n<li>El d\u00eda 19 de diciembre, en votaci\u00f3n ampliada, los funcionarios y funcionarias de la AFUA decidieron iniciar un paro de actividades, ante la constante negativa de las autoridades universitarias de ofrecer un reajuste salarial acorde a lo establecido en el acuerdo del sector p\u00fablico o al acuerdo de las universidades agrupadas en el consorcio de universidades estatales (CUECH).<\/li>\n<\/ol>\n<ol style=\"text-align: justify;\" start=\"4\">\n<li>Los funcionarios y funcionarias rechazamos categ\u00f3ricamente la forma en la que las autoridades universitarias han llevado este proceso, sin considerar un di\u00e1logo efectivo y emp\u00e1tico, lo que nos llev\u00f3 a tomar la decisi\u00f3n de parar las actividades de la instituci\u00f3n. Actualmente, nos encontramos en un proceso de negociaci\u00f3n que, lamentablemente, hasta el d\u00eda de hoy, no ha permitido llegar a acuerdo porque las propuestas de la Universidad no han sido satisfactorias. Lo que solicitamos es un trato similar como el que se le ha dado a las y los funcionarios del sector p\u00fablico y de las universidades p\u00fablicas del pa\u00eds.<\/li>\n<\/ol>\n<ol style=\"text-align: justify;\" start=\"5\">\n<li>En este contexto, adem\u00e1s lamentamos la desvinculaci\u00f3n o t\u00e9rmino de contrato de algunos de nuestros colegas, las que se han llevado a cabo en las \u00faltimas semanas. Solidarizamos con su situaci\u00f3n y empatizamos con ellos y ellas, teniendo en cuenta lo que implica perder la fuente laboral para sus familias en \u00e9poca de fiestas de fin de a\u00f1o y ante la dif\u00edcil situaci\u00f3n econ\u00f3mica por la que atraviesa el pa\u00eds.<\/li>\n<\/ol>\n<ol style=\"text-align: justify;\" start=\"6\">\n<li>Recalcamos y agradecemos el apoyo que ha tenido a esta movilizaci\u00f3n de parte de los miembros del Senado de la Universidad de Ays\u00e9n, de las y los acad\u00e9micos de los departamentos de Ciencias Sociales y Humanidades y de Ciencias de la Salud, quienes a la fecha han realizado declaraciones p\u00fablicas en apoyo a la solicitud de esta Asociaci\u00f3n.<\/li>\n<\/ol>\n<ol style=\"text-align: justify;\" start=\"7\">\n<li>Aclaramos a la comunidad universitaria y regional que, por el momento, este paro no afecta las actividades acad\u00e9micas de nuestros estudiantes ni el acceso a las dependencias de nuestra casa de<\/li>\n<\/ol>\n<ol style=\"text-align: justify;\" start=\"8\">\n<li>Como funcionarios y funcionarias, hemos desempe\u00f1ado nuestras labores con constante e irrestricto compromiso en el proceso de levantamiento y desarrollo de este importante proyecto regional, y con especial cuidado de no afectar el proceso de acreditaci\u00f3n institucional por el que pasamos las \u00faltimas semanas, el que consolida el proyecto<\/li>\n<\/ol>\n<ol style=\"text-align: justify;\" start=\"9\">\n<li>Hoy m\u00e1s que nunca hacemos un llamado a la autoridad universitaria a abordar este proceso de negociaci\u00f3n con los y las funcionarias de la instituci\u00f3n, con el respeto y dignidad que nos merecemos, considerando el aporte que cada uno y cada una realiza para hacer crecer la Universidad de Ays\u00e9n. Lo \u00fanico que estamos solicitando es no tener una disminuci\u00f3n del poder adquisitivo dado el complejo contexto global y nacional.<\/li>\n<\/ol>\n<p style=\"text-align: justify;\">Coyhaique, 21 de diciembre de 2022.<\/p>\n<\/div><\/section><\/div><\/p>\n<div  style='height:50px' class='hr hr-invisible   avia-builder-el-6  el_after_av_one_full  el_before_av_social_share '><span class='hr-inner ' ><span class='hr-inner-style'><\/span><\/span><\/div>\n<div  class='av-social-sharing-box  avia-builder-el-7  el_after_av_hr  el_before_av_hr  '><div class='av-share-box'><h5 class='av-share-link-description av-no-toc '>Compartir esta noticia<\/h5><ul class='av-share-box-list noLightbox'><li class='av-share-link av-social-link-facebook' ><a target=\"_blank\" aria-label=\"Compartir en Facebook\" href='https:\/\/www.facebook.com\/sharer.php?u=https:\/\/radiorevelacionfm.cl\/?p=25769&#038;t=Asociaci%C3%B3n%20de%20Funcionarios%20de%20la%20Universidad%20de%20Ays%C3%A9n%20inician%20paralizaci%C3%B3n%20de%20actividades%20por%20negociaci%C3%B3n%20de%20reajuste%202023' aria-hidden='false' data-av_icon='\ue8f3' data-av_iconfont='entypo-fontello' title='' data-avia-related-tooltip='Compartir en Facebook' rel=\"noopener\"><span class='avia_hidden_link_text'>Compartir en Facebook<\/span><\/a><\/li><li class='av-share-link av-social-link-twitter' ><a target=\"_blank\" aria-label=\"Compartir en Twitter\" href='https:\/\/twitter.com\/share?text=Asociaci%C3%B3n%20de%20Funcionarios%20de%20la%20Universidad%20de%20Ays%C3%A9n%20inician%20paralizaci%C3%B3n%20de%20actividades%20por%20negociaci%C3%B3n%20de%20reajuste%202023&#038;url=https:\/\/radiorevelacionfm.cl\/?p=25769' aria-hidden='false' data-av_icon='\ue8f1' data-av_iconfont='entypo-fontello' title='' data-avia-related-tooltip='Compartir en Twitter' rel=\"noopener\"><span class='avia_hidden_link_text'>Compartir en Twitter<\/span><\/a><\/li><li class='av-share-link av-social-link-whatsapp' ><a target=\"_blank\" aria-label=\"Compartir en Whatsapp\" href='https:\/\/api.whatsapp.com\/send?text=https:\/\/radiorevelacionfm.cl\/?p=25769' aria-hidden='false' data-av_icon='\uf232' data-av_iconfont='entypo-fontello' title='' data-avia-related-tooltip='Compartir en Whatsapp' rel=\"noopener\"><span class='avia_hidden_link_text'>Compartir en Whatsapp<\/span><\/a><\/li><li class='av-share-link av-social-link-linkedin' ><a target=\"_blank\" aria-label=\"Compartir en LinkedIn\" href='https:\/\/linkedin.com\/shareArticle?mini=true&#038;title=Asociaci%C3%B3n%20de%20Funcionarios%20de%20la%20Universidad%20de%20Ays%C3%A9n%20inician%20paralizaci%C3%B3n%20de%20actividades%20por%20negociaci%C3%B3n%20de%20reajuste%202023&#038;url=https:\/\/radiorevelacionfm.cl\/?p=25769' aria-hidden='false' data-av_icon='\ue8fc' data-av_iconfont='entypo-fontello' title='' data-avia-related-tooltip='Compartir en LinkedIn' rel=\"noopener\"><span class='avia_hidden_link_text'>Compartir en LinkedIn<\/span><\/a><\/li><li class='av-share-link av-social-link-mail' ><a  aria-label=\"Compartir por correo\" href='mailto:?subject=Asociaci%C3%B3n%20de%20Funcionarios%20de%20la%20Universidad%20de%20Ays%C3%A9n%20inician%20paralizaci%C3%B3n%20de%20actividades%20por%20negociaci%C3%B3n%20de%20reajuste%202023&#038;body=https:\/\/radiorevelacionfm.cl\/?p=25769' aria-hidden='false' data-av_icon='\ue805' data-av_iconfont='entypo-fontello' title='' data-avia-related-tooltip='Compartir por correo'><span class='avia_hidden_link_text'>Compartir por correo<\/span><\/a><\/li><\/ul><\/div><\/div>\n<div  style='height:50px' class='hr hr-invisible   avia-builder-el-8  el_after_av_social_share  el_before_av_comments_list '><span class='hr-inner ' ><span class='hr-inner-style'><\/span><\/span><\/div>\n<div  class='av-buildercomment  av-blog-meta-html-info-disabled av-blog-meta-tag-disabled  '><\/div>\n","protected":false},"excerpt":{"rendered":"","protected":false},"author":1,"featured_media":25793,"comment_status":"open","ping_status":"open","sticky":false,"template":"","format":"standard","meta":{"footnotes":""},"categories":[49],"tags":[],"class_list":["post-25769","post","type-post","status-publish","format-standard","has-post-thumbnail","hentry","category-educacion"],"jetpack_featured_media_url":"https:\/\/radiorevelacionfm.cl\/wp-content\/uploads\/2022\/12\/uaysen_paralizacion2-1_optimized-1.jpg","_links":{"self":[{"href":"https:\/\/radiorevelacionfm.cl\/index.php?rest_route=\/wp\/v2\/posts\/25769","targetHints":{"allow":["GET"]}}],"collection":[{"href":"https:\/\/radiorevelacionfm.cl\/index.php?rest_route=\/wp\/v2\/posts"}],"about":[{"href":"https:\/\/radiorevelacionfm.cl\/index.php?rest_route=\/wp\/v2\/types\/post"}],"author":[{"embeddable":true,"href":"https:\/\/radiorevelacionfm.cl\/index.php?rest_route=\/wp\/v2\/users\/1"}],"replies":[{"embeddable":true,"href":"https:\/\/radiorevelacionfm.cl\/index.php?rest_route=%2Fwp%2Fv2%2Fcomments&post=25769"}],"version-history":[{"count":4,"href":"https:\/\/radiorevelacionfm.cl\/index.php?rest_route=\/wp\/v2\/posts\/25769\/revisions"}],"predecessor-version":[{"id":25796,"href":"https:\/\/radiorevelacionfm.cl\/index.php?rest_route=\/wp\/v2\/posts\/25769\/revisions\/25796"}],"wp:featuredmedia":[{"embeddable":true,"href":"https:\/\/radiorevelacionfm.cl\/index.php?rest_route=\/wp\/v2\/media\/25793"}],"wp:attachment":[{"href":"https:\/\/radiorevelacionfm.cl\/index.php?rest_route=%2Fwp%2Fv2%2Fmedia&parent=25769"}],"wp:term":[{"taxonomy":"category","embeddable":true,"href":"https:\/\/radiorevelacionfm.cl\/index.php?rest_route=%2Fwp%2Fv2%2Fcategories&post=25769"},{"taxonomy":"post_tag","embeddable":true,"href":"https:\/\/radiorevelacionfm.cl\/index.php?rest_route=%2Fwp%2Fv2%2Ftags&post=25769"}],"curies":[{"name":"wp","href":"https:\/\/api.w.org\/{rel}","templated":true}]}}