{"id":25766,"date":"2022-12-21T19:16:57","date_gmt":"2022-12-21T22:16:57","guid":{"rendered":"https:\/\/radiorevelacionfm.cl\/?p=25766"},"modified":"2022-12-21T19:16:57","modified_gmt":"2022-12-21T22:16:57","slug":"helicoptero-de-conaf-se-suma-a-recursos-para-combate-de-incendios-forestales-en-aysen","status":"publish","type":"post","link":"https:\/\/radiorevelacionfm.cl\/?p=25766","title":{"rendered":"Helic\u00f3ptero de CONAF se suma a recursos para combate de incendios forestales en Ays\u00e9n"},"content":{"rendered":"<div class=\"flex_column av_one_full  flex_column_div av-zero-column-padding first  avia-builder-el-0  el_before_av_one_full  avia-builder-el-first  \" style='border-radius:0px; '><div  class='avia-image-container  av-styling-    avia-builder-el-1  avia-builder-el-no-sibling  avia-align-center '  itemprop=\"image\" itemscope=\"itemscope\" itemtype=\"https:\/\/schema.org\/ImageObject\"  ><div class='avia-image-container-inner'><div class='avia-image-overlay-wrap'><img decoding=\"async\" class='wp-image-25767 avia-img-lazy-loading-not-25767 avia_image' src=\"https:\/\/radiorevelacionfm.cl\/wp-content\/uploads\/2022\/12\/1z9a2175-1_optimized-1.jpg\" alt='' title='1z9a2175-(1)_optimized (1)' height=\"600\" width=\"1025\"  itemprop=\"thumbnailUrl\" srcset=\"https:\/\/radiorevelacionfm.cl\/wp-content\/uploads\/2022\/12\/1z9a2175-1_optimized-1.jpg 1025w, https:\/\/radiorevelacionfm.cl\/wp-content\/uploads\/2022\/12\/1z9a2175-1_optimized-1-300x176.jpg 300w, https:\/\/radiorevelacionfm.cl\/wp-content\/uploads\/2022\/12\/1z9a2175-1_optimized-1-768x450.jpg 768w, https:\/\/radiorevelacionfm.cl\/wp-content\/uploads\/2022\/12\/1z9a2175-1_optimized-1-705x413.jpg 705w, https:\/\/radiorevelacionfm.cl\/wp-content\/uploads\/2022\/12\/1z9a2175-1_optimized-1-600x351.jpg 600w\" sizes=\"(max-width: 1025px) 100vw, 1025px\" \/><\/div><\/div><\/div><\/div><div class=\"flex_column av_one_full  flex_column_div av-zero-column-padding first  avia-builder-el-2  el_after_av_one_full  el_before_av_one_full  column-top-margin\" style='border-radius:0px; '><section class=\"av_textblock_section \"  itemscope=\"itemscope\" itemtype=\"https:\/\/schema.org\/BlogPosting\" itemprop=\"blogPost\" ><div class='avia_textblock  '   itemprop=\"text\" ><p style=\"text-align: center;\"><strong><span style=\"font-size: 18pt;\">Helic\u00f3ptero de CONAF se suma a recursos para combate de incendios forestales en Ays\u00e9n<\/span><\/strong><\/p>\n<div id=\"gtx-trans\" style=\"position: absolute; left: -50px; top: 4.31534px;\">\n<div class=\"gtx-trans-icon\"><\/div>\n<\/div>\n<\/div><\/section><\/div><div class=\"flex_column av_one_full  flex_column_div av-zero-column-padding first  avia-builder-el-4  el_after_av_one_full  el_before_av_hr  column-top-margin\" style='border-radius:0px; '><section class=\"av_textblock_section \"  itemscope=\"itemscope\" itemtype=\"https:\/\/schema.org\/BlogPosting\" itemprop=\"blogPost\" ><div class='avia_textblock  '   itemprop=\"text\" ><p class=\"v1MsoNormal v1FluidPluginCopy\" style=\"text-align: justify;\"><span class=\"v1ContentPasted0\" lang=\"ES\">Autoridades recalcaron llamado a la prevenci\u00f3n por parte de toda la comunidad, como llamado principal del Plan de Protecci\u00f3n Contra Incendios Forestales 2022-2023.<\/span><\/p>\n<p class=\"v1MsoNormal v1FluidPluginCopy\" style=\"text-align: justify;\"><span class=\"v1ContentPasted0\" lang=\"ES\">Un helic\u00f3ptero con capacidad para seis personas y 900 litros de agua mediante un helibalde, sum\u00f3 este mi\u00e9rcoles el Ministerio de Agricultura, a trav\u00e9s de CONAF a los recursos del Plan de Protecci\u00f3n Contra Incendios Forestales 2022-2023 en la Regi\u00f3n de Ays\u00e9n.<\/span><\/p>\n<p class=\"v1MsoNormal v1FluidPluginCopy\" style=\"text-align: justify;\"><span class=\"v1ContentPasted0\" lang=\"ES\">El Delegado Rodrigo Araya Morales record\u00f3 que el Presidente Gabriel Boric present\u00f3 en octubre el Plan Nacional de Protecci\u00f3n Contra Incendios Forestales 2022-2023, con un presupuesto de 83 mil millones de pesos, para disponer aeronaves y brigadistas entre Atacama y Magallanes.<\/span><\/p>\n<p class=\"v1MsoNormal v1FluidPluginCopy\" style=\"text-align: justify;\"><span class=\"v1ContentPasted0\" lang=\"ES\">\u00abLa prevenci\u00f3n es vital. Ahora, todo el despliegue del Estado, de los servicios p\u00fablicos en apoyo para combatir los incendios, apenas se produzcan, est\u00e1 aqu\u00ed presente, con todas las instituciones que tienen que ver con eso. Insisto, el mensaje a la poblaci\u00f3n es prevenci\u00f3n de los incendios forestales y el aviso oportuno, ante cualquier se\u00f1al, a CONAF, a Bomberos, a Carabineros, a todos los servicios p\u00fablicos que tengan relaci\u00f3n con esta tan trascendental campa\u00f1a que es la prevenci\u00f3n de incendios forestales. Estamos iniciando justamente el periodo en que llega gente desde fuera de la regi\u00f3n, que se van a desplazar por todo el territorio y es un factor de riesgo adicional\u00bb, afirm\u00f3.<\/span><\/p>\n<p class=\"v1MsoNormal v1FluidPluginCopy\" style=\"text-align: justify;\"><span class=\"v1ContentPasted0\" lang=\"ES\">Junto con el helic\u00f3ptero el plan en Ays\u00e9n contempla dos veh\u00edculos todo terreno de alto est\u00e1ndar; habilitados con espuma y gel retardante, equipados con tecnolog\u00eda para trabajo como puesto de mando en terreno.<\/span><\/p>\n<p class=\"v1MsoNormal v1FluidPluginCopy\" style=\"text-align: justify;\"><span class=\"v1ContentPasted0\" lang=\"ES\">Recursos\u00a0<span class=\"v1ContentPasted0\">disponibles a los que se suman un contingente de 74 brigadistas de CONAF; 123 funcionarios de las Brigada de Refuerzo Incendios Forestales Ej\u00e9rcito (BRIFE); m\u00e1s voluntarios de Bomberos, funcionarios de Onemi, Carabineros y Polic\u00eda de Investigaciones, entre otros, recalc\u00f3 el seremi Alan Espinoza Ortiz.<\/span><\/span><\/p>\n<p class=\"v1MsoNormal v1FluidPluginCopy\" style=\"text-align: justify;\"><span class=\"v1ContentPasted0\" lang=\"ES\">\u00abPor cierto que hay un esfuerzo colaborativo de muchas instituciones. Nos acompa\u00f1a el Ej\u00e9rcito, Polic\u00eda de Investigaciones, Carabineros, tenemos compa\u00f1\u00edas de bomberos especializadas en conjunto con m\u00e1s de 120 militares que han sido formados y capacitados con personal de la CONAF para poder combatir los incendios, a trav\u00e9s de las Brifes. Nosotros tenemos 14 brigadas operativas a lo largo de la regi\u00f3n, que van desde la Junta hasta Cochrane. Se\u00f1alar y recordar que el 99,7% de los incendios forestales son producidos por causa humana, por lo cual resaltamos el llamado a la prevenci\u00f3n\u00bb, destac\u00f3.<\/span><\/p>\n<p class=\"v1MsoNormal v1FluidPluginCopy\" style=\"text-align: justify;\"><span class=\"v1ContentPasted0\" lang=\"ES\">Andrea Bahamonde Valenzuela a\u00f1adi\u00f3 que la acci\u00f3n oportuna es fundamental para evitar que los incendios pasen a una etapa de propagaci\u00f3n mayor.<\/span><\/p>\n<p class=\"v1MsoNormal v1FluidPluginCopy\" style=\"text-align: justify;\"><span class=\"v1ContentPasted0\" lang=\"ES\">\u00abEsta regi\u00f3n es peculiar en su sistema de transporte terrestre, por lo tanto, este es un complemento a nuestros brigadistas, a nuestro combate terrestre, ya que tenemos m\u00e1s versatilidad, facilidad, autonom\u00eda de poder llegar a diferentes lugares de la regi\u00f3n de Ays\u00e9n, para poder hacer un combate a\u00e9reo, que nos permite mitigar el efecto del incendio forestal, evitar una propagaci\u00f3n mayor y tener un combate m\u00e1s eficiente\u00bb.<\/span><\/p>\n<p class=\"v1MsoNormal v1FluidPluginCopy\" style=\"text-align: justify;\"><span class=\"v1ContentPasted0\" lang=\"ES\">En la actividad de puesta en marcha de la aeronave en Ays\u00e9n, participaron adem\u00e1s el administrador del aer\u00f3dromo Teniente Vidal, Andr\u00e9s Murillo, director de Onemi, Sidi Bravo, Coordinador de Seguridad P\u00fablica, Crist\u00f3bal Barcel\u00f3, Jefe de Zona de Carabineros, General Patricio Santos, Prefecto PDI, Luis Torralba, Superintendente de Bomberos de Coyhaique, Cristian Opitz, y administrador patrimonial de Forestal Mininco Roderick Jara.<\/span><\/p>\n<p class=\"v1MsoNormal v1FluidPluginCopy\" style=\"text-align: justify;\"><span class=\"v1ContentPasted0\" lang=\"ES\">El 99,7% de los incendios forestales son causados por las personas, ya sea por accidente, negligencia o intencionalidad. De ah\u00ed la importancia de sensibilizar a la poblaci\u00f3n en medidas preventivas, y generar un cambio cultural sin uso de fuego en zonas de vegetaci\u00f3n.<\/span><\/p>\n<p class=\"v1MsoNormal v1FluidPluginCopy\" style=\"text-align: justify;\"><span class=\"v1ContentPasted0\" lang=\"ES\">Cabe se\u00f1alar que desde julio a la fecha ha habido 11 incendios con una superficie de 16,8 Ha. afectadas.<\/span><\/p>\n<\/div><\/section><\/div><div  style='height:50px' class='hr hr-invisible   avia-builder-el-6  el_after_av_one_full  el_before_av_social_share '><span class='hr-inner ' ><span class='hr-inner-style'><\/span><\/span><\/div><\/p>\n<div  class='av-social-sharing-box  avia-builder-el-7  el_after_av_hr  el_before_av_hr  '><div class='av-share-box'><h5 class='av-share-link-description av-no-toc '>Compartir esta noticia<\/h5><ul class='av-share-box-list noLightbox'><li class='av-share-link av-social-link-facebook' ><a target=\"_blank\" aria-label=\"Compartir en Facebook\" href='https:\/\/www.facebook.com\/sharer.php?u=https:\/\/radiorevelacionfm.cl\/?p=25766&#038;t=Helic%C3%B3ptero%20de%20CONAF%20se%20suma%20a%20recursos%20para%20combate%20de%20incendios%20forestales%20en%20Ays%C3%A9n' aria-hidden='false' data-av_icon='\ue8f3' data-av_iconfont='entypo-fontello' title='' data-avia-related-tooltip='Compartir en Facebook' rel=\"noopener\"><span class='avia_hidden_link_text'>Compartir en Facebook<\/span><\/a><\/li><li class='av-share-link av-social-link-twitter' ><a target=\"_blank\" aria-label=\"Compartir en Twitter\" href='https:\/\/twitter.com\/share?text=Helic%C3%B3ptero%20de%20CONAF%20se%20suma%20a%20recursos%20para%20combate%20de%20incendios%20forestales%20en%20Ays%C3%A9n&#038;url=https:\/\/radiorevelacionfm.cl\/?p=25766' aria-hidden='false' data-av_icon='\ue8f1' data-av_iconfont='entypo-fontello' title='' data-avia-related-tooltip='Compartir en Twitter' rel=\"noopener\"><span class='avia_hidden_link_text'>Compartir en Twitter<\/span><\/a><\/li><li class='av-share-link av-social-link-whatsapp' ><a target=\"_blank\" aria-label=\"Compartir en Whatsapp\" href='https:\/\/api.whatsapp.com\/send?text=https:\/\/radiorevelacionfm.cl\/?p=25766' aria-hidden='false' data-av_icon='\uf232' data-av_iconfont='entypo-fontello' title='' data-avia-related-tooltip='Compartir en Whatsapp' rel=\"noopener\"><span class='avia_hidden_link_text'>Compartir en Whatsapp<\/span><\/a><\/li><li class='av-share-link av-social-link-linkedin' ><a target=\"_blank\" aria-label=\"Compartir en LinkedIn\" href='https:\/\/linkedin.com\/shareArticle?mini=true&#038;title=Helic%C3%B3ptero%20de%20CONAF%20se%20suma%20a%20recursos%20para%20combate%20de%20incendios%20forestales%20en%20Ays%C3%A9n&#038;url=https:\/\/radiorevelacionfm.cl\/?p=25766' aria-hidden='false' data-av_icon='\ue8fc' data-av_iconfont='entypo-fontello' title='' data-avia-related-tooltip='Compartir en LinkedIn' rel=\"noopener\"><span class='avia_hidden_link_text'>Compartir en LinkedIn<\/span><\/a><\/li><li class='av-share-link av-social-link-mail' ><a  aria-label=\"Compartir por correo\" href='mailto:?subject=Helic%C3%B3ptero%20de%20CONAF%20se%20suma%20a%20recursos%20para%20combate%20de%20incendios%20forestales%20en%20Ays%C3%A9n&#038;body=https:\/\/radiorevelacionfm.cl\/?p=25766' aria-hidden='false' data-av_icon='\ue805' data-av_iconfont='entypo-fontello' title='' data-avia-related-tooltip='Compartir por correo'><span class='avia_hidden_link_text'>Compartir por correo<\/span><\/a><\/li><\/ul><\/div><\/div>\n<div  style='height:50px' class='hr hr-invisible   avia-builder-el-8  el_after_av_social_share  el_before_av_comments_list '><span class='hr-inner ' ><span class='hr-inner-style'><\/span><\/span><\/div>\n<div  class='av-buildercomment  av-blog-meta-html-info-disabled av-blog-meta-tag-disabled  '><\/div>\n","protected":false},"excerpt":{"rendered":"","protected":false},"author":1,"featured_media":25767,"comment_status":"open","ping_status":"open","sticky":false,"template":"","format":"standard","meta":{"footnotes":""},"categories":[38],"tags":[],"class_list":["post-25766","post","type-post","status-publish","format-standard","has-post-thumbnail","hentry","category-regional"],"jetpack_featured_media_url":"https:\/\/radiorevelacionfm.cl\/wp-content\/uploads\/2022\/12\/1z9a2175-1_optimized-1.jpg","_links":{"self":[{"href":"https:\/\/radiorevelacionfm.cl\/index.php?rest_route=\/wp\/v2\/posts\/25766","targetHints":{"allow":["GET"]}}],"collection":[{"href":"https:\/\/radiorevelacionfm.cl\/index.php?rest_route=\/wp\/v2\/posts"}],"about":[{"href":"https:\/\/radiorevelacionfm.cl\/index.php?rest_route=\/wp\/v2\/types\/post"}],"author":[{"embeddable":true,"href":"https:\/\/radiorevelacionfm.cl\/index.php?rest_route=\/wp\/v2\/users\/1"}],"replies":[{"embeddable":true,"href":"https:\/\/radiorevelacionfm.cl\/index.php?rest_route=%2Fwp%2Fv2%2Fcomments&post=25766"}],"version-history":[{"count":2,"href":"https:\/\/radiorevelacionfm.cl\/index.php?rest_route=\/wp\/v2\/posts\/25766\/revisions"}],"predecessor-version":[{"id":25773,"href":"https:\/\/radiorevelacionfm.cl\/index.php?rest_route=\/wp\/v2\/posts\/25766\/revisions\/25773"}],"wp:featuredmedia":[{"embeddable":true,"href":"https:\/\/radiorevelacionfm.cl\/index.php?rest_route=\/wp\/v2\/media\/25767"}],"wp:attachment":[{"href":"https:\/\/radiorevelacionfm.cl\/index.php?rest_route=%2Fwp%2Fv2%2Fmedia&parent=25766"}],"wp:term":[{"taxonomy":"category","embeddable":true,"href":"https:\/\/radiorevelacionfm.cl\/index.php?rest_route=%2Fwp%2Fv2%2Fcategories&post=25766"},{"taxonomy":"post_tag","embeddable":true,"href":"https:\/\/radiorevelacionfm.cl\/index.php?rest_route=%2Fwp%2Fv2%2Ftags&post=25766"}],"curies":[{"name":"wp","href":"https:\/\/api.w.org\/{rel}","templated":true}]}}