{"id":25763,"date":"2022-12-22T11:26:48","date_gmt":"2022-12-22T14:26:48","guid":{"rendered":"https:\/\/radiorevelacionfm.cl\/?p=25763"},"modified":"2022-12-22T11:26:48","modified_gmt":"2022-12-22T14:26:48","slug":"alcaldes-de-aysen-critican-visita-de-la-subsecretaria-de-turismo-a-la-region-por-falta-de-voluntad-de-trabajo-colaborativo-junto-a-municipios","status":"publish","type":"post","link":"https:\/\/radiorevelacionfm.cl\/?p=25763","title":{"rendered":"Alcaldes de Ays\u00e9n critican visita de la Subsecretaria de Turismo a la regi\u00f3n por falta de voluntad de trabajo colaborativo junto a municipios"},"content":{"rendered":"<div class=\"flex_column av_one_full  flex_column_div av-zero-column-padding first  avia-builder-el-0  el_before_av_one_full  avia-builder-el-first  \" style='border-radius:0px; '><div  class='avia-image-container  av-styling-    avia-builder-el-1  avia-builder-el-no-sibling  avia-align-center '  itemprop=\"image\" itemscope=\"itemscope\" itemtype=\"https:\/\/schema.org\/ImageObject\"  ><div class='avia-image-container-inner'><div class='avia-image-overlay-wrap'><img decoding=\"async\" class='wp-image-25764 avia-img-lazy-loading-not-25764 avia_image' src=\"https:\/\/radiorevelacionfm.cl\/wp-content\/uploads\/2022\/12\/alcaldes-dsc_0526-1_optimized.jpg\" alt='' title='alcaldes-dsc_0526-(1)_optimized' height=\"600\" width=\"900\"  itemprop=\"thumbnailUrl\" srcset=\"https:\/\/radiorevelacionfm.cl\/wp-content\/uploads\/2022\/12\/alcaldes-dsc_0526-1_optimized.jpg 900w, https:\/\/radiorevelacionfm.cl\/wp-content\/uploads\/2022\/12\/alcaldes-dsc_0526-1_optimized-300x200.jpg 300w, https:\/\/radiorevelacionfm.cl\/wp-content\/uploads\/2022\/12\/alcaldes-dsc_0526-1_optimized-768x512.jpg 768w, https:\/\/radiorevelacionfm.cl\/wp-content\/uploads\/2022\/12\/alcaldes-dsc_0526-1_optimized-705x470.jpg 705w, https:\/\/radiorevelacionfm.cl\/wp-content\/uploads\/2022\/12\/alcaldes-dsc_0526-1_optimized-600x400.jpg 600w\" sizes=\"(max-width: 900px) 100vw, 900px\" \/><\/div><\/div><\/div><\/div><div class=\"flex_column av_one_full  flex_column_div av-zero-column-padding first  avia-builder-el-2  el_after_av_one_full  el_before_av_one_full  column-top-margin\" style='border-radius:0px; '><section class=\"av_textblock_section \"  itemscope=\"itemscope\" itemtype=\"https:\/\/schema.org\/BlogPosting\" itemprop=\"blogPost\" ><div class='avia_textblock  '   itemprop=\"text\" ><p style=\"text-align: center;\"><strong><span style=\"font-size: 18pt;\">Alcaldes de Ays\u00e9n critican visita de la Subsecretaria de Turismo a la regi\u00f3n por falta de voluntad de trabajo colaborativo junto a municipios<\/span><\/strong><\/p>\n<div id=\"gtx-trans\" style=\"position: absolute; left: -50px; top: 4.31534px;\">\n<div class=\"gtx-trans-icon\"><\/div>\n<\/div>\n<\/div><\/section><\/div><div class=\"flex_column av_one_full  flex_column_div av-zero-column-padding first  avia-builder-el-4  el_after_av_one_full  el_before_av_hr  column-top-margin\" style='border-radius:0px; '><section class=\"av_textblock_section \"  itemscope=\"itemscope\" itemtype=\"https:\/\/schema.org\/BlogPosting\" itemprop=\"blogPost\" ><div class='avia_textblock  '   itemprop=\"text\" ><p style=\"font-weight: 400; text-align: justify;\">Alcaldes de la Asociaci\u00f3n Regional de Municipalidades de Ays\u00e9n (AREMU) quedaron sorprendidos con la visita de la Subsecretaria de Turismo Nacional, Ver\u00f3nica Kunze, tras enterarse por terceras fuentes de su viaje a la Regi\u00f3n este 19 y 20 de diciembre, justo en etapa de preparaci\u00f3n y reorganizaci\u00f3n administrativa para enfrentar de mejor manera esta temporada tur\u00edstica 2022-2023 en la Regi\u00f3n. A pesar de esto, las autoridades comunales no fueron consideradas en este trabajo territorial de \u201cEstrategia Nacional Descentralizada\u201d.<\/p>\n<p style=\"font-weight: 400; text-align: justify;\">La visita en terreno de la Subsecretaria de Turismo Nacional, Ver\u00f3nica Kunze, se enmarca en el compromiso que estableci\u00f3 de visitar todas las regiones durante el primer a\u00f1o de Gobierno, siendo la Regi\u00f3n de Ays\u00e9n la \u00daltima de la lista, pero \u201cno por eso menos importante\u201d afirm\u00f3 la Subsecretaria ante un medio regional. El principal objetivo de su llegada fue \u00abconversar autoridades regionales, sobre todo con el foco que estamos dando como Gobierno a la descentralizaci\u00f3n, para entusiasmar a las autoridades con el tema tur\u00edstico sobre todo en esta regi\u00f3n donde la actividad tur\u00edstica es muy importante\u201d se\u00f1ala.<\/p>\n<p style=\"font-weight: 400; text-align: justify;\">Sin embargo, poco se supo de este trabajo territorial descentralizado, que tuvo lugar \u00fanicamente en el Gobierno Regional. Ante este escenario, el presidente de la AREMU, Marcelo Santana Vargas, afirma que \u201cnos enteramos de manera extraoficial que la Subsecretaria de Turismo estuvo en la Regi\u00f3n de Ays\u00e9n, donde no hubo lamentablemente y nuevamente, convocatoria a los alcaldes de la Regi\u00f3n. Hay muchos temas que nos hubiera gustado plantear tanto de manera asociativa como de manera particular\u201d.<\/p>\n<p style=\"font-weight: 400; text-align: justify;\">Desde la AREMU se manifiesta que el \u201centusiasmo\u201d para desarrollar el rubro tur\u00edstico existe, pero que este no ha sido respaldado por las autoridades desde el Gobierno Regional Central y Nacional, tras una serie de descoordinaciones que finalmente afectan directamente a las familias que se dedican al turismo.<\/p>\n<p style=\"font-weight: 400; text-align: justify;\">As\u00ed lo manifiesta el alcalde de Chile Chico, Luperciano Mu\u00f1oz, \u201cdicen -el Gobierno- que est\u00e1n en proceso de instalaci\u00f3n, pero le piden la renuncia a Patricio Bastias, director de Sernatur, en pleno inicio de temporada tur\u00edstica y sin tener reemplazante. Dicen que lo har\u00e1n por alta direcci\u00f3n p\u00fablica y a\u00fan no llaman a concurso. (\u2026) Nos parece una tremenda falta de criterio\u201d.<\/p>\n<p style=\"font-weight: 400; text-align: justify;\">Uno de los objetivos de la visita de la Subsecretaria, tambi\u00e9n fue \u201clevantar las necesidades post pandemia (\u2026) esperando poder hacer un plan de trabajo para solucionar esas necesidades\u201d afirm\u00f3 Ver\u00f3nica Kunze, quien se reuni\u00f3 con representantes del gremio de turismo. Sin embargo, las autoridades comunales de la AREMU, coinciden en que estas necesidades ya son conocidas desde hace a\u00f1os, en las que a\u00fan no se ha podido avanzar como ocurre puntualmente en materia de conectividad terrestre y lacustre.<\/p>\n<p style=\"font-weight: 400; text-align: justify;\">El edil, Marcelo Santana, explica que tambi\u00e9n est\u00e1n a la espera de \u201cconcretar un nuevo convenio que nos permita mantener abiertas las oficinas de informaci\u00f3n tur\u00edstica (\u2026) Me causar\u00eda mucha sorpresa que los recursos lleguen nuevamente desfasados, en meses cuando la temporada tur\u00edstica est\u00e1 con menor demanda y no necesariamente ahora cuando est\u00e1n llegando los visitantes en los meses de enero y febrero\u201d.<\/p>\n<p style=\"font-weight: 400; text-align: justify;\">Las autoridades comunales manifiestan inter\u00e9s en establecer un trabajo colaborativo, y se solicita que la gesti\u00f3n desde Gobierno Central considere a los municipios de la Regi\u00f3n de Ays\u00e9n para poder avanzar en un desarrollo tur\u00edstico realmente \u201cdescentralizado\u201d.<\/p>\n<\/div><\/section><\/div><div  style='height:50px' class='hr hr-invisible   avia-builder-el-6  el_after_av_one_full  el_before_av_social_share '><span class='hr-inner ' ><span class='hr-inner-style'><\/span><\/span><\/div><\/p>\n<div  class='av-social-sharing-box  avia-builder-el-7  el_after_av_hr  el_before_av_hr  '><div class='av-share-box'><h5 class='av-share-link-description av-no-toc '>Compartir esta noticia<\/h5><ul class='av-share-box-list noLightbox'><li class='av-share-link av-social-link-facebook' ><a target=\"_blank\" aria-label=\"Compartir en Facebook\" href='https:\/\/www.facebook.com\/sharer.php?u=https:\/\/radiorevelacionfm.cl\/?p=25763&#038;t=Alcaldes%20de%20Ays%C3%A9n%20critican%20visita%20de%20la%20Subsecretaria%20de%20Turismo%20a%20la%20regi%C3%B3n%20por%20falta%20de%20voluntad%20de%20trabajo%20colaborativo%20junto%20a%20municipios' aria-hidden='false' data-av_icon='\ue8f3' data-av_iconfont='entypo-fontello' title='' data-avia-related-tooltip='Compartir en Facebook' rel=\"noopener\"><span class='avia_hidden_link_text'>Compartir en Facebook<\/span><\/a><\/li><li class='av-share-link av-social-link-twitter' ><a target=\"_blank\" aria-label=\"Compartir en Twitter\" href='https:\/\/twitter.com\/share?text=Alcaldes%20de%20Ays%C3%A9n%20critican%20visita%20de%20la%20Subsecretaria%20de%20Turismo%20a%20la%20regi%C3%B3n%20por%20falta%20de%20voluntad%20de%20trabajo%20colaborativo%20junto%20a%20municipios&#038;url=https:\/\/radiorevelacionfm.cl\/?p=25763' aria-hidden='false' data-av_icon='\ue8f1' data-av_iconfont='entypo-fontello' title='' data-avia-related-tooltip='Compartir en Twitter' rel=\"noopener\"><span class='avia_hidden_link_text'>Compartir en Twitter<\/span><\/a><\/li><li class='av-share-link av-social-link-whatsapp' ><a target=\"_blank\" aria-label=\"Compartir en Whatsapp\" href='https:\/\/api.whatsapp.com\/send?text=https:\/\/radiorevelacionfm.cl\/?p=25763' aria-hidden='false' data-av_icon='\uf232' data-av_iconfont='entypo-fontello' title='' data-avia-related-tooltip='Compartir en Whatsapp' rel=\"noopener\"><span class='avia_hidden_link_text'>Compartir en Whatsapp<\/span><\/a><\/li><li class='av-share-link av-social-link-linkedin' ><a target=\"_blank\" aria-label=\"Compartir en LinkedIn\" href='https:\/\/linkedin.com\/shareArticle?mini=true&#038;title=Alcaldes%20de%20Ays%C3%A9n%20critican%20visita%20de%20la%20Subsecretaria%20de%20Turismo%20a%20la%20regi%C3%B3n%20por%20falta%20de%20voluntad%20de%20trabajo%20colaborativo%20junto%20a%20municipios&#038;url=https:\/\/radiorevelacionfm.cl\/?p=25763' aria-hidden='false' data-av_icon='\ue8fc' data-av_iconfont='entypo-fontello' title='' data-avia-related-tooltip='Compartir en LinkedIn' rel=\"noopener\"><span class='avia_hidden_link_text'>Compartir en LinkedIn<\/span><\/a><\/li><li class='av-share-link av-social-link-mail' ><a  aria-label=\"Compartir por correo\" href='mailto:?subject=Alcaldes%20de%20Ays%C3%A9n%20critican%20visita%20de%20la%20Subsecretaria%20de%20Turismo%20a%20la%20regi%C3%B3n%20por%20falta%20de%20voluntad%20de%20trabajo%20colaborativo%20junto%20a%20municipios&#038;body=https:\/\/radiorevelacionfm.cl\/?p=25763' aria-hidden='false' data-av_icon='\ue805' data-av_iconfont='entypo-fontello' title='' data-avia-related-tooltip='Compartir por correo'><span class='avia_hidden_link_text'>Compartir por correo<\/span><\/a><\/li><\/ul><\/div><\/div>\n<div  style='height:50px' class='hr hr-invisible   avia-builder-el-8  el_after_av_social_share  el_before_av_comments_list '><span class='hr-inner ' ><span class='hr-inner-style'><\/span><\/span><\/div>\n<div  class='av-buildercomment  av-blog-meta-html-info-disabled av-blog-meta-tag-disabled  '><\/div>\n","protected":false},"excerpt":{"rendered":"","protected":false},"author":1,"featured_media":25764,"comment_status":"open","ping_status":"open","sticky":false,"template":"","format":"standard","meta":{"footnotes":""},"categories":[38],"tags":[],"class_list":["post-25763","post","type-post","status-publish","format-standard","has-post-thumbnail","hentry","category-regional"],"jetpack_featured_media_url":"https:\/\/radiorevelacionfm.cl\/wp-content\/uploads\/2022\/12\/alcaldes-dsc_0526-1_optimized.jpg","_links":{"self":[{"href":"https:\/\/radiorevelacionfm.cl\/index.php?rest_route=\/wp\/v2\/posts\/25763","targetHints":{"allow":["GET"]}}],"collection":[{"href":"https:\/\/radiorevelacionfm.cl\/index.php?rest_route=\/wp\/v2\/posts"}],"about":[{"href":"https:\/\/radiorevelacionfm.cl\/index.php?rest_route=\/wp\/v2\/types\/post"}],"author":[{"embeddable":true,"href":"https:\/\/radiorevelacionfm.cl\/index.php?rest_route=\/wp\/v2\/users\/1"}],"replies":[{"embeddable":true,"href":"https:\/\/radiorevelacionfm.cl\/index.php?rest_route=%2Fwp%2Fv2%2Fcomments&post=25763"}],"version-history":[{"count":2,"href":"https:\/\/radiorevelacionfm.cl\/index.php?rest_route=\/wp\/v2\/posts\/25763\/revisions"}],"predecessor-version":[{"id":25797,"href":"https:\/\/radiorevelacionfm.cl\/index.php?rest_route=\/wp\/v2\/posts\/25763\/revisions\/25797"}],"wp:featuredmedia":[{"embeddable":true,"href":"https:\/\/radiorevelacionfm.cl\/index.php?rest_route=\/wp\/v2\/media\/25764"}],"wp:attachment":[{"href":"https:\/\/radiorevelacionfm.cl\/index.php?rest_route=%2Fwp%2Fv2%2Fmedia&parent=25763"}],"wp:term":[{"taxonomy":"category","embeddable":true,"href":"https:\/\/radiorevelacionfm.cl\/index.php?rest_route=%2Fwp%2Fv2%2Fcategories&post=25763"},{"taxonomy":"post_tag","embeddable":true,"href":"https:\/\/radiorevelacionfm.cl\/index.php?rest_route=%2Fwp%2Fv2%2Ftags&post=25763"}],"curies":[{"name":"wp","href":"https:\/\/api.w.org\/{rel}","templated":true}]}}