{"id":25759,"date":"2022-12-22T09:24:02","date_gmt":"2022-12-22T12:24:02","guid":{"rendered":"https:\/\/radiorevelacionfm.cl\/?p=25759"},"modified":"2022-12-22T09:24:02","modified_gmt":"2022-12-22T12:24:02","slug":"viejito-pascuero-llega-con-regalos-chile-crece-contigo-a-jardin-ayken-yemel","status":"publish","type":"post","link":"https:\/\/radiorevelacionfm.cl\/?p=25759","title":{"rendered":"Viejito Pascuero llega con regalos Chile Crece Contigo a Jard\u00edn Ayken Yemel"},"content":{"rendered":"<div class=\"flex_column av_one_full  flex_column_div av-zero-column-padding first  avia-builder-el-0  el_before_av_one_full  avia-builder-el-first  \" style='border-radius:0px; '><div  class='avia-image-container  av-styling-    avia-builder-el-1  avia-builder-el-no-sibling  avia-align-center '  itemprop=\"image\" itemscope=\"itemscope\" itemtype=\"https:\/\/schema.org\/ImageObject\"  ><div class='avia-image-container-inner'><div class='avia-image-overlay-wrap'><img decoding=\"async\" class='wp-image-25760 avia-img-lazy-loading-not-25760 avia_image' src=\"https:\/\/radiorevelacionfm.cl\/wp-content\/uploads\/2022\/12\/con-pascuero-1_optimized-1.jpg\" alt='' title='con-pascuero-(1)_optimized (1)' height=\"600\" width=\"1065\"  itemprop=\"thumbnailUrl\" srcset=\"https:\/\/radiorevelacionfm.cl\/wp-content\/uploads\/2022\/12\/con-pascuero-1_optimized-1.jpg 1065w, https:\/\/radiorevelacionfm.cl\/wp-content\/uploads\/2022\/12\/con-pascuero-1_optimized-1-300x169.jpg 300w, https:\/\/radiorevelacionfm.cl\/wp-content\/uploads\/2022\/12\/con-pascuero-1_optimized-1-1030x580.jpg 1030w, https:\/\/radiorevelacionfm.cl\/wp-content\/uploads\/2022\/12\/con-pascuero-1_optimized-1-768x433.jpg 768w, https:\/\/radiorevelacionfm.cl\/wp-content\/uploads\/2022\/12\/con-pascuero-1_optimized-1-705x397.jpg 705w, https:\/\/radiorevelacionfm.cl\/wp-content\/uploads\/2022\/12\/con-pascuero-1_optimized-1-600x338.jpg 600w\" sizes=\"(max-width: 1065px) 100vw, 1065px\" \/><\/div><\/div><\/div><\/div><div class=\"flex_column av_one_full  flex_column_div av-zero-column-padding first  avia-builder-el-2  el_after_av_one_full  el_before_av_one_full  column-top-margin\" style='border-radius:0px; '><section class=\"av_textblock_section \"  itemscope=\"itemscope\" itemtype=\"https:\/\/schema.org\/BlogPosting\" itemprop=\"blogPost\" ><div class='avia_textblock  '   itemprop=\"text\" ><p style=\"text-align: center;\"><strong><span style=\"font-size: 18pt;\">Viejito Pascuero llega con regalos Chile Crece Contigo a Jard\u00edn Ayken Yemel<\/span><\/strong><\/p>\n<div id=\"gtx-trans\" style=\"position: absolute; left: -50px; top: 4.31534px;\">\n<div class=\"gtx-trans-icon\"><\/div>\n<\/div>\n<\/div><\/section><\/div><div class=\"flex_column av_one_full  flex_column_div av-zero-column-padding first  avia-builder-el-4  el_after_av_one_full  el_before_av_hr  column-top-margin\" style='border-radius:0px; '><section class=\"av_textblock_section \"  itemscope=\"itemscope\" itemtype=\"https:\/\/schema.org\/BlogPosting\" itemprop=\"blogPost\" ><div class='avia_textblock  '   itemprop=\"text\" ><p style=\"text-align: justify;\">Las entregas se realizar\u00e1n en m\u00e1s de 4 mil jardines a lo largo de todo Chile en un trabajo conjunto que se realiza desde la Subsecretar\u00eda de la Ni\u00f1ez, con los equipos regionales de Chile Crece Contigo, Junji, Integra y los Municipios.<\/p>\n<p style=\"text-align: justify;\">Acompa\u00f1ada del Viejito Pascuero lleg\u00f3 hasta el jard\u00edn infantil Ayken Yemel la Seremi de Desarrollo Social y Familia, Karina Acevedo Auad, para hacer la 1\u00aa entrega regional de \u201cMateriales en tu jard\u00edn\u201d, una iniciativa del Ministerio de Desarrollo Social a trav\u00e9s del sistema Chile Crece Contigo que busca promover desarrollo socioemocional, del leguaje y la imaginaci\u00f3n de ni\u00f1as y ni\u00f1os en niveles medios de los jardines infantiles.\u00a0 En la ocasi\u00f3n el alcalde de Coyhaique y sostenedor de dicho establecimiento, Carlos Gatica, agradeci\u00f3 el apoyo y destac\u00f3 el trabajo conjunto en beneficio de las familias, sus hijos e hijas.<\/p>\n<p style=\"text-align: justify;\">Karina Acevedo Auad, SEREMI de Desarrollo Social y Familia de la Regi\u00f3n de Ays\u00e9n, explic\u00f3 que desde los 2 a\u00f1os de edad es posible observar brechas en el desarrollo de un ni\u00f1o o ni\u00f1a seg\u00fan su nivel socioecon\u00f3mico y se acent\u00faan si no reciben el apoyo oportuno, para eso Chile Crece Contigo entrega, en distintos espacios, materiales de estimulaci\u00f3n y apoyo para el desarrollo integral de ni\u00f1as y ni\u00f1os. \u201cEstamos muy contentos en el Jard\u00edn Ayken Yemel haciendo un cierre de todo lo que hemos realizado este a\u00f1o en materia de infancia en la Regi\u00f3n de Ays\u00e9n y hacemos un balance positivo de c\u00f3mo ha impactado el Chile Crece Contigo a lo largo de su existencia. Estamos felices de poder entregar nuevos materiales para que puedan compartir con sus familias y en el jard\u00edn, les deseamos a todos y todas una feliz navidad y un a\u00f1o maravilloso.\u201d<\/p>\n<p style=\"text-align: justify;\">Respecto al programa \u201cMateriales en tu jard\u00edn\u201d que beneficiar\u00e1 a m\u00e1s\u00a0 151 mil ni\u00f1os y ni\u00f1as del pa\u00eds en m\u00e1s de 4 mil jardines Junji, Integra y VTF a lo largo de todo Chile, la Educadora de P\u00e1rvulo, Johana Castro, dijo que \u201cesta actividad es un hito para nosotros como jard\u00edn, somos los primero que recibimos estos regalos para las familias y los ni\u00f1os, as\u00e9 es que agradecemos a Chile Crece Contigo porque as\u00ed desarrollamos de mejor manera la educaci\u00f3n de nuestros p\u00e1rvulos. Como Comunidad educativa estamos muy contentos, as\u00ed pueden trabajar en el hogar y compartir junto a la familia\u201d.<\/p>\n<p style=\"text-align: justify;\">Por su parte, Carlos Catica, alcalde de Coyhaique y sostenedor del Aiken Yemel, agradeci\u00f3 el aporte del Ministerio de Desarrollo Social, la entrega de materiales que parti\u00f3 en este establecimiento y que beneficiar\u00e1 a 57 jardines infantiles en toda la Regi\u00f3n de Ays\u00e9n. \u201cHoy tener este regalo para los ni\u00f1os de este establecimiento sin duda va a mejorar el desarrollo y todo lo que significa el crecimiento de los ni\u00f1os y ni\u00f1as del Ayken Yemel. Esto es hist\u00f3rico y queremos agradecer de manera muy particular al Chile Crece Contigo, al Ministerio de Desarrollo Social y Junji, porque esta iniciativa \u00a0adem\u00e1s aporta al desarrollo de este hist\u00f3rico establecimiento y al desarrollo de nuestra Capital Regional\u201d.<\/p>\n<p style=\"text-align: justify;\">Finalmente precisar que esta iniciativa permitir\u00e1 la entrega de material para el desarrollo socioemocional, del leguaje y la imaginaci\u00f3n de ni\u00f1as y ni\u00f1os en niveles medios de los jardines infantiles en toda la regi\u00f3n y cuenta con: sets de tarjetas \u201cContemos una Historia\u201d, tablero magn\u00e9tico \u201c\u00bfC\u00f3mo estamos hoy? versi\u00f3n familia y versi\u00f3n educativa, para trabajar en el hogar y el establecimiento respectivamente.<\/p>\n<\/div><\/section><\/div><div  style='height:50px' class='hr hr-invisible   avia-builder-el-6  el_after_av_one_full  el_before_av_social_share '><span class='hr-inner ' ><span class='hr-inner-style'><\/span><\/span><\/div><\/p>\n<div  class='av-social-sharing-box  avia-builder-el-7  el_after_av_hr  el_before_av_hr  '><div class='av-share-box'><h5 class='av-share-link-description av-no-toc '>Compartir esta noticia<\/h5><ul class='av-share-box-list noLightbox'><li class='av-share-link av-social-link-facebook' ><a target=\"_blank\" aria-label=\"Compartir en Facebook\" href='https:\/\/www.facebook.com\/sharer.php?u=https:\/\/radiorevelacionfm.cl\/?p=25759&#038;t=Viejito%20Pascuero%20llega%20con%20regalos%20Chile%20Crece%20Contigo%20a%20Jard%C3%ADn%20Ayken%20Yemel' aria-hidden='false' data-av_icon='\ue8f3' data-av_iconfont='entypo-fontello' title='' data-avia-related-tooltip='Compartir en Facebook' rel=\"noopener\"><span class='avia_hidden_link_text'>Compartir en Facebook<\/span><\/a><\/li><li class='av-share-link av-social-link-twitter' ><a target=\"_blank\" aria-label=\"Compartir en Twitter\" href='https:\/\/twitter.com\/share?text=Viejito%20Pascuero%20llega%20con%20regalos%20Chile%20Crece%20Contigo%20a%20Jard%C3%ADn%20Ayken%20Yemel&#038;url=https:\/\/radiorevelacionfm.cl\/?p=25759' aria-hidden='false' data-av_icon='\ue8f1' data-av_iconfont='entypo-fontello' title='' data-avia-related-tooltip='Compartir en Twitter' rel=\"noopener\"><span class='avia_hidden_link_text'>Compartir en Twitter<\/span><\/a><\/li><li class='av-share-link av-social-link-whatsapp' ><a target=\"_blank\" aria-label=\"Compartir en Whatsapp\" href='https:\/\/api.whatsapp.com\/send?text=https:\/\/radiorevelacionfm.cl\/?p=25759' aria-hidden='false' data-av_icon='\uf232' data-av_iconfont='entypo-fontello' title='' data-avia-related-tooltip='Compartir en Whatsapp' rel=\"noopener\"><span class='avia_hidden_link_text'>Compartir en Whatsapp<\/span><\/a><\/li><li class='av-share-link av-social-link-linkedin' ><a target=\"_blank\" aria-label=\"Compartir en LinkedIn\" href='https:\/\/linkedin.com\/shareArticle?mini=true&#038;title=Viejito%20Pascuero%20llega%20con%20regalos%20Chile%20Crece%20Contigo%20a%20Jard%C3%ADn%20Ayken%20Yemel&#038;url=https:\/\/radiorevelacionfm.cl\/?p=25759' aria-hidden='false' data-av_icon='\ue8fc' data-av_iconfont='entypo-fontello' title='' data-avia-related-tooltip='Compartir en LinkedIn' rel=\"noopener\"><span class='avia_hidden_link_text'>Compartir en LinkedIn<\/span><\/a><\/li><li class='av-share-link av-social-link-mail' ><a  aria-label=\"Compartir por correo\" href='mailto:?subject=Viejito%20Pascuero%20llega%20con%20regalos%20Chile%20Crece%20Contigo%20a%20Jard%C3%ADn%20Ayken%20Yemel&#038;body=https:\/\/radiorevelacionfm.cl\/?p=25759' aria-hidden='false' data-av_icon='\ue805' data-av_iconfont='entypo-fontello' title='' data-avia-related-tooltip='Compartir por correo'><span class='avia_hidden_link_text'>Compartir por correo<\/span><\/a><\/li><\/ul><\/div><\/div>\n<div  style='height:50px' class='hr hr-invisible   avia-builder-el-8  el_after_av_social_share  el_before_av_comments_list '><span class='hr-inner ' ><span class='hr-inner-style'><\/span><\/span><\/div>\n<div  class='av-buildercomment  av-blog-meta-html-info-disabled av-blog-meta-tag-disabled  '><\/div>\n","protected":false},"excerpt":{"rendered":"","protected":false},"author":1,"featured_media":25760,"comment_status":"open","ping_status":"open","sticky":false,"template":"","format":"standard","meta":{"footnotes":""},"categories":[38],"tags":[],"class_list":["post-25759","post","type-post","status-publish","format-standard","has-post-thumbnail","hentry","category-regional"],"jetpack_featured_media_url":"https:\/\/radiorevelacionfm.cl\/wp-content\/uploads\/2022\/12\/con-pascuero-1_optimized-1.jpg","_links":{"self":[{"href":"https:\/\/radiorevelacionfm.cl\/index.php?rest_route=\/wp\/v2\/posts\/25759","targetHints":{"allow":["GET"]}}],"collection":[{"href":"https:\/\/radiorevelacionfm.cl\/index.php?rest_route=\/wp\/v2\/posts"}],"about":[{"href":"https:\/\/radiorevelacionfm.cl\/index.php?rest_route=\/wp\/v2\/types\/post"}],"author":[{"embeddable":true,"href":"https:\/\/radiorevelacionfm.cl\/index.php?rest_route=\/wp\/v2\/users\/1"}],"replies":[{"embeddable":true,"href":"https:\/\/radiorevelacionfm.cl\/index.php?rest_route=%2Fwp%2Fv2%2Fcomments&post=25759"}],"version-history":[{"count":2,"href":"https:\/\/radiorevelacionfm.cl\/index.php?rest_route=\/wp\/v2\/posts\/25759\/revisions"}],"predecessor-version":[{"id":25785,"href":"https:\/\/radiorevelacionfm.cl\/index.php?rest_route=\/wp\/v2\/posts\/25759\/revisions\/25785"}],"wp:featuredmedia":[{"embeddable":true,"href":"https:\/\/radiorevelacionfm.cl\/index.php?rest_route=\/wp\/v2\/media\/25760"}],"wp:attachment":[{"href":"https:\/\/radiorevelacionfm.cl\/index.php?rest_route=%2Fwp%2Fv2%2Fmedia&parent=25759"}],"wp:term":[{"taxonomy":"category","embeddable":true,"href":"https:\/\/radiorevelacionfm.cl\/index.php?rest_route=%2Fwp%2Fv2%2Fcategories&post=25759"},{"taxonomy":"post_tag","embeddable":true,"href":"https:\/\/radiorevelacionfm.cl\/index.php?rest_route=%2Fwp%2Fv2%2Ftags&post=25759"}],"curies":[{"name":"wp","href":"https:\/\/api.w.org\/{rel}","templated":true}]}}