{"id":25751,"date":"2022-12-21T17:31:34","date_gmt":"2022-12-21T20:31:34","guid":{"rendered":"https:\/\/radiorevelacionfm.cl\/?p=25751"},"modified":"2022-12-21T17:35:59","modified_gmt":"2022-12-21T20:35:59","slug":"vecinas-os-de-chile-chico-eligieron-ferry-como-diseno-de-nueva-nave-complementaria-de-conectividad-lacustre-puerto-ibanez-chile-chico","status":"publish","type":"post","link":"https:\/\/radiorevelacionfm.cl\/?p=25751","title":{"rendered":"Vecinos\/as de Chile Chico eligieron ferry como dise\u00f1o de nueva nave complementaria de conectividad lacustre Puerto Ib\u00e1\u00f1ez-Chile Chico"},"content":{"rendered":"<div class=\"flex_column av_one_full  flex_column_div av-zero-column-padding first  avia-builder-el-0  el_before_av_one_full  avia-builder-el-first  \" style='border-radius:0px; '><div  class='avia-image-container  av-styling-    avia-builder-el-1  avia-builder-el-no-sibling  avia-align-center '  itemprop=\"image\" itemscope=\"itemscope\" itemtype=\"https:\/\/schema.org\/ImageObject\"  ><div class='avia-image-container-inner'><div class='avia-image-overlay-wrap'><img decoding=\"async\" class='wp-image-25752 avia-img-lazy-loading-not-25752 avia_image' src=\"https:\/\/radiorevelacionfm.cl\/wp-content\/uploads\/2022\/12\/MODELO-2-1-1.jpg\" alt='' title='MODELO 2 (1) (1)' height=\"600\" width=\"960\"  itemprop=\"thumbnailUrl\" srcset=\"https:\/\/radiorevelacionfm.cl\/wp-content\/uploads\/2022\/12\/MODELO-2-1-1.jpg 960w, https:\/\/radiorevelacionfm.cl\/wp-content\/uploads\/2022\/12\/MODELO-2-1-1-300x188.jpg 300w, https:\/\/radiorevelacionfm.cl\/wp-content\/uploads\/2022\/12\/MODELO-2-1-1-768x480.jpg 768w, https:\/\/radiorevelacionfm.cl\/wp-content\/uploads\/2022\/12\/MODELO-2-1-1-705x441.jpg 705w, https:\/\/radiorevelacionfm.cl\/wp-content\/uploads\/2022\/12\/MODELO-2-1-1-600x375.jpg 600w\" sizes=\"(max-width: 960px) 100vw, 960px\" \/><\/div><\/div><\/div><\/div>\n<div class=\"flex_column av_one_full  flex_column_div av-zero-column-padding first  avia-builder-el-2  el_after_av_one_full  el_before_av_one_full  column-top-margin\" style='border-radius:0px; '><section class=\"av_textblock_section \"  itemscope=\"itemscope\" itemtype=\"https:\/\/schema.org\/BlogPosting\" itemprop=\"blogPost\" ><div class='avia_textblock  '   itemprop=\"text\" ><p style=\"text-align: center;\"><strong><span style=\"font-size: 18pt;\">Vecinos\/as de Chile Chico eligieron ferry como dise\u00f1o de nueva nave complementaria de conectividad lacustre Puerto Ib\u00e1\u00f1ez-Chile Chico<\/span><\/strong><\/p>\n<div id=\"gtx-trans\" style=\"position: absolute; left: -50px; top: 4.31534px;\">\n<div class=\"gtx-trans-icon\"><\/div>\n<\/div>\n<\/div><\/section><\/div><div class=\"flex_column av_one_full  flex_column_div av-zero-column-padding first  avia-builder-el-4  el_after_av_one_full  el_before_av_hr  column-top-margin\" style='border-radius:0px; '><section class=\"av_textblock_section \"  itemscope=\"itemscope\" itemtype=\"https:\/\/schema.org\/BlogPosting\" itemprop=\"blogPost\" ><div class='avia_textblock  '   itemprop=\"text\" ><p style=\"text-align: justify;\">\u201cIniciativa va en l\u00ednea con mandato de nuestro presidente Gabriel Boric, de escuchar y trabajar conjuntamente con las comunidades en sus necesidades\u201d, asegur\u00f3 el SEREMI del MOP.<\/p>\n<p style=\"text-align: justify;\">El Secretario Regional Ministerial de Obras P\u00fablicas, Patricio Sanhueza Ulloa, inform\u00f3 esta semana la importante convocatoria y participaci\u00f3n que tuvo la votaci\u00f3n y elecci\u00f3n del futuro Dise\u00f1o y construcci\u00f3n de una nave complementaria de conectividad lacustre Puerto Ib\u00e1\u00f1ez-Chile Chico, proceso a cargo de la Direcci\u00f3n Regional de Obras Portuarias del Ministerio de Obras P\u00fablicas quienes expusieron a la comunidad tres alternativas y la ciudadan\u00eda opt\u00f3 por la n\u00famero 2 correspondiente a un ferry.<\/p>\n<p style=\"text-align: justify;\">\u201cEste es un importante hito en materia de participaci\u00f3n de la ciudadan\u00eda, porque por primera vez el Ministerio de Obras P\u00fablicas realiza un proceso de votaci\u00f3n para que una comunidad decida la que cree que es la mejor alternativa de conectividad lacustre para ellos, lo que claramente refleja el esp\u00edritu y mandato de nuestro gobierno de Gabriel Boric, que prioriza escuchar y trabajar conjuntamente con las comunidades en sus necesidades y en su bienestar. Esta votaci\u00f3n forma parte de un proceso de participaci\u00f3n ciudadana que tuvo su origen en reuniones con la comunidad en donde se recogieron sus necesidades, las que estaban enfocadas en materializar este proceso de votaci\u00f3n, as\u00ed como tambi\u00e9n en generar tres alternativas de Anteproyecto de Dise\u00f1o de una nave complementaria, dando respuesta con ello a los planteamientos de las y los vecinos. De esta forma es que realizada la votaci\u00f3n, los an\u00e1lisis de los resultados nos indican que del total de la votaci\u00f3n se recibieron 616 votos de habitantes de la comuna de Chile Chico, lo que es equivalente a pr\u00e1cticamente un 18% de la poblaci\u00f3n de la comuna mayor de 15 a\u00f1os, y la alternativa seleccionada \u00a0fue la n\u00famero 2 un ferry que presenta las mismas caracter\u00edsticas de la requerida por 1439 personas, que fueron las firmas reunidas por iniciativa de la Junta de Vecinos N\u00b02 y la Uni\u00f3n Comunal de Juntas de Vecinos\u00a0 el a\u00f1o 2021\u201d, aseguro el SEREMI del MOP.<\/p>\n<p style=\"text-align: justify;\">La autoridad regional de Obras P\u00fablicas agreg\u00f3 que \u201cdurante el mes de enero 2023 se realizar\u00e1 la tercera reuni\u00f3n de participaci\u00f3n ciudadana, en la que se dar\u00e1 a conocer la propuesta final de la nave, tras los estudios, ensayos te\u00f3ricos y pr\u00e1cticos y el Dise\u00f1o que realizar\u00e1 la Universidad Austral de Chile. Posteriormente, la Direcci\u00f3n Regional de Obras Portuarias del MOP podr\u00e1 realizar el llamado a licitaci\u00f3n del dise\u00f1o final y su construcci\u00f3n\u201d.<\/p>\n<p style=\"text-align: justify;\"><strong><u>CARACTER\u00cdSTICAS DEL DISE\u00d1O DE NAVE COMPLEMENTARIA<\/u><\/strong><\/p>\n<p style=\"text-align: justify;\">Por su parte, el Director Regional de Obras Portuarias del MOP \u00c1lvaro D\u00edaz Contreras inform\u00f3 que \u201cel Dise\u00f1o elegido por la comunidad considera como dimensiones principales una eslora de 78-83m, manga de 16-19m, calado de 2 m y una velocidad estimada de 9,8 nudos (viento 40 km), con una capacidad de pasajeros y pasajeras de 188 personas m\u00e1s una tripulaci\u00f3n de 12 personas; capacidad de carga: 200 ml\/ y\/o 44 veh\u00edculos (4,5 m); con cafeter\u00eda y comedor, sala de primeros auxilios y accesibilidad universal; con vista panor\u00e1mica para pasajeros, no requiere modificaci\u00f3n de la actual infraestructura portuaria y con un total de tiempo de viaje estimado entre el embarque, m\u00e1s la\u00a0 navegaci\u00f3n, recalada\u00a0 y desembarque que alcanza las 3 horas y 10 minutos\u201d.<\/p>\n<\/div><\/section><\/div><\/p>\n<div  style='height:50px' class='hr hr-invisible   avia-builder-el-6  el_after_av_one_full  el_before_av_social_share '><span class='hr-inner ' ><span class='hr-inner-style'><\/span><\/span><\/div>\n<div  class='av-social-sharing-box  avia-builder-el-7  el_after_av_hr  el_before_av_hr  '><div class='av-share-box'><h5 class='av-share-link-description av-no-toc '>Compartir esta noticia<\/h5><ul class='av-share-box-list noLightbox'><li class='av-share-link av-social-link-facebook' ><a target=\"_blank\" aria-label=\"Compartir en Facebook\" href='https:\/\/www.facebook.com\/sharer.php?u=https:\/\/radiorevelacionfm.cl\/?p=25751&#038;t=Vecinos%2Fas%20de%20Chile%20Chico%20eligieron%20ferry%20como%20dise%C3%B1o%20de%20nueva%20nave%20complementaria%20de%20conectividad%20lacustre%20Puerto%20Ib%C3%A1%C3%B1ez-Chile%20Chico' aria-hidden='false' data-av_icon='\ue8f3' data-av_iconfont='entypo-fontello' title='' data-avia-related-tooltip='Compartir en Facebook' rel=\"noopener\"><span class='avia_hidden_link_text'>Compartir en Facebook<\/span><\/a><\/li><li class='av-share-link av-social-link-twitter' ><a target=\"_blank\" aria-label=\"Compartir en Twitter\" href='https:\/\/twitter.com\/share?text=Vecinos%2Fas%20de%20Chile%20Chico%20eligieron%20ferry%20como%20dise%C3%B1o%20de%20nueva%20nave%20complementaria%20de%20conectividad%20lacustre%20Puerto%20Ib%C3%A1%C3%B1ez-Chile%20Chico&#038;url=https:\/\/radiorevelacionfm.cl\/?p=25751' aria-hidden='false' data-av_icon='\ue8f1' data-av_iconfont='entypo-fontello' title='' data-avia-related-tooltip='Compartir en Twitter' rel=\"noopener\"><span class='avia_hidden_link_text'>Compartir en Twitter<\/span><\/a><\/li><li class='av-share-link av-social-link-whatsapp' ><a target=\"_blank\" aria-label=\"Compartir en Whatsapp\" href='https:\/\/api.whatsapp.com\/send?text=https:\/\/radiorevelacionfm.cl\/?p=25751' aria-hidden='false' data-av_icon='\uf232' data-av_iconfont='entypo-fontello' title='' data-avia-related-tooltip='Compartir en Whatsapp' rel=\"noopener\"><span class='avia_hidden_link_text'>Compartir en Whatsapp<\/span><\/a><\/li><li class='av-share-link av-social-link-linkedin' ><a target=\"_blank\" aria-label=\"Compartir en LinkedIn\" href='https:\/\/linkedin.com\/shareArticle?mini=true&#038;title=Vecinos%2Fas%20de%20Chile%20Chico%20eligieron%20ferry%20como%20dise%C3%B1o%20de%20nueva%20nave%20complementaria%20de%20conectividad%20lacustre%20Puerto%20Ib%C3%A1%C3%B1ez-Chile%20Chico&#038;url=https:\/\/radiorevelacionfm.cl\/?p=25751' aria-hidden='false' data-av_icon='\ue8fc' data-av_iconfont='entypo-fontello' title='' data-avia-related-tooltip='Compartir en LinkedIn' rel=\"noopener\"><span class='avia_hidden_link_text'>Compartir en LinkedIn<\/span><\/a><\/li><li class='av-share-link av-social-link-mail' ><a  aria-label=\"Compartir por correo\" href='mailto:?subject=Vecinos%2Fas%20de%20Chile%20Chico%20eligieron%20ferry%20como%20dise%C3%B1o%20de%20nueva%20nave%20complementaria%20de%20conectividad%20lacustre%20Puerto%20Ib%C3%A1%C3%B1ez-Chile%20Chico&#038;body=https:\/\/radiorevelacionfm.cl\/?p=25751' aria-hidden='false' data-av_icon='\ue805' data-av_iconfont='entypo-fontello' title='' data-avia-related-tooltip='Compartir por correo'><span class='avia_hidden_link_text'>Compartir por correo<\/span><\/a><\/li><\/ul><\/div><\/div>\n<div  style='height:50px' class='hr hr-invisible   avia-builder-el-8  el_after_av_social_share  el_before_av_comments_list '><span class='hr-inner ' ><span class='hr-inner-style'><\/span><\/span><\/div>\n<div  class='av-buildercomment  av-blog-meta-html-info-disabled av-blog-meta-tag-disabled  '><\/div>\n","protected":false},"excerpt":{"rendered":"","protected":false},"author":1,"featured_media":25752,"comment_status":"open","ping_status":"open","sticky":false,"template":"","format":"standard","meta":{"footnotes":""},"categories":[38],"tags":[],"class_list":["post-25751","post","type-post","status-publish","format-standard","has-post-thumbnail","hentry","category-regional"],"jetpack_featured_media_url":"https:\/\/radiorevelacionfm.cl\/wp-content\/uploads\/2022\/12\/MODELO-2-1-1.jpg","_links":{"self":[{"href":"https:\/\/radiorevelacionfm.cl\/index.php?rest_route=\/wp\/v2\/posts\/25751","targetHints":{"allow":["GET"]}}],"collection":[{"href":"https:\/\/radiorevelacionfm.cl\/index.php?rest_route=\/wp\/v2\/posts"}],"about":[{"href":"https:\/\/radiorevelacionfm.cl\/index.php?rest_route=\/wp\/v2\/types\/post"}],"author":[{"embeddable":true,"href":"https:\/\/radiorevelacionfm.cl\/index.php?rest_route=\/wp\/v2\/users\/1"}],"replies":[{"embeddable":true,"href":"https:\/\/radiorevelacionfm.cl\/index.php?rest_route=%2Fwp%2Fv2%2Fcomments&post=25751"}],"version-history":[{"count":4,"href":"https:\/\/radiorevelacionfm.cl\/index.php?rest_route=\/wp\/v2\/posts\/25751\/revisions"}],"predecessor-version":[{"id":25757,"href":"https:\/\/radiorevelacionfm.cl\/index.php?rest_route=\/wp\/v2\/posts\/25751\/revisions\/25757"}],"wp:featuredmedia":[{"embeddable":true,"href":"https:\/\/radiorevelacionfm.cl\/index.php?rest_route=\/wp\/v2\/media\/25752"}],"wp:attachment":[{"href":"https:\/\/radiorevelacionfm.cl\/index.php?rest_route=%2Fwp%2Fv2%2Fmedia&parent=25751"}],"wp:term":[{"taxonomy":"category","embeddable":true,"href":"https:\/\/radiorevelacionfm.cl\/index.php?rest_route=%2Fwp%2Fv2%2Fcategories&post=25751"},{"taxonomy":"post_tag","embeddable":true,"href":"https:\/\/radiorevelacionfm.cl\/index.php?rest_route=%2Fwp%2Fv2%2Ftags&post=25751"}],"curies":[{"name":"wp","href":"https:\/\/api.w.org\/{rel}","templated":true}]}}