{"id":25747,"date":"2022-12-21T16:17:05","date_gmt":"2022-12-21T19:17:05","guid":{"rendered":"https:\/\/radiorevelacionfm.cl\/?p=25747"},"modified":"2022-12-21T16:17:05","modified_gmt":"2022-12-21T19:17:05","slug":"diputados-presentan-proyecto-que-aplaza-cobro-del-iva-para-servicios-profesionales","status":"publish","type":"post","link":"https:\/\/radiorevelacionfm.cl\/?p=25747","title":{"rendered":"Diputados presentan proyecto que aplaza cobro del IVA para servicios profesionales"},"content":{"rendered":"<div class=\"flex_column av_one_full  flex_column_div av-zero-column-padding first  avia-builder-el-0  el_before_av_one_full  avia-builder-el-first  \" style='border-radius:0px; '><div  class='avia-image-container  av-styling-    avia-builder-el-1  avia-builder-el-no-sibling  avia-align-center '  itemprop=\"image\" itemscope=\"itemscope\" itemtype=\"https:\/\/schema.org\/ImageObject\"  ><div class='avia-image-container-inner'><div class='avia-image-overlay-wrap'><img decoding=\"async\" class='wp-image-25748 avia-img-lazy-loading-not-25748 avia_image' src=\"https:\/\/radiorevelacionfm.cl\/wp-content\/uploads\/2022\/12\/iva-img-20221221-wa0004-1_optimized-1.jpg\" alt='' title='iva-img-20221221-wa0004-(1)_optimized (1)' height=\"600\" width=\"1333\"  itemprop=\"thumbnailUrl\" srcset=\"https:\/\/radiorevelacionfm.cl\/wp-content\/uploads\/2022\/12\/iva-img-20221221-wa0004-1_optimized-1.jpg 1333w, https:\/\/radiorevelacionfm.cl\/wp-content\/uploads\/2022\/12\/iva-img-20221221-wa0004-1_optimized-1-300x135.jpg 300w, https:\/\/radiorevelacionfm.cl\/wp-content\/uploads\/2022\/12\/iva-img-20221221-wa0004-1_optimized-1-1030x464.jpg 1030w, https:\/\/radiorevelacionfm.cl\/wp-content\/uploads\/2022\/12\/iva-img-20221221-wa0004-1_optimized-1-768x346.jpg 768w, https:\/\/radiorevelacionfm.cl\/wp-content\/uploads\/2022\/12\/iva-img-20221221-wa0004-1_optimized-1-705x317.jpg 705w, https:\/\/radiorevelacionfm.cl\/wp-content\/uploads\/2022\/12\/iva-img-20221221-wa0004-1_optimized-1-600x270.jpg 600w\" sizes=\"(max-width: 1333px) 100vw, 1333px\" \/><\/div><\/div><\/div><\/div><div class=\"flex_column av_one_full  flex_column_div av-zero-column-padding first  avia-builder-el-2  el_after_av_one_full  el_before_av_one_full  column-top-margin\" style='border-radius:0px; '><section class=\"av_textblock_section \"  itemscope=\"itemscope\" itemtype=\"https:\/\/schema.org\/BlogPosting\" itemprop=\"blogPost\" ><div class='avia_textblock  '   itemprop=\"text\" ><p style=\"text-align: center;\"><span style=\"font-size: 18pt;\"><b><span lang=\"ES\">Diputados presentan proyecto que aplaza cobro del IVA para servicios profesionales<\/span><\/b><\/span><\/p>\n<div id=\"gtx-trans\" style=\"position: absolute; left: -50px; top: 4.31534px;\">\n<div class=\"gtx-trans-icon\"><\/div>\n<\/div>\n<\/div><\/section><\/div><div class=\"flex_column av_one_full  flex_column_div av-zero-column-padding first  avia-builder-el-4  el_after_av_one_full  el_before_av_hr  column-top-margin\" style='border-radius:0px; '><section class=\"av_textblock_section \"  itemscope=\"itemscope\" itemtype=\"https:\/\/schema.org\/BlogPosting\" itemprop=\"blogPost\" ><div class='avia_textblock  '   itemprop=\"text\" ><p style=\"font-weight: 400; text-align: justify;\">Un grupo transversal de diputadas y diputados present\u00f3 un proyecto de ley que prorroga para el a\u00f1o 2024 la entrada en vigencia del cobro de IVA para servicios profesionales, esto porque a partir del 1 de enero pr\u00f3ximo, una serie de estos servicios deber\u00e1n pagar este impuesto por primera vez, lo que ha generado la preocupaci\u00f3n de distintos gremios que se ver\u00edan afectados con la medida.<\/p>\n<p style=\"font-weight: 400; text-align: justify;\">El proyecto, que fue presentada por los diputados Joanna P\u00e9rez, Miguel \u00c1ngel Calisto, Alejandro Bernales, Mercedes Bulnes, Femando B\u00f3rquez, Ricardo Cifuentes, Miguel Mellado, Marlene P\u00e9rez, Marcia Raphael, Jorge Saffirio y Francesca Mu\u00f1oz.<\/p>\n<p style=\"font-weight: 400; text-align: justify;\">Seg\u00fan la diputada creadora del proyecto, Joanna P\u00e9rez, \u201cas\u00ed como lo han pedido distintos gremios de profesionales, le solicitamos al gobierno que pueda posponer en un a\u00f1o la entrada en vigencia del pago del IVA. El gobierno no ha querido escuchar, por eso hago un llamado al Ministro de Hacienda que, con este proyecto ingresado de manera transversal, demuestra lo que este Congreso tambi\u00e9n le est\u00e1 pidiendo al Gobierno, reactivaci\u00f3n econ\u00f3mica, pero sin estrujar a una clase media que sigue pagando el costo de malas pol\u00edticas p\u00fablicas y malas decisiones\u201d.<\/p>\n<p style=\"font-weight: 400; text-align: justify;\">\u201cLuego de un estallido social y una pandemia, hoy en d\u00eda se necesitan apoyos, por lo tanto hacemos un llamado a posponer la entrada en vigencia de cobrar el IVA a prestadores de Servicios\u201d, asegur\u00f3 la legisladora.<\/p>\n<p style=\"font-weight: 400; text-align: justify;\">Por su parte, el diputado Miguel \u00c1ngel Calisto se\u00f1al\u00f3 que \u201choy en d\u00eda muchos profesionales que no tienen ingresos permanentes prestan servicios, ya sea dentales, arquitectura, jur\u00eddicos, comunicacionales, entre otros, y lamentablemente hoy el Gobierno est\u00e1 buscando aplicarle un impuesto. Frente a la crisis econ\u00f3mica, la crisis inflacionaria no entendemos que gobierno pretenda imponer este impuesto, afectando justamente a la clase media\u201d.<\/p>\n<p style=\"font-weight: 400; text-align: justify;\">Finalmente, la diputada Francesca Mu\u00f1oz afirm\u00f3 que \u201cpara nosotros es relevante tomar acciones, porque se est\u00e1 afectando espec\u00edficamente a la clase media, a los sectores que necesitan el apoyo del Gobierno precisamente en estos momentos dif\u00edciles que estamos viviendo como pa\u00eds, donde estamos lamentablemente con una tremenda inflaci\u00f3n, donde la canasta b\u00e1sica est\u00e1 llegando a un 27% anual, lo cual son se\u00f1ales que indican que nuestro pa\u00eds est\u00e1 asfixiado y ahogado econ\u00f3micamente\u201d.<\/p>\n<\/div><\/section><\/div><div  style='height:50px' class='hr hr-invisible   avia-builder-el-6  el_after_av_one_full  el_before_av_social_share '><span class='hr-inner ' ><span class='hr-inner-style'><\/span><\/span><\/div><\/p>\n<div  class='av-social-sharing-box  avia-builder-el-7  el_after_av_hr  el_before_av_hr  '><div class='av-share-box'><h5 class='av-share-link-description av-no-toc '>Compartir esta noticia<\/h5><ul class='av-share-box-list noLightbox'><li class='av-share-link av-social-link-facebook' ><a target=\"_blank\" aria-label=\"Compartir en Facebook\" href='https:\/\/www.facebook.com\/sharer.php?u=https:\/\/radiorevelacionfm.cl\/?p=25747&#038;t=Diputados%20presentan%20proyecto%20que%20aplaza%20cobro%20del%20IVA%20para%20servicios%20profesionales' aria-hidden='false' data-av_icon='\ue8f3' data-av_iconfont='entypo-fontello' title='' data-avia-related-tooltip='Compartir en Facebook' rel=\"noopener\"><span class='avia_hidden_link_text'>Compartir en Facebook<\/span><\/a><\/li><li class='av-share-link av-social-link-twitter' ><a target=\"_blank\" aria-label=\"Compartir en Twitter\" href='https:\/\/twitter.com\/share?text=Diputados%20presentan%20proyecto%20que%20aplaza%20cobro%20del%20IVA%20para%20servicios%20profesionales&#038;url=https:\/\/radiorevelacionfm.cl\/?p=25747' aria-hidden='false' data-av_icon='\ue8f1' data-av_iconfont='entypo-fontello' title='' data-avia-related-tooltip='Compartir en Twitter' rel=\"noopener\"><span class='avia_hidden_link_text'>Compartir en Twitter<\/span><\/a><\/li><li class='av-share-link av-social-link-whatsapp' ><a target=\"_blank\" aria-label=\"Compartir en Whatsapp\" href='https:\/\/api.whatsapp.com\/send?text=https:\/\/radiorevelacionfm.cl\/?p=25747' aria-hidden='false' data-av_icon='\uf232' data-av_iconfont='entypo-fontello' title='' data-avia-related-tooltip='Compartir en Whatsapp' rel=\"noopener\"><span class='avia_hidden_link_text'>Compartir en Whatsapp<\/span><\/a><\/li><li class='av-share-link av-social-link-linkedin' ><a target=\"_blank\" aria-label=\"Compartir en LinkedIn\" href='https:\/\/linkedin.com\/shareArticle?mini=true&#038;title=Diputados%20presentan%20proyecto%20que%20aplaza%20cobro%20del%20IVA%20para%20servicios%20profesionales&#038;url=https:\/\/radiorevelacionfm.cl\/?p=25747' aria-hidden='false' data-av_icon='\ue8fc' data-av_iconfont='entypo-fontello' title='' data-avia-related-tooltip='Compartir en LinkedIn' rel=\"noopener\"><span class='avia_hidden_link_text'>Compartir en LinkedIn<\/span><\/a><\/li><li class='av-share-link av-social-link-mail' ><a  aria-label=\"Compartir por correo\" href='mailto:?subject=Diputados%20presentan%20proyecto%20que%20aplaza%20cobro%20del%20IVA%20para%20servicios%20profesionales&#038;body=https:\/\/radiorevelacionfm.cl\/?p=25747' aria-hidden='false' data-av_icon='\ue805' data-av_iconfont='entypo-fontello' title='' data-avia-related-tooltip='Compartir por correo'><span class='avia_hidden_link_text'>Compartir por correo<\/span><\/a><\/li><\/ul><\/div><\/div>\n<div  style='height:50px' class='hr hr-invisible   avia-builder-el-8  el_after_av_social_share  el_before_av_comments_list '><span class='hr-inner ' ><span class='hr-inner-style'><\/span><\/span><\/div>\n<div  class='av-buildercomment  av-blog-meta-html-info-disabled av-blog-meta-tag-disabled  '><\/div>\n","protected":false},"excerpt":{"rendered":"","protected":false},"author":1,"featured_media":25748,"comment_status":"open","ping_status":"open","sticky":false,"template":"","format":"standard","meta":{"footnotes":""},"categories":[35],"tags":[],"class_list":["post-25747","post","type-post","status-publish","format-standard","has-post-thumbnail","hentry","category-politica"],"jetpack_featured_media_url":"https:\/\/radiorevelacionfm.cl\/wp-content\/uploads\/2022\/12\/iva-img-20221221-wa0004-1_optimized-1.jpg","_links":{"self":[{"href":"https:\/\/radiorevelacionfm.cl\/index.php?rest_route=\/wp\/v2\/posts\/25747","targetHints":{"allow":["GET"]}}],"collection":[{"href":"https:\/\/radiorevelacionfm.cl\/index.php?rest_route=\/wp\/v2\/posts"}],"about":[{"href":"https:\/\/radiorevelacionfm.cl\/index.php?rest_route=\/wp\/v2\/types\/post"}],"author":[{"embeddable":true,"href":"https:\/\/radiorevelacionfm.cl\/index.php?rest_route=\/wp\/v2\/users\/1"}],"replies":[{"embeddable":true,"href":"https:\/\/radiorevelacionfm.cl\/index.php?rest_route=%2Fwp%2Fv2%2Fcomments&post=25747"}],"version-history":[{"count":2,"href":"https:\/\/radiorevelacionfm.cl\/index.php?rest_route=\/wp\/v2\/posts\/25747\/revisions"}],"predecessor-version":[{"id":25750,"href":"https:\/\/radiorevelacionfm.cl\/index.php?rest_route=\/wp\/v2\/posts\/25747\/revisions\/25750"}],"wp:featuredmedia":[{"embeddable":true,"href":"https:\/\/radiorevelacionfm.cl\/index.php?rest_route=\/wp\/v2\/media\/25748"}],"wp:attachment":[{"href":"https:\/\/radiorevelacionfm.cl\/index.php?rest_route=%2Fwp%2Fv2%2Fmedia&parent=25747"}],"wp:term":[{"taxonomy":"category","embeddable":true,"href":"https:\/\/radiorevelacionfm.cl\/index.php?rest_route=%2Fwp%2Fv2%2Fcategories&post=25747"},{"taxonomy":"post_tag","embeddable":true,"href":"https:\/\/radiorevelacionfm.cl\/index.php?rest_route=%2Fwp%2Fv2%2Ftags&post=25747"}],"curies":[{"name":"wp","href":"https:\/\/api.w.org\/{rel}","templated":true}]}}