{"id":25744,"date":"2022-12-21T18:14:25","date_gmt":"2022-12-21T21:14:25","guid":{"rendered":"https:\/\/radiorevelacionfm.cl\/?p=25744"},"modified":"2022-12-21T18:14:25","modified_gmt":"2022-12-21T21:14:25","slug":"coreset-refuerza-llamado-a-prevenir-accidentes-de-transitos-en-celebraciones-de-fin-de-ano","status":"publish","type":"post","link":"https:\/\/radiorevelacionfm.cl\/?p=25744","title":{"rendered":"Coreset refuerza llamado a prevenir accidentes de tr\u00e1nsitos en celebraciones de fin de a\u00f1o"},"content":{"rendered":"<div class=\"flex_column av_one_full  flex_column_div av-zero-column-padding first  avia-builder-el-0  el_before_av_one_full  avia-builder-el-first  \" style='border-radius:0px; '><div  class='avia-image-container  av-styling-    avia-builder-el-1  avia-builder-el-no-sibling  avia-align-center '  itemprop=\"image\" itemscope=\"itemscope\" itemtype=\"https:\/\/schema.org\/ImageObject\"  ><div class='avia-image-container-inner'><div class='avia-image-overlay-wrap'><img decoding=\"async\" class='wp-image-25745 avia-img-lazy-loading-not-25745 avia_image' src=\"https:\/\/radiorevelacionfm.cl\/wp-content\/uploads\/2022\/12\/cuida-tu-vida-3-1_optimized.jpg\" alt='' title='cuida-tu-vida-(3)-(1)_optimized' height=\"600\" width=\"800\"  itemprop=\"thumbnailUrl\" srcset=\"https:\/\/radiorevelacionfm.cl\/wp-content\/uploads\/2022\/12\/cuida-tu-vida-3-1_optimized.jpg 800w, https:\/\/radiorevelacionfm.cl\/wp-content\/uploads\/2022\/12\/cuida-tu-vida-3-1_optimized-300x225.jpg 300w, https:\/\/radiorevelacionfm.cl\/wp-content\/uploads\/2022\/12\/cuida-tu-vida-3-1_optimized-768x576.jpg 768w, https:\/\/radiorevelacionfm.cl\/wp-content\/uploads\/2022\/12\/cuida-tu-vida-3-1_optimized-705x529.jpg 705w, https:\/\/radiorevelacionfm.cl\/wp-content\/uploads\/2022\/12\/cuida-tu-vida-3-1_optimized-600x450.jpg 600w\" sizes=\"(max-width: 800px) 100vw, 800px\" \/><\/div><\/div><\/div><\/div><div class=\"flex_column av_one_full  flex_column_div av-zero-column-padding first  avia-builder-el-2  el_after_av_one_full  el_before_av_one_full  column-top-margin\" style='border-radius:0px; '><section class=\"av_textblock_section \"  itemscope=\"itemscope\" itemtype=\"https:\/\/schema.org\/BlogPosting\" itemprop=\"blogPost\" ><div class='avia_textblock  '   itemprop=\"text\" ><p style=\"text-align: center;\"><span style=\"font-size: 18pt;\"><b>Coreset refuerza llamado a prevenir accidentes de tr\u00e1nsitos en celebraciones de fin de a\u00f1o<\/b><\/span><\/p>\n<div id=\"gtx-trans\" style=\"position: absolute; left: -50px; top: 4.31534px;\">\n<div class=\"gtx-trans-icon\"><\/div>\n<\/div>\n<\/div><\/section><\/div><div class=\"flex_column av_one_full  flex_column_div av-zero-column-padding first  avia-builder-el-4  el_after_av_one_full  el_before_av_hr  column-top-margin\" style='border-radius:0px; '><section class=\"av_textblock_section \"  itemscope=\"itemscope\" itemtype=\"https:\/\/schema.org\/BlogPosting\" itemprop=\"blogPost\" ><div class='avia_textblock  '   itemprop=\"text\" ><p style=\"font-weight: 400; text-align: justify;\">Si bien durante el 2021, no se registraron siniestros viales con fallecidos en las fiestas de fin de a\u00f1o, contin\u00faan existiendo factores de riesgo en las calles, sobre todo para los usuarios m\u00e1s vulnerables como ciclistas y peatones.<\/p>\n<p style=\"font-weight: 400; text-align: justify;\">En total la cifra de fallecidos en Ays\u00e9n por siniestros viales asciende a un total de 8 personas durante el a\u00f1o 2021.<\/p>\n<p style=\"font-weight: 400; text-align: justify;\">La Comisi\u00f3n Regional de Seguridad de tr\u00e1nsito integrada por la SeremiTT, Carabineros, Onemi y Mutual de Seguridad, realizaron un llamado a la responsabilidad en estas fiestas de fin de a\u00f1o para prevenir conductas que puedan provocar siniestros viales. En esta ocasi\u00f3n, se enfatiz\u00f3 en la mayor presencia de ciclistas en las v\u00edas, tanto en rutas rurales como urbanas.<\/p>\n<p style=\"font-weight: 400; text-align: justify;\">\u201cCon la salida del sol vemos que andan m\u00e1s ciclistas en las calles; con el inicio de la temporada estival la carretera austral siempre es un atractivo para ciclistas de todo el mundo que la recorre. Hacemos un llamado a las personas a que tengan precauci\u00f3n y que seamos conscientes de qui\u00e9nes transitan por nuestras v\u00edas. Siempre pensando en que no solamente los que usamos veh\u00edculos somos los \u00fanicos que vamos por las rutas, sino que tambi\u00e9n hay personas que usan otros medios de transporte\u201d, recalc\u00f3 la seremiTT Claudia Cantero quien adem\u00e1s se refiri\u00f3 a que continuar con la labor de educaci\u00f3n vial es evitar para prevenir.<\/p>\n<p style=\"font-weight: 400; text-align: justify;\">Por su parte, el Teniente de la SIAT de Carabineros Manuel C\u00e1ceres, afirm\u00f3 que: \u201cCarabineros de Chile estar\u00e1 desplegado en todo el territorio para poder controlar y verificar las medidas de seguridad que lleven tanto los conductores y ciclistas que transitan por la Carretera Austral. Tambi\u00e9n, se\u00f1alarle a los conductores que en los caminos rurales donde no est\u00e1 pavimentado, bajen la velocidad ya que se levanta mucho polvo, y tambi\u00e9n saltan piedras, por lo que pueden afectar a los conductores de ciclos y pueden generarse accidentes\u201d<\/p>\n<p style=\"font-weight: 400; text-align: justify;\">Desde la direcci\u00f3n de Onemi regional, Sidi Bravo agreg\u00f3 que para quienes se desplazan por la Ruta 7, adem\u00e1s hay que informarse del estado de rutas, cortes de camino y de esta manera planificar de mejor forma el desplazamiento. Su recomendaci\u00f3n apunt\u00f3 a: \u201cinformarse a trav\u00e9s de los \u00f3rganos oficiales. Por ejemplo, entr\u00f3 una nueva barcaza en el Fiordo Mitchell, que tiene horarios para operar en verano, est\u00e1n habilitados todos los pasos fronterizos, salvo Coyhaique Alto y, hay que tener precauci\u00f3n en tomar la informaci\u00f3n de los cortes programados que pudiera atrasar alg\u00fan programa de las personas que se quieran trasladar por la regi\u00f3n\u201d.<\/p>\n<p style=\"font-weight: 400; text-align: justify;\">Finalmente, C\u00e9sar Baeza experto en prevenci\u00f3n de riesgo de la Mutual de Seguridad explic\u00f3 que tambi\u00e9n los ciclistas deben respetar la normativa de la Ley de Convivencia de Modos, vigente desde el 2018, que establece una serie de medidas de seguridad. \u201cPrimero, siempre mantener la distancia correspondiente (1,5 mts), conducir a la defensiva, manteni\u00e9ndose siempre pegado a su derecha, usar siempre ropa reflectante, elementos de protecci\u00f3n personal (casco, rodilleras y coderas) para poder de esta forma asegurar su traslado. Una buena revisi\u00f3n de la bicicleta y estar atento al sentido del tr\u00e1nsito. En las zonas de curvas, ir bien pegados a las orillas porque son los puntos donde m\u00e1s se encuentran los veh\u00edculos que van a alta velocidad y que muchas veces pueden generar alguna maniobra m\u00e1s cr\u00edtica y riesgosa\u201dconcluy\u00f3.<\/p>\n<p style=\"font-weight: 400; text-align: justify;\">Respecto al uso de las veredas para circular en bicicleta, se record\u00f3 que son los menores de edad y adultos mayores los \u00fanicos autorizados a utilizarla y lo deben hacer a una velocidad prudente para evitar atropellos a los peatones. Tambi\u00e9n se reforz\u00f3 aspectos generales de la normativa de Tr\u00e1nsito como el uso obligatorio de cintur\u00f3n de seguridad, sistemas de retenci\u00f3n infantil para ni\u00f1os, respetar los l\u00edmites de velocidad y por supuesto, nunca conducir si se ha consumido alcohol u otras drogas.<\/p>\n<\/div><\/section><\/div><div  style='height:50px' class='hr hr-invisible   avia-builder-el-6  el_after_av_one_full  el_before_av_social_share '><span class='hr-inner ' ><span class='hr-inner-style'><\/span><\/span><\/div><\/p>\n<div  class='av-social-sharing-box  avia-builder-el-7  el_after_av_hr  el_before_av_hr  '><div class='av-share-box'><h5 class='av-share-link-description av-no-toc '>Compartir esta noticia<\/h5><ul class='av-share-box-list noLightbox'><li class='av-share-link av-social-link-facebook' ><a target=\"_blank\" aria-label=\"Compartir en Facebook\" href='https:\/\/www.facebook.com\/sharer.php?u=https:\/\/radiorevelacionfm.cl\/?p=25744&#038;t=Coreset%20refuerza%20llamado%20a%20prevenir%20accidentes%20de%20tr%C3%A1nsitos%20en%20celebraciones%20de%20fin%20de%20a%C3%B1o' aria-hidden='false' data-av_icon='\ue8f3' data-av_iconfont='entypo-fontello' title='' data-avia-related-tooltip='Compartir en Facebook' rel=\"noopener\"><span class='avia_hidden_link_text'>Compartir en Facebook<\/span><\/a><\/li><li class='av-share-link av-social-link-twitter' ><a target=\"_blank\" aria-label=\"Compartir en Twitter\" href='https:\/\/twitter.com\/share?text=Coreset%20refuerza%20llamado%20a%20prevenir%20accidentes%20de%20tr%C3%A1nsitos%20en%20celebraciones%20de%20fin%20de%20a%C3%B1o&#038;url=https:\/\/radiorevelacionfm.cl\/?p=25744' aria-hidden='false' data-av_icon='\ue8f1' data-av_iconfont='entypo-fontello' title='' data-avia-related-tooltip='Compartir en Twitter' rel=\"noopener\"><span class='avia_hidden_link_text'>Compartir en Twitter<\/span><\/a><\/li><li class='av-share-link av-social-link-whatsapp' ><a target=\"_blank\" aria-label=\"Compartir en Whatsapp\" href='https:\/\/api.whatsapp.com\/send?text=https:\/\/radiorevelacionfm.cl\/?p=25744' aria-hidden='false' data-av_icon='\uf232' data-av_iconfont='entypo-fontello' title='' data-avia-related-tooltip='Compartir en Whatsapp' rel=\"noopener\"><span class='avia_hidden_link_text'>Compartir en Whatsapp<\/span><\/a><\/li><li class='av-share-link av-social-link-linkedin' ><a target=\"_blank\" aria-label=\"Compartir en LinkedIn\" href='https:\/\/linkedin.com\/shareArticle?mini=true&#038;title=Coreset%20refuerza%20llamado%20a%20prevenir%20accidentes%20de%20tr%C3%A1nsitos%20en%20celebraciones%20de%20fin%20de%20a%C3%B1o&#038;url=https:\/\/radiorevelacionfm.cl\/?p=25744' aria-hidden='false' data-av_icon='\ue8fc' data-av_iconfont='entypo-fontello' title='' data-avia-related-tooltip='Compartir en LinkedIn' rel=\"noopener\"><span class='avia_hidden_link_text'>Compartir en LinkedIn<\/span><\/a><\/li><li class='av-share-link av-social-link-mail' ><a  aria-label=\"Compartir por correo\" href='mailto:?subject=Coreset%20refuerza%20llamado%20a%20prevenir%20accidentes%20de%20tr%C3%A1nsitos%20en%20celebraciones%20de%20fin%20de%20a%C3%B1o&#038;body=https:\/\/radiorevelacionfm.cl\/?p=25744' aria-hidden='false' data-av_icon='\ue805' data-av_iconfont='entypo-fontello' title='' data-avia-related-tooltip='Compartir por correo'><span class='avia_hidden_link_text'>Compartir por correo<\/span><\/a><\/li><\/ul><\/div><\/div>\n<div  style='height:50px' class='hr hr-invisible   avia-builder-el-8  el_after_av_social_share  el_before_av_comments_list '><span class='hr-inner ' ><span class='hr-inner-style'><\/span><\/span><\/div>\n<div  class='av-buildercomment  av-blog-meta-html-info-disabled av-blog-meta-tag-disabled  '><\/div>\n","protected":false},"excerpt":{"rendered":"","protected":false},"author":1,"featured_media":25745,"comment_status":"open","ping_status":"open","sticky":false,"template":"","format":"standard","meta":{"footnotes":""},"categories":[38],"tags":[],"class_list":["post-25744","post","type-post","status-publish","format-standard","has-post-thumbnail","hentry","category-regional"],"jetpack_featured_media_url":"https:\/\/radiorevelacionfm.cl\/wp-content\/uploads\/2022\/12\/cuida-tu-vida-3-1_optimized.jpg","_links":{"self":[{"href":"https:\/\/radiorevelacionfm.cl\/index.php?rest_route=\/wp\/v2\/posts\/25744","targetHints":{"allow":["GET"]}}],"collection":[{"href":"https:\/\/radiorevelacionfm.cl\/index.php?rest_route=\/wp\/v2\/posts"}],"about":[{"href":"https:\/\/radiorevelacionfm.cl\/index.php?rest_route=\/wp\/v2\/types\/post"}],"author":[{"embeddable":true,"href":"https:\/\/radiorevelacionfm.cl\/index.php?rest_route=\/wp\/v2\/users\/1"}],"replies":[{"embeddable":true,"href":"https:\/\/radiorevelacionfm.cl\/index.php?rest_route=%2Fwp%2Fv2%2Fcomments&post=25744"}],"version-history":[{"count":2,"href":"https:\/\/radiorevelacionfm.cl\/index.php?rest_route=\/wp\/v2\/posts\/25744\/revisions"}],"predecessor-version":[{"id":25762,"href":"https:\/\/radiorevelacionfm.cl\/index.php?rest_route=\/wp\/v2\/posts\/25744\/revisions\/25762"}],"wp:featuredmedia":[{"embeddable":true,"href":"https:\/\/radiorevelacionfm.cl\/index.php?rest_route=\/wp\/v2\/media\/25745"}],"wp:attachment":[{"href":"https:\/\/radiorevelacionfm.cl\/index.php?rest_route=%2Fwp%2Fv2%2Fmedia&parent=25744"}],"wp:term":[{"taxonomy":"category","embeddable":true,"href":"https:\/\/radiorevelacionfm.cl\/index.php?rest_route=%2Fwp%2Fv2%2Fcategories&post=25744"},{"taxonomy":"post_tag","embeddable":true,"href":"https:\/\/radiorevelacionfm.cl\/index.php?rest_route=%2Fwp%2Fv2%2Ftags&post=25744"}],"curies":[{"name":"wp","href":"https:\/\/api.w.org\/{rel}","templated":true}]}}