{"id":25740,"date":"2022-12-21T15:51:51","date_gmt":"2022-12-21T18:51:51","guid":{"rendered":"https:\/\/radiorevelacionfm.cl\/?p=25740"},"modified":"2022-12-21T15:51:51","modified_gmt":"2022-12-21T18:51:51","slug":"constatan-mal-estado-de-monumentos-historicos-en-puerto-aysen","status":"publish","type":"post","link":"https:\/\/radiorevelacionfm.cl\/?p=25740","title":{"rendered":"Constatan mal estado de monumentos hist\u00f3ricos en Puerto Ays\u00e9n"},"content":{"rendered":"<div class=\"flex_column av_one_full  flex_column_div av-zero-column-padding first  avia-builder-el-0  el_before_av_one_full  avia-builder-el-first  \" style='border-radius:0px; '><div  class='avia-image-container  av-styling-    avia-builder-el-1  avia-builder-el-no-sibling  avia-align-center '  itemprop=\"image\" itemscope=\"itemscope\" itemtype=\"https:\/\/schema.org\/ImageObject\"  ><div class='avia-image-container-inner'><div class='avia-image-overlay-wrap'><img decoding=\"async\" class='wp-image-25741 avia-img-lazy-loading-not-25741 avia_image' src=\"https:\/\/radiorevelacionfm.cl\/wp-content\/uploads\/2022\/12\/7-25-1-1.jpg\" alt='' title='7 (25) (1) (1)' height=\"600\" width=\"800\"  itemprop=\"thumbnailUrl\" srcset=\"https:\/\/radiorevelacionfm.cl\/wp-content\/uploads\/2022\/12\/7-25-1-1.jpg 800w, https:\/\/radiorevelacionfm.cl\/wp-content\/uploads\/2022\/12\/7-25-1-1-300x225.jpg 300w, https:\/\/radiorevelacionfm.cl\/wp-content\/uploads\/2022\/12\/7-25-1-1-768x576.jpg 768w, https:\/\/radiorevelacionfm.cl\/wp-content\/uploads\/2022\/12\/7-25-1-1-705x529.jpg 705w, https:\/\/radiorevelacionfm.cl\/wp-content\/uploads\/2022\/12\/7-25-1-1-600x450.jpg 600w\" sizes=\"(max-width: 800px) 100vw, 800px\" \/><\/div><\/div><\/div><\/div><div class=\"flex_column av_one_full  flex_column_div av-zero-column-padding first  avia-builder-el-2  el_after_av_one_full  el_before_av_one_full  column-top-margin\" style='border-radius:0px; '><section class=\"av_textblock_section \"  itemscope=\"itemscope\" itemtype=\"https:\/\/schema.org\/BlogPosting\" itemprop=\"blogPost\" ><div class='avia_textblock  '   itemprop=\"text\" ><p style=\"text-align: center;\"><strong><span style=\"font-size: 18pt;\">Constatan mal estado de monumentos hist\u00f3ricos en Puerto Ays\u00e9n<\/span><\/strong><\/p>\n<div id=\"gtx-trans\" style=\"position: absolute; left: -50px; top: 4.31534px;\">\n<div class=\"gtx-trans-icon\"><\/div>\n<\/div>\n<\/div><\/section><\/div><div class=\"flex_column av_one_full  flex_column_div av-zero-column-padding first  avia-builder-el-4  el_after_av_one_full  el_before_av_hr  column-top-margin\" style='border-radius:0px; '><section class=\"av_textblock_section \"  itemscope=\"itemscope\" itemtype=\"https:\/\/schema.org\/BlogPosting\" itemprop=\"blogPost\" ><div class='avia_textblock  '   itemprop=\"text\" ><p style=\"text-align: justify;\">Desde el inicio de su gesti\u00f3n la Seremi Irina Morend, ha dado una especial importancia a los bienes fiscales con alto valor hist\u00f3rico para la regi\u00f3n de Ays\u00e9n, documentos, archivos e infraestructura que nos habla del proceso de colonizaci\u00f3n de esta joven regi\u00f3n, muchos de ellos, bajo alguna categor\u00eda de protecci\u00f3n oficial y que se encuentran en riesgo de perderse o seguir deterior\u00e1ndose.<\/p>\n<p style=\"text-align: justify;\">\u201cEn ese sentido, entendemos que la puesta en valor es la contribuci\u00f3n a la historia regional, cada proceso de rescate o restauraci\u00f3n tanto en el caso de los archivos o de la infraestructura es relevante, por ello, hemos venido a conocer las condiciones de estas dos importantes propiedades fiscales. Por un lado, est\u00e1 la Oficina de Tierras y Colonizaci\u00f3n, decretada en el a\u00f1o 2009 como monumento hist\u00f3rico, y m\u00e1s reciente, el Cuartel N\u00ba2 de Carabineros, decretado como Sitio de Memoria\u201d, apunt\u00f3 la Seremi.<\/p>\n<p style=\"text-align: justify;\">-Y agrega.<em> \u201c<\/em>La administraci\u00f3n de ambos inmuebles actualmente la tiene Carabineros, y la complejidad que enfrenta la instituci\u00f3n, es que las normativas para la mantenci\u00f3n de inmuebles que se encuentran bajo alguna categor\u00eda de protecci\u00f3n exigen altos est\u00e1ndares t\u00e9cnicos y presupuestarios. Nuestra preocupaci\u00f3n es que se sigan deteriorando, por ello, seguiremos evaluando las f\u00f3rmulas que nos permitan articular con carabineros y otros servicios soluciones, para su debida restauraci\u00f3n, mantenimiento y administraci\u00f3n\u201d.<\/p>\n<p style=\"text-align: justify;\"><strong>Oficina de Tierras y Colonizaci\u00f3n <\/strong><\/p>\n<p style=\"text-align: justify;\">Por su valor hist\u00f3rico y arquitect\u00f3nico en el a\u00f1o 2009 se decret\u00f3 (Decreto N\u00ba36) como Monumento hist\u00f3rico. Este edificio forma parte de una serie de construcciones de car\u00e1cter p\u00fablico, cuya edificaci\u00f3n fue encargada a Carlos Stange Klein, maderero industrial de Puerto Montt, en el a\u00f1o 1930, quien adem\u00e1s construy\u00f3 en Puerto Ais\u00e9n otros edificios institucionales.<\/p>\n<p style=\"text-align: justify;\">Destacar que, durante la primera mitad del siglo XX, los colonos desplegaron una in\u00e9dita actividad en la regi\u00f3n, fundando pueblos por su propia iniciativa, abriendo rutas, despejando terrenos para el cultivo, la ganader\u00eda, y descubriendo y explotando yacimientos mineros que ser\u00edan de vital importancia para la regi\u00f3n. En ese contexto, fue creada la Oficina de Tierras y Colonizaci\u00f3n, la cual oper\u00f3 durante casi 50 a\u00f1os con la tarea de destinar terrenos para que los colonos pudieran desarrollar sus actividades productivas e instalarse en la regi\u00f3n, hechos que justificaron su car\u00e1cter de patrimonio hist\u00f3rico fundamental para el poblamiento de Ays\u00e9n, y para el desarrollo de la Regi\u00f3n y del pa\u00eds (Consejo de Monumentos Nacionales). Desde el a\u00f1o 1986 la edificaci\u00f3n fue destinada a Carabineros y actualmente funciona la II Comisar\u00eda de Carabineros de Puerto Ays\u00e9n.<\/p>\n<p style=\"text-align: justify;\"><strong>Monumento Hist\u00f3rico en categor\u00eda Sitio de Memoria, Cuartel N\u00ba2 de Carabineros de Puerto Ays\u00e9n <\/strong><\/p>\n<p style=\"text-align: justify;\">Desde su construcci\u00f3n en 1931, ha cobijado a la Comisar\u00eda de Carabineros de Puerto Ays\u00e9n y sus caballerizas, constituy\u00e9ndose en uno de los inmuebles m\u00e1s antiguos de la ciudad y en una de las primeras instituciones instaladas por el Estado desde la creaci\u00f3n oficial de la Provincia de Ays\u00e9n. Este inmueble que a comienzos de la d\u00e9cada de 1960 cobij\u00f3 al teniente de carabineros Hern\u00e1n Merino Correa, durante su destinaci\u00f3n a Ays\u00e9n (Biblioteca del Congreso Nacional de Chile), fue utilizado en 1973 por la dictadura c\u00edvico militar como centro de prisi\u00f3n pol\u00edtica, torturas y ejecuciones.<\/p>\n<\/div><\/section><\/div><div  style='height:50px' class='hr hr-invisible   avia-builder-el-6  el_after_av_one_full  el_before_av_social_share '><span class='hr-inner ' ><span class='hr-inner-style'><\/span><\/span><\/div><\/p>\n<div  class='av-social-sharing-box  avia-builder-el-7  el_after_av_hr  el_before_av_hr  '><div class='av-share-box'><h5 class='av-share-link-description av-no-toc '>Compartir esta noticia<\/h5><ul class='av-share-box-list noLightbox'><li class='av-share-link av-social-link-facebook' ><a target=\"_blank\" aria-label=\"Compartir en Facebook\" href='https:\/\/www.facebook.com\/sharer.php?u=https:\/\/radiorevelacionfm.cl\/?p=25740&#038;t=Constatan%20mal%20estado%20de%20monumentos%20hist%C3%B3ricos%20en%20Puerto%20Ays%C3%A9n' aria-hidden='false' data-av_icon='\ue8f3' data-av_iconfont='entypo-fontello' title='' data-avia-related-tooltip='Compartir en Facebook' rel=\"noopener\"><span class='avia_hidden_link_text'>Compartir en Facebook<\/span><\/a><\/li><li class='av-share-link av-social-link-twitter' ><a target=\"_blank\" aria-label=\"Compartir en Twitter\" href='https:\/\/twitter.com\/share?text=Constatan%20mal%20estado%20de%20monumentos%20hist%C3%B3ricos%20en%20Puerto%20Ays%C3%A9n&#038;url=https:\/\/radiorevelacionfm.cl\/?p=25740' aria-hidden='false' data-av_icon='\ue8f1' data-av_iconfont='entypo-fontello' title='' data-avia-related-tooltip='Compartir en Twitter' rel=\"noopener\"><span class='avia_hidden_link_text'>Compartir en Twitter<\/span><\/a><\/li><li class='av-share-link av-social-link-whatsapp' ><a target=\"_blank\" aria-label=\"Compartir en Whatsapp\" href='https:\/\/api.whatsapp.com\/send?text=https:\/\/radiorevelacionfm.cl\/?p=25740' aria-hidden='false' data-av_icon='\uf232' data-av_iconfont='entypo-fontello' title='' data-avia-related-tooltip='Compartir en Whatsapp' rel=\"noopener\"><span class='avia_hidden_link_text'>Compartir en Whatsapp<\/span><\/a><\/li><li class='av-share-link av-social-link-linkedin' ><a target=\"_blank\" aria-label=\"Compartir en LinkedIn\" href='https:\/\/linkedin.com\/shareArticle?mini=true&#038;title=Constatan%20mal%20estado%20de%20monumentos%20hist%C3%B3ricos%20en%20Puerto%20Ays%C3%A9n&#038;url=https:\/\/radiorevelacionfm.cl\/?p=25740' aria-hidden='false' data-av_icon='\ue8fc' data-av_iconfont='entypo-fontello' title='' data-avia-related-tooltip='Compartir en LinkedIn' rel=\"noopener\"><span class='avia_hidden_link_text'>Compartir en LinkedIn<\/span><\/a><\/li><li class='av-share-link av-social-link-mail' ><a  aria-label=\"Compartir por correo\" href='mailto:?subject=Constatan%20mal%20estado%20de%20monumentos%20hist%C3%B3ricos%20en%20Puerto%20Ays%C3%A9n&#038;body=https:\/\/radiorevelacionfm.cl\/?p=25740' aria-hidden='false' data-av_icon='\ue805' data-av_iconfont='entypo-fontello' title='' data-avia-related-tooltip='Compartir por correo'><span class='avia_hidden_link_text'>Compartir por correo<\/span><\/a><\/li><\/ul><\/div><\/div>\n<div  style='height:50px' class='hr hr-invisible   avia-builder-el-8  el_after_av_social_share  el_before_av_comments_list '><span class='hr-inner ' ><span class='hr-inner-style'><\/span><\/span><\/div>\n<div  class='av-buildercomment  av-blog-meta-html-info-disabled av-blog-meta-tag-disabled  '><\/div>\n","protected":false},"excerpt":{"rendered":"","protected":false},"author":1,"featured_media":25741,"comment_status":"open","ping_status":"open","sticky":false,"template":"","format":"standard","meta":{"footnotes":""},"categories":[38],"tags":[],"class_list":["post-25740","post","type-post","status-publish","format-standard","has-post-thumbnail","hentry","category-regional"],"jetpack_featured_media_url":"https:\/\/radiorevelacionfm.cl\/wp-content\/uploads\/2022\/12\/7-25-1-1.jpg","_links":{"self":[{"href":"https:\/\/radiorevelacionfm.cl\/index.php?rest_route=\/wp\/v2\/posts\/25740","targetHints":{"allow":["GET"]}}],"collection":[{"href":"https:\/\/radiorevelacionfm.cl\/index.php?rest_route=\/wp\/v2\/posts"}],"about":[{"href":"https:\/\/radiorevelacionfm.cl\/index.php?rest_route=\/wp\/v2\/types\/post"}],"author":[{"embeddable":true,"href":"https:\/\/radiorevelacionfm.cl\/index.php?rest_route=\/wp\/v2\/users\/1"}],"replies":[{"embeddable":true,"href":"https:\/\/radiorevelacionfm.cl\/index.php?rest_route=%2Fwp%2Fv2%2Fcomments&post=25740"}],"version-history":[{"count":2,"href":"https:\/\/radiorevelacionfm.cl\/index.php?rest_route=\/wp\/v2\/posts\/25740\/revisions"}],"predecessor-version":[{"id":25743,"href":"https:\/\/radiorevelacionfm.cl\/index.php?rest_route=\/wp\/v2\/posts\/25740\/revisions\/25743"}],"wp:featuredmedia":[{"embeddable":true,"href":"https:\/\/radiorevelacionfm.cl\/index.php?rest_route=\/wp\/v2\/media\/25741"}],"wp:attachment":[{"href":"https:\/\/radiorevelacionfm.cl\/index.php?rest_route=%2Fwp%2Fv2%2Fmedia&parent=25740"}],"wp:term":[{"taxonomy":"category","embeddable":true,"href":"https:\/\/radiorevelacionfm.cl\/index.php?rest_route=%2Fwp%2Fv2%2Fcategories&post=25740"},{"taxonomy":"post_tag","embeddable":true,"href":"https:\/\/radiorevelacionfm.cl\/index.php?rest_route=%2Fwp%2Fv2%2Ftags&post=25740"}],"curies":[{"name":"wp","href":"https:\/\/api.w.org\/{rel}","templated":true}]}}