{"id":25737,"date":"2022-12-21T16:57:11","date_gmt":"2022-12-21T19:57:11","guid":{"rendered":"https:\/\/radiorevelacionfm.cl\/?p=25737"},"modified":"2022-12-21T16:57:31","modified_gmt":"2022-12-21T19:57:31","slug":"proveedores-de-aysen-visitaron-la-region-los-lagos-buscando-mejorar-competitividad","status":"publish","type":"post","link":"https:\/\/radiorevelacionfm.cl\/?p=25737","title":{"rendered":"Proveedores de Ays\u00e9n visitaron la Regi\u00f3n de Los Lagos buscando mejorar competitividad"},"content":{"rendered":"<div class=\"flex_column av_one_full  flex_column_div av-zero-column-padding first  avia-builder-el-0  el_before_av_one_full  avia-builder-el-first  \" style='border-radius:0px; '><div  class='avia-image-container  av-styling-    avia-builder-el-1  avia-builder-el-no-sibling  avia-align-center '  itemprop=\"image\" itemscope=\"itemscope\" itemtype=\"https:\/\/schema.org\/ImageObject\"  ><div class='avia-image-container-inner'><div class='avia-image-overlay-wrap'><img decoding=\"async\" class='wp-image-25738 avia-img-lazy-loading-not-25738 avia_image' src=\"https:\/\/radiorevelacionfm.cl\/wp-content\/uploads\/2022\/12\/screenshot_1a-1_optimized.jpg\" alt='' title='screenshot_1a-(1)_optimized' height=\"600\" width=\"876\"  itemprop=\"thumbnailUrl\" srcset=\"https:\/\/radiorevelacionfm.cl\/wp-content\/uploads\/2022\/12\/screenshot_1a-1_optimized.jpg 876w, https:\/\/radiorevelacionfm.cl\/wp-content\/uploads\/2022\/12\/screenshot_1a-1_optimized-300x205.jpg 300w, https:\/\/radiorevelacionfm.cl\/wp-content\/uploads\/2022\/12\/screenshot_1a-1_optimized-768x526.jpg 768w, https:\/\/radiorevelacionfm.cl\/wp-content\/uploads\/2022\/12\/screenshot_1a-1_optimized-705x483.jpg 705w, https:\/\/radiorevelacionfm.cl\/wp-content\/uploads\/2022\/12\/screenshot_1a-1_optimized-600x411.jpg 600w\" sizes=\"(max-width: 876px) 100vw, 876px\" \/><\/div><\/div><\/div><\/div>\n<div class=\"flex_column av_one_full  flex_column_div av-zero-column-padding first  avia-builder-el-2  el_after_av_one_full  el_before_av_one_full  column-top-margin\" style='border-radius:0px; '><section class=\"av_textblock_section \"  itemscope=\"itemscope\" itemtype=\"https:\/\/schema.org\/BlogPosting\" itemprop=\"blogPost\" ><div class='avia_textblock  '   itemprop=\"text\" ><p style=\"text-align: center;\"><span style=\"font-size: 18pt;\"><b>Proveedores de Ays\u00e9n visitaron la Regi\u00f3n de Los Lagos buscando mejorar competitividad<\/b><\/span><\/p>\n<div id=\"gtx-trans\" style=\"position: absolute; left: -50px; top: 4.31534px;\">\n<div class=\"gtx-trans-icon\"><\/div>\n<\/div>\n<\/div><\/section><\/div><div class=\"flex_column av_one_full  flex_column_div av-zero-column-padding first  avia-builder-el-4  el_after_av_one_full  el_before_av_hr  column-top-margin\" style='border-radius:0px; '><section class=\"av_textblock_section \"  itemscope=\"itemscope\" itemtype=\"https:\/\/schema.org\/BlogPosting\" itemprop=\"blogPost\" ><div class='avia_textblock  '   itemprop=\"text\" ><p class=\"v1gmail-MsoListParagraph\" style=\"text-align: justify;\">Representantes de nueve empresas de la Und\u00e9cima regi\u00f3n mantuvieron una serie de visitas y reuniones en Puerto Montt, en el marco de una gira\u00a0tecnol\u00f3gica organizada por el PTI Fiordos y Canales de Ays\u00e9n.<\/p>\n<p class=\"v1MsoNormal\" style=\"text-align: justify;\">Con el prop\u00f3sito de conocer los desarrollos y soluciones de algunas de las m\u00e1s destacadas empresas proveedoras que prestan servicios a la salmonicultura chilena desde Puerto Montt, un grupo de nueve emprendedores ayseninos visit\u00f3 la capital de la Regi\u00f3n de Los Lagos, en el marco de una gira tecnol\u00f3gica de tres d\u00edas organizada por el Programa Territorial Integrado (PTI) de Corfo \u00ab<a href=\"https:\/\/fiordosycanales.cl\/\" target=\"_blank\" rel=\"noopener noreferrer\">Desarrollo Competitivo de los Fiordos y Canales de Ays\u00e9n<\/a>\u00ab.<\/p>\n<p class=\"v1MsoNormal\" style=\"text-align: justify;\">El ciclo de visitas incluy\u00f3 recorridos por las instalaciones de las empresas\u00a0<a href=\"http:\/\/www.sitecna.cl\/\" target=\"_blank\" rel=\"noopener noreferrer\">Sitecna<\/a>,\u00a0<a href=\"http:\/\/www.innovex.cl\/\" target=\"_blank\" rel=\"noopener noreferrer\">Innovex<\/a>,\u00a0<a href=\"http:\/\/www.ast.cl\/\" target=\"_blank\" rel=\"noopener noreferrer\">AST Networks<\/a>,\u00a0<a href=\"http:\/\/www.scaleaq.cl\/\" target=\"_blank\" rel=\"noopener noreferrer\">ScaleAQ Chile<\/a>,\u00a0<a href=\"http:\/\/www.aquarov.cl\/\" target=\"_blank\" rel=\"noopener noreferrer\">AquaRov<\/a>\u00a0y\u00a0<a href=\"http:\/\/www.greenspot.cl\/\" target=\"_blank\" rel=\"noopener noreferrer\">Greenspot Upcycling<\/a>. Esto fue precedido por un taller de emprendimiento acu\u00edcola, durante el cual la delegaci\u00f3n de Ays\u00e9n tuvo la oportunidad de recibir y compartir conocimientos, experiencias y aprendizajes con Gonzalo Romero, del\u00a0<a href=\"http:\/\/salmonsustentable.patagoniati.cl\/\" target=\"_blank\" rel=\"noopener noreferrer\">Programa Estrat\u00e9gico Mesoregional Salm\u00f3n Sustentable<\/a>\u00a0de Corfo; Gonzalo Silva, del\u00a0<a href=\"https:\/\/www.consejodelsalmon.cl\/\" target=\"_blank\" rel=\"noopener noreferrer\">Consejo del Salm\u00f3n AG<\/a>; Rodrigo Salas, de\u00a0<a href=\"https:\/\/corfo.cl\/sites\/cpp\/regiones\/loslagos\" target=\"_blank\" rel=\"noopener noreferrer\">Corfo Los Lagos<\/a>; Sergio Martinez, de\u00a0<a href=\"https:\/\/www.dvstecnologia.cl\/\" target=\"_blank\" rel=\"noopener noreferrer\">DVS Tecnolog\u00eda<\/a>; y Paulo Jorquera, de\u00a0<a href=\"https:\/\/www.chucaotec.com\/\" target=\"_blank\" rel=\"noopener noreferrer\">ChucaoTec<\/a>.<\/p>\n<p class=\"v1MsoNormal\" style=\"text-align: justify;\">Humberto Mar\u00edn Leiva, director de Corfo Ays\u00e9n, se\u00f1al\u00f3 que \u00abmejorar el grado de competitividad de quienes ofrecen servicios a la industria acu\u00edcola en nuestra regi\u00f3n, es uno de los ejes de nuestro programa. La generaci\u00f3n de valor y riqueza de ese sector productivo tiene como uno de sus pilares a las empresas proveedoras locales. Y esta gira, es parte de nuestro compromiso para fortalecerlas y, de esta manera, seguir aportando a la reactivaci\u00f3n econ\u00f3mica de nuestra regi\u00f3n\u00bb.<\/p>\n<p class=\"v1MsoNormal\" style=\"text-align: justify;\"><b>ALIANZAS Y OPORTUNIDADES<\/b><\/p>\n<p class=\"v1MsoNormal\" style=\"text-align: justify;\">Adem\u00e1s de manifestarse felices por la oportunidad de participar de esta gira tecnol\u00f3gica, ejecutada por\u00a0<a href=\"https:\/\/greetech.cl\/\" target=\"_blank\" rel=\"noopener noreferrer\">Greetech Chile<\/a>, los emprendedores ayseninos se mostraron muy agradecidos con las compa\u00f1\u00edas que los recibieron durante cada uno de los recorridos.<\/p>\n<p class=\"v1MsoNormal\" style=\"text-align: justify;\">Seg\u00fan coment\u00f3 la Gerente General de la empresa Redes de Ays\u00e9n, Jenny B\u00f3rquez, \u00abpara nosotros como proveedores de la und\u00e9cima regi\u00f3n, que somos pr\u00e1cticamente muy nuevos, conocer a quienes est\u00e1n aqu\u00ed en la d\u00e9cima representa una oportunidad tremenda, tanto para ver la enorme gama de posibilidades que tenemos por implementar en nuestra regi\u00f3n, como para poder mejorar nuestros servicios\u00bb. De igual manera, puntualiz\u00f3 que \u00abtambi\u00e9n se nos han abierto puertas en cuanto a formar alianzas con los mismos proveedores de la d\u00e9cima\u00bb.<\/p>\n<p class=\"v1MsoNormal\" style=\"text-align: justify;\">A su vez, de acuerdo con lo expresado por el Supervisor de la firma Servicios de mantenimiento industrial Gladys Guaquin, Marco Medel \u00abfueron muy enriquecedoras las visitas a cada una de las instalaciones que recorrimos, porque nos encontramos con diferentes refuerzos de lo que uno quiere llegar a tener. Asimismo, hemos ido aprendiendo con cada una de las diferentes empresas que nos recibieron, incorporando distintas cosas que incluso no ten\u00edamos a\u00fan en mente\u00bb.<\/p>\n<p class=\"v1MsoNormal\" style=\"text-align: justify;\">En tanto, el Gerente de Operaciones de Kuntur, Sergio Montecinos, calific\u00f3 como tremendamente positivas las posibilidades de sinergias y redes de contacto generadas, \u00abporque para ellos (los proveedores establecidos en Los Lagos) tambi\u00e9n es interesante generar redes en la Regi\u00f3n de Ays\u00e9n y, para nosotros, ha sido importante darnos a conocer y que sepan que hay empresas serias que est\u00e1n trabajando y haciendo cosas importantes por all\u00e1\u00bb, expres\u00f3 el ejecutivo.<\/p>\n<p class=\"v1MsoNormal\" style=\"text-align: justify;\">El Gerente del PTI Fiordos y Canales, Ismael Infante, dijo regresar a Ays\u00e9n impresionado con el nivel de desarrollo de la industria acu\u00edcola en Puerto Montt. \u00abTenemos mucho que trabajar para llegar a esos niveles de desarrollo aqu\u00ed en Ays\u00e9n, pero me voy muy contento porque la delegaci\u00f3n que particip\u00f3 se convirti\u00f3 en un grupo bien afiatado, se formaron nuevas redes entre ellos mismos y con las empresas prestadoras de servicios que fuimos a visitar\u00bb, destac\u00f3.<\/p>\n<p class=\"v1MsoNormal\" style=\"text-align: justify;\">Finalmente, Infante detall\u00f3 que esta gira abre importantes posibilidades. \u00abLa mayor\u00eda de las empresas que visitamos prestan servicios a los centros de cultivo en Ays\u00e9n y muchas veces necesitan ayuda para ofrecer un servicio m\u00e1s inmediato. Con estas visitas logramos ampliar las redes de contacto de estas empresas grandes que fuimos a visitar con los proveedores de servicios de Ays\u00e9n. Se puede certificar a proveedores locales, disponer del servicio local para poder ofrecer un mejor servicio desde Puerto Montt\u00bb, concluy\u00f3 el gestor del PTI Fiordos y Canales.<\/p>\n<\/div><\/section><\/div><\/p>\n<div  style='height:50px' class='hr hr-invisible   avia-builder-el-6  el_after_av_one_full  el_before_av_social_share '><span class='hr-inner ' ><span class='hr-inner-style'><\/span><\/span><\/div>\n<div  class='av-social-sharing-box  avia-builder-el-7  el_after_av_hr  el_before_av_hr  '><div class='av-share-box'><h5 class='av-share-link-description av-no-toc '>Compartir esta noticia<\/h5><ul class='av-share-box-list noLightbox'><li class='av-share-link av-social-link-facebook' ><a target=\"_blank\" aria-label=\"Compartir en Facebook\" href='https:\/\/www.facebook.com\/sharer.php?u=https:\/\/radiorevelacionfm.cl\/?p=25737&#038;t=Proveedores%20de%20Ays%C3%A9n%20visitaron%20la%20Regi%C3%B3n%20de%20Los%20Lagos%20buscando%20mejorar%20competitividad' aria-hidden='false' data-av_icon='\ue8f3' data-av_iconfont='entypo-fontello' title='' data-avia-related-tooltip='Compartir en Facebook' rel=\"noopener\"><span class='avia_hidden_link_text'>Compartir en Facebook<\/span><\/a><\/li><li class='av-share-link av-social-link-twitter' ><a target=\"_blank\" aria-label=\"Compartir en Twitter\" href='https:\/\/twitter.com\/share?text=Proveedores%20de%20Ays%C3%A9n%20visitaron%20la%20Regi%C3%B3n%20de%20Los%20Lagos%20buscando%20mejorar%20competitividad&#038;url=https:\/\/radiorevelacionfm.cl\/?p=25737' aria-hidden='false' data-av_icon='\ue8f1' data-av_iconfont='entypo-fontello' title='' data-avia-related-tooltip='Compartir en Twitter' rel=\"noopener\"><span class='avia_hidden_link_text'>Compartir en Twitter<\/span><\/a><\/li><li class='av-share-link av-social-link-whatsapp' ><a target=\"_blank\" aria-label=\"Compartir en Whatsapp\" href='https:\/\/api.whatsapp.com\/send?text=https:\/\/radiorevelacionfm.cl\/?p=25737' aria-hidden='false' data-av_icon='\uf232' data-av_iconfont='entypo-fontello' title='' data-avia-related-tooltip='Compartir en Whatsapp' rel=\"noopener\"><span class='avia_hidden_link_text'>Compartir en Whatsapp<\/span><\/a><\/li><li class='av-share-link av-social-link-linkedin' ><a target=\"_blank\" aria-label=\"Compartir en LinkedIn\" href='https:\/\/linkedin.com\/shareArticle?mini=true&#038;title=Proveedores%20de%20Ays%C3%A9n%20visitaron%20la%20Regi%C3%B3n%20de%20Los%20Lagos%20buscando%20mejorar%20competitividad&#038;url=https:\/\/radiorevelacionfm.cl\/?p=25737' aria-hidden='false' data-av_icon='\ue8fc' data-av_iconfont='entypo-fontello' title='' data-avia-related-tooltip='Compartir en LinkedIn' rel=\"noopener\"><span class='avia_hidden_link_text'>Compartir en LinkedIn<\/span><\/a><\/li><li class='av-share-link av-social-link-mail' ><a  aria-label=\"Compartir por correo\" href='mailto:?subject=Proveedores%20de%20Ays%C3%A9n%20visitaron%20la%20Regi%C3%B3n%20de%20Los%20Lagos%20buscando%20mejorar%20competitividad&#038;body=https:\/\/radiorevelacionfm.cl\/?p=25737' aria-hidden='false' data-av_icon='\ue805' data-av_iconfont='entypo-fontello' title='' data-avia-related-tooltip='Compartir por correo'><span class='avia_hidden_link_text'>Compartir por correo<\/span><\/a><\/li><\/ul><\/div><\/div>\n<div  style='height:50px' class='hr hr-invisible   avia-builder-el-8  el_after_av_social_share  el_before_av_comments_list '><span class='hr-inner ' ><span class='hr-inner-style'><\/span><\/span><\/div>\n<div  class='av-buildercomment  av-blog-meta-html-info-disabled av-blog-meta-tag-disabled  '><\/div>\n","protected":false},"excerpt":{"rendered":"","protected":false},"author":1,"featured_media":25738,"comment_status":"open","ping_status":"open","sticky":false,"template":"","format":"standard","meta":{"footnotes":""},"categories":[38],"tags":[],"class_list":["post-25737","post","type-post","status-publish","format-standard","has-post-thumbnail","hentry","category-regional"],"jetpack_featured_media_url":"https:\/\/radiorevelacionfm.cl\/wp-content\/uploads\/2022\/12\/screenshot_1a-1_optimized.jpg","_links":{"self":[{"href":"https:\/\/radiorevelacionfm.cl\/index.php?rest_route=\/wp\/v2\/posts\/25737","targetHints":{"allow":["GET"]}}],"collection":[{"href":"https:\/\/radiorevelacionfm.cl\/index.php?rest_route=\/wp\/v2\/posts"}],"about":[{"href":"https:\/\/radiorevelacionfm.cl\/index.php?rest_route=\/wp\/v2\/types\/post"}],"author":[{"embeddable":true,"href":"https:\/\/radiorevelacionfm.cl\/index.php?rest_route=\/wp\/v2\/users\/1"}],"replies":[{"embeddable":true,"href":"https:\/\/radiorevelacionfm.cl\/index.php?rest_route=%2Fwp%2Fv2%2Fcomments&post=25737"}],"version-history":[{"count":3,"href":"https:\/\/radiorevelacionfm.cl\/index.php?rest_route=\/wp\/v2\/posts\/25737\/revisions"}],"predecessor-version":[{"id":25754,"href":"https:\/\/radiorevelacionfm.cl\/index.php?rest_route=\/wp\/v2\/posts\/25737\/revisions\/25754"}],"wp:featuredmedia":[{"embeddable":true,"href":"https:\/\/radiorevelacionfm.cl\/index.php?rest_route=\/wp\/v2\/media\/25738"}],"wp:attachment":[{"href":"https:\/\/radiorevelacionfm.cl\/index.php?rest_route=%2Fwp%2Fv2%2Fmedia&parent=25737"}],"wp:term":[{"taxonomy":"category","embeddable":true,"href":"https:\/\/radiorevelacionfm.cl\/index.php?rest_route=%2Fwp%2Fv2%2Fcategories&post=25737"},{"taxonomy":"post_tag","embeddable":true,"href":"https:\/\/radiorevelacionfm.cl\/index.php?rest_route=%2Fwp%2Fv2%2Ftags&post=25737"}],"curies":[{"name":"wp","href":"https:\/\/api.w.org\/{rel}","templated":true}]}}