{"id":25731,"date":"2022-12-22T10:09:07","date_gmt":"2022-12-22T13:09:07","guid":{"rendered":"https:\/\/radiorevelacionfm.cl\/?p=25731"},"modified":"2022-12-22T10:09:07","modified_gmt":"2022-12-22T13:09:07","slug":"docentes-de-escuelas-rurales-insulares-agrupadas-en-el-microcentro-el-litoral-evaluaron-ano-escolar-2022-y-proyectaron-trabajo-para-el-2023","status":"publish","type":"post","link":"https:\/\/radiorevelacionfm.cl\/?p=25731","title":{"rendered":"Docentes de escuelas rurales insulares agrupadas en el Microcentro El Litoral evaluaron a\u00f1o escolar 2022 y proyectaron trabajo para el 2023"},"content":{"rendered":"<div class=\"flex_column av_one_full  flex_column_div av-zero-column-padding first  avia-builder-el-0  el_before_av_one_full  avia-builder-el-first  \" style='border-radius:0px; '><div  class='avia-image-container  av-styling-    avia-builder-el-1  avia-builder-el-no-sibling  avia-align-center '  itemprop=\"image\" itemscope=\"itemscope\" itemtype=\"https:\/\/schema.org\/ImageObject\"  ><div class='avia-image-container-inner'><div class='avia-image-overlay-wrap'><img decoding=\"async\" class='wp-image-25732 avia-img-lazy-loading-not-25732 avia_image' src=\"https:\/\/radiorevelacionfm.cl\/wp-content\/uploads\/2022\/12\/litoral-03-1_optimized-1.jpg\" alt='' title='litoral-03-(1)_optimized (1)' height=\"600\" width=\"1067\"  itemprop=\"thumbnailUrl\" srcset=\"https:\/\/radiorevelacionfm.cl\/wp-content\/uploads\/2022\/12\/litoral-03-1_optimized-1.jpg 1067w, https:\/\/radiorevelacionfm.cl\/wp-content\/uploads\/2022\/12\/litoral-03-1_optimized-1-300x169.jpg 300w, https:\/\/radiorevelacionfm.cl\/wp-content\/uploads\/2022\/12\/litoral-03-1_optimized-1-1030x579.jpg 1030w, https:\/\/radiorevelacionfm.cl\/wp-content\/uploads\/2022\/12\/litoral-03-1_optimized-1-768x432.jpg 768w, https:\/\/radiorevelacionfm.cl\/wp-content\/uploads\/2022\/12\/litoral-03-1_optimized-1-705x396.jpg 705w, https:\/\/radiorevelacionfm.cl\/wp-content\/uploads\/2022\/12\/litoral-03-1_optimized-1-600x337.jpg 600w\" sizes=\"(max-width: 1067px) 100vw, 1067px\" \/><\/div><\/div><\/div><\/div><div class=\"flex_column av_one_full  flex_column_div av-zero-column-padding first  avia-builder-el-2  el_after_av_one_full  el_before_av_one_full  column-top-margin\" style='border-radius:0px; '><section class=\"av_textblock_section \"  itemscope=\"itemscope\" itemtype=\"https:\/\/schema.org\/BlogPosting\" itemprop=\"blogPost\" ><div class='avia_textblock  '   itemprop=\"text\" ><p class=\"v1MsoNormal\" style=\"text-align: center;\" align=\"center\"><span style=\"font-size: 18pt;\"><b><span lang=\"ES\">Docentes de escuelas rurales insulares agrupadas en el Microcentro El Litoral evaluaron a\u00f1o escolar 2022 y proyectaron trabajo para el 2023<\/span><\/b><\/span><\/p>\n<p class=\"v1MsoNormal\" style=\"text-align: center;\"><span lang=\"ES\" style=\"font-size: 18pt;\">\u00a0<\/span><\/p>\n<div id=\"gtx-trans\" style=\"position: absolute; left: -50px; top: 4.31534px;\">\n<div class=\"gtx-trans-icon\"><\/div>\n<\/div>\n<\/div><\/section><\/div><div class=\"flex_column av_one_full  flex_column_div av-zero-column-padding first  avia-builder-el-4  el_after_av_one_full  el_before_av_hr  column-top-margin\" style='border-radius:0px; '><section class=\"av_textblock_section \"  itemscope=\"itemscope\" itemtype=\"https:\/\/schema.org\/BlogPosting\" itemprop=\"blogPost\" ><div class='avia_textblock  '   itemprop=\"text\" ><p class=\"v1MsoNormal\" style=\"text-align: justify;\"><span lang=\"ES\">La Seremi Isabel Garrido Casassa y el Jefe del Departamento Provincial de Educaci\u00f3n Coyhaique Yoal D\u00edaz Reyes se trasladaron a Puerto Cisnes a participar en el Microcentro\u00a0El Litoral, instancia que re\u00fane\u00a0escuelas rurales de las comunas de Cisnes y Guaitecas.<\/span><\/p>\n<p class=\"v1MsoNormal\" style=\"text-align: justify;\"><span lang=\"ES\">En el encuentro que tuvo lugar\u00a0 en el Liceo Arturo Prat Chac\u00f3n estuvieron presentes docentes de escuelas de Ra\u00fal Mar\u00edn Balmaceda, Puerto Gala, Melimoyu y Repollal. Fue un valioso espacio de di\u00e1logo, reflexi\u00f3n y evaluaci\u00f3n del a\u00f1o escolar 2022 y tambi\u00e9n de planificaci\u00f3n del 2023. Este fue adem\u00e1s el primer encuentro presencial de este microcentro en periodo de pandemia.<\/span><\/p>\n<p class=\"v1MsoNormal\" style=\"text-align: justify;\"><span lang=\"ES\">Durante la jornada se abordaron temas adem\u00e1s concernientes a interculturalidad y especialmente la incorporaci\u00f3n en el plan de estudio de la asignatura de\u00a0<\/span>Lengua y Cultura de los Pueblos Originarios Ancestrales.<\/p>\n<p class=\"v1MsoNormal\" style=\"text-align: justify;\">En tanto, las y los docentes de la Escuela Amanda Labarca de Ra\u00fal Mar\u00edn Balmaceda compartieron su experiencia y apreciaciones de la implementaci\u00f3n en su comunidad de la Segunda Jornada Educaci\u00f3n NO sexista Nuestras voces hacen ley: para elaborar la Pol\u00edtica Nacional de Educaci\u00f3n en Afectividad y Sexualidad Integral.<\/p>\n<p class=\"v1MsoNormal\" style=\"text-align: justify;\"><span lang=\"ES\">Adem\u00e1s, se desarroll\u00f3 un taller de Ingl\u00e9s Rural<\/span>\u00a0\u201cHow to get the best of the english coursebook\u201d\u00a0<span lang=\"ES\">a cargo de Carolina Godoy Coordinadora de Ingl\u00e9s Abre Puertas en la regi\u00f3n<\/span>. Fue un taller tipo Microteaching con modelos de actividades tomadas del texto escolar y con desarrollo de una actividad pr\u00e1ctica.<\/p>\n<p class=\"v1MsoNormal\" style=\"text-align: justify;\"><span lang=\"ES\">La Seremi Isabel Garrido destac\u00f3 que \u201cLos Microcentros son la estrategia y herramienta que tenemos como Ministerio de Educaci\u00f3n para acompa\u00f1ar a los establecimientos rurales de la regi\u00f3n. En esta oportunidad, se reunieron a conversar un tema muy importante que es el cambio en el uso del tiempo lectivo- educativo. El c\u00f3mo usamos este tiempo es parte del paradigma educativo que estamos impulsando como gobierno. Creemos que es posible utilizar la Jornada Escolar Completa JEC en una educaci\u00f3n que sea genuinamente integral , desarrollando en las horas de libre elecci\u00f3n espacios de aprendizajes en m\u00fasica, deporte y otras disciplinas. En ese sentido, los profesores de escuelas rurales tienen mucho que ense\u00f1arnos y en este encuentro compartieron con nosotros valiosas experiencias; fue un espacio de aprendizaje colaborativo muy interesante\u201d.<\/span><\/p>\n<p class=\"v1MsoNormal\" style=\"text-align: justify;\"><span lang=\"ES\">En la misma l\u00ednea, el jefe del Departamento Provincial de Educaci\u00f3n Coyhaique Yoal D\u00edaz Reyes se\u00f1al\u00f3 que \u201cLa funci\u00f3n principal que tenemos como Departamento Provincial es facilitar el trabajo de la educaci\u00f3n rural en aulas multigrado para que estas se conecten en proyectos y prop\u00f3sitos\u00a0 comunes y ac\u00e1 se est\u00e1n conectando los Proyectos Educativos Institucionales PEI y esperamos que eso permita que ellos puedan irse vinculando, porque la realidad educativa de las islas no es la misma que en otras escuelas rurales cercanas a Coyhaique por ejemplo. Tenemos el desaf\u00edo de conectar estas realidades con el nuevo paradigma educativo de acompa\u00f1amiento profundo para que en el contexto educativo de Puerto Gala, Puerto Gaviota, Melimoyu, Ra\u00fal Mar\u00edn Balmaceda y Repollal puedan desarrollar las capacidades instaladas de aprendizaje\u201d.<\/span><\/p>\n<p class=\"v1MsoNormal\" style=\"text-align: justify;\"><span lang=\"ES\">La profesora Fernanda Rojo, encargada de la Escuela Rural Melimoyu expres\u00f3 que \u201cEstamos muy contentos de reunirnos presencialmente despu\u00e9s de un periodo prolongado. Ha sido una jornada muy nutritiva, muy conversada, haciendo una evaluaci\u00f3n del trabajo en 2022 y proyectando los lineamientos para el a\u00f1o escolar 2023. Trabajar en las islas es toda una aventura como lo fue llegar a esta reuni\u00f3n de microcentro. Es el verdadero trabajo profesional docente que se hace con vocaci\u00f3n de servicio a la comunidad y yo invito a los profesores j\u00f3venes a que vengan a trabajar a la Patagonia porque ac\u00e1 de verdad se construye comunidad\u201d.<\/span><\/p>\n<\/div><\/section><\/div><div  style='height:50px' class='hr hr-invisible   avia-builder-el-6  el_after_av_one_full  el_before_av_social_share '><span class='hr-inner ' ><span class='hr-inner-style'><\/span><\/span><\/div><\/p>\n<div  class='av-social-sharing-box  avia-builder-el-7  el_after_av_hr  el_before_av_hr  '><div class='av-share-box'><h5 class='av-share-link-description av-no-toc '>Compartir esta noticia<\/h5><ul class='av-share-box-list noLightbox'><li class='av-share-link av-social-link-facebook' ><a target=\"_blank\" aria-label=\"Compartir en Facebook\" href='https:\/\/www.facebook.com\/sharer.php?u=https:\/\/radiorevelacionfm.cl\/?p=25731&#038;t=Docentes%20de%20escuelas%20rurales%20insulares%20agrupadas%20en%20el%20Microcentro%20El%20Litoral%20evaluaron%20a%C3%B1o%20escolar%202022%20y%20proyectaron%20trabajo%20para%20el%202023' aria-hidden='false' data-av_icon='\ue8f3' data-av_iconfont='entypo-fontello' title='' data-avia-related-tooltip='Compartir en Facebook' rel=\"noopener\"><span class='avia_hidden_link_text'>Compartir en Facebook<\/span><\/a><\/li><li class='av-share-link av-social-link-twitter' ><a target=\"_blank\" aria-label=\"Compartir en Twitter\" href='https:\/\/twitter.com\/share?text=Docentes%20de%20escuelas%20rurales%20insulares%20agrupadas%20en%20el%20Microcentro%20El%20Litoral%20evaluaron%20a%C3%B1o%20escolar%202022%20y%20proyectaron%20trabajo%20para%20el%202023&#038;url=https:\/\/radiorevelacionfm.cl\/?p=25731' aria-hidden='false' data-av_icon='\ue8f1' data-av_iconfont='entypo-fontello' title='' data-avia-related-tooltip='Compartir en Twitter' rel=\"noopener\"><span class='avia_hidden_link_text'>Compartir en Twitter<\/span><\/a><\/li><li class='av-share-link av-social-link-whatsapp' ><a target=\"_blank\" aria-label=\"Compartir en Whatsapp\" href='https:\/\/api.whatsapp.com\/send?text=https:\/\/radiorevelacionfm.cl\/?p=25731' aria-hidden='false' data-av_icon='\uf232' data-av_iconfont='entypo-fontello' title='' data-avia-related-tooltip='Compartir en Whatsapp' rel=\"noopener\"><span class='avia_hidden_link_text'>Compartir en Whatsapp<\/span><\/a><\/li><li class='av-share-link av-social-link-linkedin' ><a target=\"_blank\" aria-label=\"Compartir en LinkedIn\" href='https:\/\/linkedin.com\/shareArticle?mini=true&#038;title=Docentes%20de%20escuelas%20rurales%20insulares%20agrupadas%20en%20el%20Microcentro%20El%20Litoral%20evaluaron%20a%C3%B1o%20escolar%202022%20y%20proyectaron%20trabajo%20para%20el%202023&#038;url=https:\/\/radiorevelacionfm.cl\/?p=25731' aria-hidden='false' data-av_icon='\ue8fc' data-av_iconfont='entypo-fontello' title='' data-avia-related-tooltip='Compartir en LinkedIn' rel=\"noopener\"><span class='avia_hidden_link_text'>Compartir en LinkedIn<\/span><\/a><\/li><li class='av-share-link av-social-link-mail' ><a  aria-label=\"Compartir por correo\" href='mailto:?subject=Docentes%20de%20escuelas%20rurales%20insulares%20agrupadas%20en%20el%20Microcentro%20El%20Litoral%20evaluaron%20a%C3%B1o%20escolar%202022%20y%20proyectaron%20trabajo%20para%20el%202023&#038;body=https:\/\/radiorevelacionfm.cl\/?p=25731' aria-hidden='false' data-av_icon='\ue805' data-av_iconfont='entypo-fontello' title='' data-avia-related-tooltip='Compartir por correo'><span class='avia_hidden_link_text'>Compartir por correo<\/span><\/a><\/li><\/ul><\/div><\/div>\n<div  style='height:50px' class='hr hr-invisible   avia-builder-el-8  el_after_av_social_share  el_before_av_comments_list '><span class='hr-inner ' ><span class='hr-inner-style'><\/span><\/span><\/div>\n<div  class='av-buildercomment  av-blog-meta-html-info-disabled av-blog-meta-tag-disabled  '><\/div>\n","protected":false},"excerpt":{"rendered":"","protected":false},"author":1,"featured_media":25732,"comment_status":"open","ping_status":"open","sticky":false,"template":"","format":"standard","meta":{"footnotes":""},"categories":[49],"tags":[],"class_list":["post-25731","post","type-post","status-publish","format-standard","has-post-thumbnail","hentry","category-educacion"],"jetpack_featured_media_url":"https:\/\/radiorevelacionfm.cl\/wp-content\/uploads\/2022\/12\/litoral-03-1_optimized-1.jpg","_links":{"self":[{"href":"https:\/\/radiorevelacionfm.cl\/index.php?rest_route=\/wp\/v2\/posts\/25731","targetHints":{"allow":["GET"]}}],"collection":[{"href":"https:\/\/radiorevelacionfm.cl\/index.php?rest_route=\/wp\/v2\/posts"}],"about":[{"href":"https:\/\/radiorevelacionfm.cl\/index.php?rest_route=\/wp\/v2\/types\/post"}],"author":[{"embeddable":true,"href":"https:\/\/radiorevelacionfm.cl\/index.php?rest_route=\/wp\/v2\/users\/1"}],"replies":[{"embeddable":true,"href":"https:\/\/radiorevelacionfm.cl\/index.php?rest_route=%2Fwp%2Fv2%2Fcomments&post=25731"}],"version-history":[{"count":2,"href":"https:\/\/radiorevelacionfm.cl\/index.php?rest_route=\/wp\/v2\/posts\/25731\/revisions"}],"predecessor-version":[{"id":25795,"href":"https:\/\/radiorevelacionfm.cl\/index.php?rest_route=\/wp\/v2\/posts\/25731\/revisions\/25795"}],"wp:featuredmedia":[{"embeddable":true,"href":"https:\/\/radiorevelacionfm.cl\/index.php?rest_route=\/wp\/v2\/media\/25732"}],"wp:attachment":[{"href":"https:\/\/radiorevelacionfm.cl\/index.php?rest_route=%2Fwp%2Fv2%2Fmedia&parent=25731"}],"wp:term":[{"taxonomy":"category","embeddable":true,"href":"https:\/\/radiorevelacionfm.cl\/index.php?rest_route=%2Fwp%2Fv2%2Fcategories&post=25731"},{"taxonomy":"post_tag","embeddable":true,"href":"https:\/\/radiorevelacionfm.cl\/index.php?rest_route=%2Fwp%2Fv2%2Ftags&post=25731"}],"curies":[{"name":"wp","href":"https:\/\/api.w.org\/{rel}","templated":true}]}}