{"id":25721,"date":"2022-12-23T09:51:12","date_gmt":"2022-12-23T12:51:12","guid":{"rendered":"https:\/\/radiorevelacionfm.cl\/?p=25721"},"modified":"2022-12-23T09:51:12","modified_gmt":"2022-12-23T12:51:12","slug":"organismos-del-estado-en-la-region-mantienen-compromiso-por-la-infancia-y-la-adolescencia-de-cara-al-2023","status":"publish","type":"post","link":"https:\/\/radiorevelacionfm.cl\/?p=25721","title":{"rendered":"Organismos del Estado en la regi\u00f3n mantienen compromiso por la infancia y la adolescencia de cara al 2023"},"content":{"rendered":"<div class=\"flex_column av_one_full  flex_column_div av-zero-column-padding first  avia-builder-el-0  el_before_av_one_full  avia-builder-el-first  \" style='border-radius:0px; '><div  class='avia-image-container  av-styling-    avia-builder-el-1  avia-builder-el-no-sibling  avia-align-center '  itemprop=\"image\" itemscope=\"itemscope\" itemtype=\"https:\/\/schema.org\/ImageObject\"  ><div class='avia-image-container-inner'><div class='avia-image-overlay-wrap'><img decoding=\"async\" class='wp-image-25722 avia-img-lazy-loading-not-25722 avia_image' src=\"https:\/\/radiorevelacionfm.cl\/wp-content\/uploads\/2022\/12\/comisiOn-coordinadora-de-protecciOn-1-1_optimized.jpg\" alt='' title='comisi\u00d3n-coordinadora-de-protecci\u00d3n--(1)-(1)_optimized' height=\"600\" width=\"1238\"  itemprop=\"thumbnailUrl\" srcset=\"https:\/\/radiorevelacionfm.cl\/wp-content\/uploads\/2022\/12\/comisiOn-coordinadora-de-protecciOn-1-1_optimized.jpg 1238w, https:\/\/radiorevelacionfm.cl\/wp-content\/uploads\/2022\/12\/comisiOn-coordinadora-de-protecciOn-1-1_optimized-300x145.jpg 300w, https:\/\/radiorevelacionfm.cl\/wp-content\/uploads\/2022\/12\/comisiOn-coordinadora-de-protecciOn-1-1_optimized-1030x499.jpg 1030w, https:\/\/radiorevelacionfm.cl\/wp-content\/uploads\/2022\/12\/comisiOn-coordinadora-de-protecciOn-1-1_optimized-768x372.jpg 768w, https:\/\/radiorevelacionfm.cl\/wp-content\/uploads\/2022\/12\/comisiOn-coordinadora-de-protecciOn-1-1_optimized-705x342.jpg 705w, https:\/\/radiorevelacionfm.cl\/wp-content\/uploads\/2022\/12\/comisiOn-coordinadora-de-protecciOn-1-1_optimized-600x291.jpg 600w\" sizes=\"(max-width: 1238px) 100vw, 1238px\" \/><\/div><\/div><\/div><\/div><div class=\"flex_column av_one_full  flex_column_div av-zero-column-padding first  avia-builder-el-2  el_after_av_one_full  el_before_av_one_full  column-top-margin\" style='border-radius:0px; '><section class=\"av_textblock_section \"  itemscope=\"itemscope\" itemtype=\"https:\/\/schema.org\/BlogPosting\" itemprop=\"blogPost\" ><div class='avia_textblock  '   itemprop=\"text\" ><p style=\"text-align: center;\"><span style=\"font-size: 18pt;\"><b><span lang=\"ES-MX\">Organismos del Estado en la regi\u00f3n mantienen compromiso por la infancia y la adolescencia de cara al 2023<\/span><\/b><\/span><\/p>\n<div id=\"gtx-trans\" style=\"position: absolute; left: -50px; top: 4.31534px;\">\n<div class=\"gtx-trans-icon\"><\/div>\n<\/div>\n<\/div><\/section><\/div><div class=\"flex_column av_one_full  flex_column_div av-zero-column-padding first  avia-builder-el-4  el_after_av_one_full  el_before_av_hr  column-top-margin\" style='border-radius:0px; '><section class=\"av_textblock_section \"  itemscope=\"itemscope\" itemtype=\"https:\/\/schema.org\/BlogPosting\" itemprop=\"blogPost\" ><div class='avia_textblock  '   itemprop=\"text\" ><p style=\"font-weight: 400; text-align: justify;\">Esta semana se desarroll\u00f3 la \u00faltima sesi\u00f3n de la Comisi\u00f3n Coordinadora Regional de Protecci\u00f3n y con ello se realizaron balances del trabajo realizado durante este primer a\u00f1o de funcionamiento.<\/p>\n<p style=\"font-weight: 400; text-align: justify;\">Dicha comisi\u00f3n no se levant\u00f3 como una de las tantas mesas de trabajo que hoy existen a nivel de instituciones p\u00fablicas. Tampoco es una iniciativa local, sino m\u00e1s bien es el cumplimiento de la ley que da origen al Servicio Nacional de Protecci\u00f3n Especializada a la Ni\u00f1ez y la Adolescencia (ley 21.302) y que en su art\u00edculo 17 crea una \u201cComisi\u00f3n Coordinadora de Protecci\u00f3n Nacional\u201d, a la que corresponde la coordinaci\u00f3n intersectorial de los \u00f3rganos de la Administraci\u00f3n del Estado que desarrollen acciones, prestaciones o servicios orientados a la protecci\u00f3n de los derechos de los ni\u00f1os, ni\u00f1as y adolescentes sujetos de atenci\u00f3n del Servicio, y de sus familias.<\/p>\n<p style=\"font-weight: 400; text-align: justify;\">Asimismo, se deja estipulado en la ley que en cada regi\u00f3n del pa\u00eds se replica una Comisi\u00f3n de car\u00e1cter regional que re\u00fane a m\u00e1s de 18 organismos (Instituciones del Estado). Es esencial a su labor evaluar, dise\u00f1ar, planificar y tomar las decisiones, con car\u00e1cter vinculante, previo acuerdo entre las entidades respectivas, necesarias para articular y materializar la acci\u00f3n conjunta del intersector, de un modo constante y conforme a los lineamientos, objetivos, actividades, metas e indicadores establecidos en la Pol\u00edtica Nacional de Ni\u00f1ez y Adolescencia y su Plan de Acci\u00f3n, a fin de materializar la protecci\u00f3n oportuna y eficiente en todo el territorio nacional.<\/p>\n<p style=\"font-weight: 400; text-align: justify;\">Ese car\u00e1cter vinculante de la toma de decisiones y acuerdos es la caracter\u00edstica diferente de una mesa de trabajo. Ya que cada iniciativa es propuesta por medio de subcomisiones tem\u00e1ticas y luego son votadas en las sesiones del pleno de la Comisi\u00f3n (CCP).<\/p>\n<p style=\"font-weight: 400; text-align: justify;\">Al respecto la Seremi de Desarrollo Social y Familia Karina Acevedo en su balance del trabajo realizado este a\u00f1o se\u00f1al\u00f3 que \u201ccerramos un a\u00f1o con n\u00fameros muy azules en la regi\u00f3n de Ays\u00e9n, llegando a acuerdos muy importantes entre servicios en las sesiones que realizamos de manera sistem\u00e1tica durante este a\u00f1o y que benefician directamente a los ni\u00f1os, ni\u00f1as y adolescentes. A su vez, tenemos grandes desaf\u00edos para este 2023 en materias como salud, salud mental, educaci\u00f3n, integraci\u00f3n, vida sana para los ni\u00f1os, ni\u00f1as y adolescentes que est\u00e1n bajo la protecci\u00f3n del Estado y que vamos a seguir trabajando en conjunto y de manera coordinada con el intersector\u201d.<\/p>\n<p style=\"font-weight: 400; text-align: justify;\">Finalmente, el Director Regional del Servicio Mejor Ni\u00f1ez Sergio Becerra indic\u00f3 que \u201c El Servicio Nacional de Protecci\u00f3n Especializada a la Ni\u00f1ez y la Adolescencia en nuestra regi\u00f3n desarrolla un rol t\u00e9cnico y de soporte a la Comisi\u00f3n Coordinadora de Protecci\u00f3n y ejecuta las reuniones sistem\u00e1ticas y calendarizadas de las 5 subcomisiones que hoy existen, dando forma a lo mandatado por la ley que crea nuestro Servicio y que tiene como objetivo desarrollar un plan mancomunado, de di\u00e1logo, conversaci\u00f3n, coordinaci\u00f3n y sobre todo de gesti\u00f3n para que cada uno de los acuerdos lleguen a buen puerto y se cumplan los objetivos propuestos ya que van en directo beneficio de los ni\u00f1os, ni\u00f1as y adolescentes que est\u00e1n bajo resguardo y protecci\u00f3n del Estado\u201d.<\/p>\n<p style=\"font-weight: 400; text-align: justify;\">Consignar que las 5 subcomisiones son: Desarrollo Social y Bienestar Integral, Salud, Educaci\u00f3n, G\u00e9nero y Diversidades Sexo gen\u00e9ricas y Migraciones, Justicia y Derechos Humanos.<\/p>\n<\/div><\/section><\/div><div  style='height:50px' class='hr hr-invisible   avia-builder-el-6  el_after_av_one_full  el_before_av_social_share '><span class='hr-inner ' ><span class='hr-inner-style'><\/span><\/span><\/div><\/p>\n<div  class='av-social-sharing-box  avia-builder-el-7  el_after_av_hr  el_before_av_hr  '><div class='av-share-box'><h5 class='av-share-link-description av-no-toc '>Compartir esta noticia<\/h5><ul class='av-share-box-list noLightbox'><li class='av-share-link av-social-link-facebook' ><a target=\"_blank\" aria-label=\"Compartir en Facebook\" href='https:\/\/www.facebook.com\/sharer.php?u=https:\/\/radiorevelacionfm.cl\/?p=25721&#038;t=Organismos%20del%20Estado%20en%20la%20regi%C3%B3n%20mantienen%20compromiso%20por%20la%20infancia%20y%20la%20adolescencia%20de%20cara%20al%202023' aria-hidden='false' data-av_icon='\ue8f3' data-av_iconfont='entypo-fontello' title='' data-avia-related-tooltip='Compartir en Facebook' rel=\"noopener\"><span class='avia_hidden_link_text'>Compartir en Facebook<\/span><\/a><\/li><li class='av-share-link av-social-link-twitter' ><a target=\"_blank\" aria-label=\"Compartir en Twitter\" href='https:\/\/twitter.com\/share?text=Organismos%20del%20Estado%20en%20la%20regi%C3%B3n%20mantienen%20compromiso%20por%20la%20infancia%20y%20la%20adolescencia%20de%20cara%20al%202023&#038;url=https:\/\/radiorevelacionfm.cl\/?p=25721' aria-hidden='false' data-av_icon='\ue8f1' data-av_iconfont='entypo-fontello' title='' data-avia-related-tooltip='Compartir en Twitter' rel=\"noopener\"><span class='avia_hidden_link_text'>Compartir en Twitter<\/span><\/a><\/li><li class='av-share-link av-social-link-whatsapp' ><a target=\"_blank\" aria-label=\"Compartir en Whatsapp\" href='https:\/\/api.whatsapp.com\/send?text=https:\/\/radiorevelacionfm.cl\/?p=25721' aria-hidden='false' data-av_icon='\uf232' data-av_iconfont='entypo-fontello' title='' data-avia-related-tooltip='Compartir en Whatsapp' rel=\"noopener\"><span class='avia_hidden_link_text'>Compartir en Whatsapp<\/span><\/a><\/li><li class='av-share-link av-social-link-linkedin' ><a target=\"_blank\" aria-label=\"Compartir en LinkedIn\" href='https:\/\/linkedin.com\/shareArticle?mini=true&#038;title=Organismos%20del%20Estado%20en%20la%20regi%C3%B3n%20mantienen%20compromiso%20por%20la%20infancia%20y%20la%20adolescencia%20de%20cara%20al%202023&#038;url=https:\/\/radiorevelacionfm.cl\/?p=25721' aria-hidden='false' data-av_icon='\ue8fc' data-av_iconfont='entypo-fontello' title='' data-avia-related-tooltip='Compartir en LinkedIn' rel=\"noopener\"><span class='avia_hidden_link_text'>Compartir en LinkedIn<\/span><\/a><\/li><li class='av-share-link av-social-link-mail' ><a  aria-label=\"Compartir por correo\" href='mailto:?subject=Organismos%20del%20Estado%20en%20la%20regi%C3%B3n%20mantienen%20compromiso%20por%20la%20infancia%20y%20la%20adolescencia%20de%20cara%20al%202023&#038;body=https:\/\/radiorevelacionfm.cl\/?p=25721' aria-hidden='false' data-av_icon='\ue805' data-av_iconfont='entypo-fontello' title='' data-avia-related-tooltip='Compartir por correo'><span class='avia_hidden_link_text'>Compartir por correo<\/span><\/a><\/li><\/ul><\/div><\/div>\n<div  style='height:50px' class='hr hr-invisible   avia-builder-el-8  el_after_av_social_share  el_before_av_comments_list '><span class='hr-inner ' ><span class='hr-inner-style'><\/span><\/span><\/div>\n<div  class='av-buildercomment  av-blog-meta-html-info-disabled av-blog-meta-tag-disabled  '><\/div>\n","protected":false},"excerpt":{"rendered":"","protected":false},"author":1,"featured_media":25722,"comment_status":"open","ping_status":"open","sticky":false,"template":"","format":"standard","meta":{"footnotes":""},"categories":[38],"tags":[],"class_list":["post-25721","post","type-post","status-publish","format-standard","has-post-thumbnail","hentry","category-regional"],"jetpack_featured_media_url":"https:\/\/radiorevelacionfm.cl\/wp-content\/uploads\/2022\/12\/comisiOn-coordinadora-de-protecciOn-1-1_optimized.jpg","_links":{"self":[{"href":"https:\/\/radiorevelacionfm.cl\/index.php?rest_route=\/wp\/v2\/posts\/25721","targetHints":{"allow":["GET"]}}],"collection":[{"href":"https:\/\/radiorevelacionfm.cl\/index.php?rest_route=\/wp\/v2\/posts"}],"about":[{"href":"https:\/\/radiorevelacionfm.cl\/index.php?rest_route=\/wp\/v2\/types\/post"}],"author":[{"embeddable":true,"href":"https:\/\/radiorevelacionfm.cl\/index.php?rest_route=\/wp\/v2\/users\/1"}],"replies":[{"embeddable":true,"href":"https:\/\/radiorevelacionfm.cl\/index.php?rest_route=%2Fwp%2Fv2%2Fcomments&post=25721"}],"version-history":[{"count":2,"href":"https:\/\/radiorevelacionfm.cl\/index.php?rest_route=\/wp\/v2\/posts\/25721\/revisions"}],"predecessor-version":[{"id":25828,"href":"https:\/\/radiorevelacionfm.cl\/index.php?rest_route=\/wp\/v2\/posts\/25721\/revisions\/25828"}],"wp:featuredmedia":[{"embeddable":true,"href":"https:\/\/radiorevelacionfm.cl\/index.php?rest_route=\/wp\/v2\/media\/25722"}],"wp:attachment":[{"href":"https:\/\/radiorevelacionfm.cl\/index.php?rest_route=%2Fwp%2Fv2%2Fmedia&parent=25721"}],"wp:term":[{"taxonomy":"category","embeddable":true,"href":"https:\/\/radiorevelacionfm.cl\/index.php?rest_route=%2Fwp%2Fv2%2Fcategories&post=25721"},{"taxonomy":"post_tag","embeddable":true,"href":"https:\/\/radiorevelacionfm.cl\/index.php?rest_route=%2Fwp%2Fv2%2Ftags&post=25721"}],"curies":[{"name":"wp","href":"https:\/\/api.w.org\/{rel}","templated":true}]}}