{"id":25714,"date":"2022-12-21T12:42:31","date_gmt":"2022-12-21T15:42:31","guid":{"rendered":"https:\/\/radiorevelacionfm.cl\/?p=25714"},"modified":"2022-12-21T12:42:31","modified_gmt":"2022-12-21T15:42:31","slug":"familias-felices-por-avance-del-98-en-construccion-de-sus-viviendas-en-villa-el-blanco","status":"publish","type":"post","link":"https:\/\/radiorevelacionfm.cl\/?p=25714","title":{"rendered":"Familias felices por avance del 98% en construcci\u00f3n de sus viviendas en Villa El Blanco"},"content":{"rendered":"<div class=\"flex_column av_one_full  flex_column_div av-zero-column-padding first  avia-builder-el-0  el_before_av_one_full  avia-builder-el-first  \" style='border-radius:0px; '><div  class='avia-image-container  av-styling-    avia-builder-el-1  avia-builder-el-no-sibling  avia-align-center '  itemprop=\"image\" itemscope=\"itemscope\" itemtype=\"https:\/\/schema.org\/ImageObject\"  ><div class='avia-image-container-inner'><div class='avia-image-overlay-wrap'><img decoding=\"async\" class='wp-image-25715 avia-img-lazy-loading-not-25715 avia_image' src=\"https:\/\/radiorevelacionfm.cl\/wp-content\/uploads\/2022\/12\/autoridades-y-familias-confirman-avance-en-casas-el-blanco-1_optimized.jpg\" alt='' title='autoridades-y-familias-confirman-avance--en-casas-el-blanco-(1)_optimized' height=\"600\" width=\"900\"  itemprop=\"thumbnailUrl\" srcset=\"https:\/\/radiorevelacionfm.cl\/wp-content\/uploads\/2022\/12\/autoridades-y-familias-confirman-avance-en-casas-el-blanco-1_optimized.jpg 900w, https:\/\/radiorevelacionfm.cl\/wp-content\/uploads\/2022\/12\/autoridades-y-familias-confirman-avance-en-casas-el-blanco-1_optimized-300x200.jpg 300w, https:\/\/radiorevelacionfm.cl\/wp-content\/uploads\/2022\/12\/autoridades-y-familias-confirman-avance-en-casas-el-blanco-1_optimized-768x512.jpg 768w, https:\/\/radiorevelacionfm.cl\/wp-content\/uploads\/2022\/12\/autoridades-y-familias-confirman-avance-en-casas-el-blanco-1_optimized-705x470.jpg 705w, https:\/\/radiorevelacionfm.cl\/wp-content\/uploads\/2022\/12\/autoridades-y-familias-confirman-avance-en-casas-el-blanco-1_optimized-600x400.jpg 600w\" sizes=\"(max-width: 900px) 100vw, 900px\" \/><\/div><\/div><\/div><\/div><div class=\"flex_column av_one_full  flex_column_div av-zero-column-padding first  avia-builder-el-2  el_after_av_one_full  el_before_av_one_full  column-top-margin\" style='border-radius:0px; '><section class=\"av_textblock_section \"  itemscope=\"itemscope\" itemtype=\"https:\/\/schema.org\/BlogPosting\" itemprop=\"blogPost\" ><div class='avia_textblock  '   itemprop=\"text\" ><p style=\"text-align: center;\"><strong><span style=\"font-size: 18pt;\">Familias felices por avance del 98% en construcci\u00f3n de sus viviendas en Villa El Blanco<\/span><\/strong><\/p>\n<div id=\"gtx-trans\" style=\"position: absolute; left: -50px; top: 4.31534px;\">\n<div class=\"gtx-trans-icon\"><\/div>\n<\/div>\n<\/div><\/section><\/div><div class=\"flex_column av_one_full  flex_column_div av-zero-column-padding first  avia-builder-el-4  el_after_av_one_full  el_before_av_hr  column-top-margin\" style='border-radius:0px; '><section class=\"av_textblock_section \"  itemscope=\"itemscope\" itemtype=\"https:\/\/schema.org\/BlogPosting\" itemprop=\"blogPost\" ><div class='avia_textblock  '   itemprop=\"text\" ><p style=\"text-align: justify;\">Con gran alegr\u00eda y optimismo cuatro familias de Villa El Blanco pudieron confirmar este martes que la construcci\u00f3n de sus viviendas alcanza un 98% de avance, por lo que cada vez est\u00e1 m\u00e1s cerca la hora de recibir las llaves de la casa propia e iniciar all\u00ed una nueva vida.<\/p>\n<p style=\"text-align: justify;\">Las familias, que son asesoradas por la Entidad Patrocinante de la Municipalidad de Coyhaique, pudieron recorrer las obras junto a la Seremi de Vivienda, Paulina Ruz; el Director (S) del Serviu, Eduardo Navarro y los representantes de la empresa Xinta, que es la encargada de ejecutar el proyecto, el que forma parte de un contrato mayor que incluye adem\u00e1s 6 viviendas en Villa \u00d1irehuao y 9 en Villa Ortega.<\/p>\n<p style=\"text-align: justify;\">Tras finalizar el recorrido, la Seremi de Vivienda, Paulina Ruz, expres\u00f3 su satisfacci\u00f3n de ver pr\u00e1cticamente terminadas las viviendas que se est\u00e1n haciendo realidad con el ahorro de las mismas familias y los subsidios que fueron entregados a trav\u00e9s del Programa de Habitabilidad Rural del Ministerio de Vivienda y Urbanismo. \u201cImpresionados con el avance que lleva la obra. Tuvimos la oportunidad de visitarla en agosto y ten\u00eda un 60%. Hoy se alcanza un avance del 98 por ciento, lo que implica una gran gesti\u00f3n por parte de la constructora Xinta que nos ha apoyado con estas familias donde hay mucha ilusi\u00f3n de poder concretar pronto el derecho a la vivienda digna. Como Gobierno estamos muy contentos por la calidad de las soluciones y seguiremos atentos para acompa\u00f1ar a estas familias hasta que reciban las llaves y se trasladen a vivir definitivamente en su casa so\u00f1ada\u201d, precis\u00f3.<\/p>\n<p style=\"text-align: justify;\">Al salir de su futura casa, el dirigente Sandro Almonacid, dijo sentirse tranquilo y muy feliz por el desarrollo de las obras, sobre todo porque pronto recibir\u00e1n viviendas de primer nivel, muy superiores en calidad a lo que se entregaba antes. \u201cEsto es lo que hemos esperado hace hartos a\u00f1os. Espectacular, hoy estamos viendo algunos detalles para que no se nos atrase el proyecto en s\u00ed, para poder recibir nuestras casitas ya pronto, ya que son familias que lo necesitan, porque est\u00e1n arrendando o de allegados. Esto es un poco m\u00e1s de lo que pens\u00e1bamos, porque si tomamos conciencia, mis padres tuvieron su casa con subsidio y en esos tiempos en la entrega le faltaba una puerta, el piso era de puro cemento, casitas m\u00e1s precarias, y hoy usted viene a ver y son casas con termopanel, con combusti\u00f3n, con calef\u00f3n, as\u00ed que esto supera las expectativas que muchos tenemos, sobre todo en estos tiempos donde hace harto fr\u00edo, en una zona donde se usa harto la le\u00f1a, una casita bien abrigada y bien construida es algo buen\u00edsimo para todos\u201d, manifest\u00f3.<\/p>\n<p style=\"text-align: justify;\">Tambi\u00e9n el Director (S) del Serviu, Eduardo Navarro, valor\u00f3 el buen desarrollo de los trabajos y el esfuerzo de las familias, que dentro de poco podr\u00e1n confirmar que su esfuerzo y espera valieron la pena. \u201cYo destac\u00f3 dos cosas. La constancia de los comit\u00e9s, porque inicialmente siempre tuvieron como respuesta que no se pod\u00eda licitar ni hacer el contrato, pero tambi\u00e9n destaco el apoyo que tuvieron de la empresa constructora Xinta, ya que es un contrato que est\u00e1 dividido en tres localidades, Villa Ortega, \u00d1irehuao y El Blanco y que ten\u00eda condiciones t\u00e9cnicas muy complicadas. La empresa se comprometi\u00f3 y hoy ya tiene aqu\u00ed un 98 por ciento de avance y con un resultado que t\u00e9cnicamente es muy importante y de alta calidad\u201d, aseguro.<\/p>\n<p style=\"text-align: justify;\">Tanto las autoridades como las familias coincidieron en que se trata de una de las mejores\u00a0 soluciones habitacionales que se han construido en la regi\u00f3n, considerando la superficie, la materialidad acorde con las condiciones clim\u00e1ticas del sector, los altos est\u00e1ndares de aislaci\u00f3n t\u00e9rmica, que se complementan con un sistema de calefacci\u00f3n en base a combusti\u00f3n lenta, con calef\u00f3n, cer\u00e1mica, piso flotante en las piezas, cerco met\u00e1lico y con certificado de sello verde en lo que respecta al uso del gas, generando una vivienda de primer nivel que es lo que se merecen nuestras familias de la regi\u00f3n de Ays\u00e9n.<\/p>\n<\/div><\/section><\/div><div  style='height:50px' class='hr hr-invisible   avia-builder-el-6  el_after_av_one_full  el_before_av_social_share '><span class='hr-inner ' ><span class='hr-inner-style'><\/span><\/span><\/div><\/p>\n<div  class='av-social-sharing-box  avia-builder-el-7  el_after_av_hr  el_before_av_hr  '><div class='av-share-box'><h5 class='av-share-link-description av-no-toc '>Compartir esta noticia<\/h5><ul class='av-share-box-list noLightbox'><li class='av-share-link av-social-link-facebook' ><a target=\"_blank\" aria-label=\"Compartir en Facebook\" href='https:\/\/www.facebook.com\/sharer.php?u=https:\/\/radiorevelacionfm.cl\/?p=25714&#038;t=Familias%20felices%20por%20avance%20del%2098%25%20en%20construcci%C3%B3n%20de%20sus%20viviendas%20en%20Villa%20El%20Blanco' aria-hidden='false' data-av_icon='\ue8f3' data-av_iconfont='entypo-fontello' title='' data-avia-related-tooltip='Compartir en Facebook' rel=\"noopener\"><span class='avia_hidden_link_text'>Compartir en Facebook<\/span><\/a><\/li><li class='av-share-link av-social-link-twitter' ><a target=\"_blank\" aria-label=\"Compartir en Twitter\" href='https:\/\/twitter.com\/share?text=Familias%20felices%20por%20avance%20del%2098%25%20en%20construcci%C3%B3n%20de%20sus%20viviendas%20en%20Villa%20El%20Blanco&#038;url=https:\/\/radiorevelacionfm.cl\/?p=25714' aria-hidden='false' data-av_icon='\ue8f1' data-av_iconfont='entypo-fontello' title='' data-avia-related-tooltip='Compartir en Twitter' rel=\"noopener\"><span class='avia_hidden_link_text'>Compartir en Twitter<\/span><\/a><\/li><li class='av-share-link av-social-link-whatsapp' ><a target=\"_blank\" aria-label=\"Compartir en Whatsapp\" href='https:\/\/api.whatsapp.com\/send?text=https:\/\/radiorevelacionfm.cl\/?p=25714' aria-hidden='false' data-av_icon='\uf232' data-av_iconfont='entypo-fontello' title='' data-avia-related-tooltip='Compartir en Whatsapp' rel=\"noopener\"><span class='avia_hidden_link_text'>Compartir en Whatsapp<\/span><\/a><\/li><li class='av-share-link av-social-link-linkedin' ><a target=\"_blank\" aria-label=\"Compartir en LinkedIn\" href='https:\/\/linkedin.com\/shareArticle?mini=true&#038;title=Familias%20felices%20por%20avance%20del%2098%25%20en%20construcci%C3%B3n%20de%20sus%20viviendas%20en%20Villa%20El%20Blanco&#038;url=https:\/\/radiorevelacionfm.cl\/?p=25714' aria-hidden='false' data-av_icon='\ue8fc' data-av_iconfont='entypo-fontello' title='' data-avia-related-tooltip='Compartir en LinkedIn' rel=\"noopener\"><span class='avia_hidden_link_text'>Compartir en LinkedIn<\/span><\/a><\/li><li class='av-share-link av-social-link-mail' ><a  aria-label=\"Compartir por correo\" href='mailto:?subject=Familias%20felices%20por%20avance%20del%2098%25%20en%20construcci%C3%B3n%20de%20sus%20viviendas%20en%20Villa%20El%20Blanco&#038;body=https:\/\/radiorevelacionfm.cl\/?p=25714' aria-hidden='false' data-av_icon='\ue805' data-av_iconfont='entypo-fontello' title='' data-avia-related-tooltip='Compartir por correo'><span class='avia_hidden_link_text'>Compartir por correo<\/span><\/a><\/li><\/ul><\/div><\/div>\n<div  style='height:50px' class='hr hr-invisible   avia-builder-el-8  el_after_av_social_share  el_before_av_comments_list '><span class='hr-inner ' ><span class='hr-inner-style'><\/span><\/span><\/div>\n<div  class='av-buildercomment  av-blog-meta-html-info-disabled av-blog-meta-tag-disabled  '><\/div>\n","protected":false},"excerpt":{"rendered":"","protected":false},"author":1,"featured_media":25715,"comment_status":"open","ping_status":"open","sticky":false,"template":"","format":"standard","meta":{"footnotes":""},"categories":[57],"tags":[],"class_list":["post-25714","post","type-post","status-publish","format-standard","has-post-thumbnail","hentry","category-vivienda"],"jetpack_featured_media_url":"https:\/\/radiorevelacionfm.cl\/wp-content\/uploads\/2022\/12\/autoridades-y-familias-confirman-avance-en-casas-el-blanco-1_optimized.jpg","_links":{"self":[{"href":"https:\/\/radiorevelacionfm.cl\/index.php?rest_route=\/wp\/v2\/posts\/25714","targetHints":{"allow":["GET"]}}],"collection":[{"href":"https:\/\/radiorevelacionfm.cl\/index.php?rest_route=\/wp\/v2\/posts"}],"about":[{"href":"https:\/\/radiorevelacionfm.cl\/index.php?rest_route=\/wp\/v2\/types\/post"}],"author":[{"embeddable":true,"href":"https:\/\/radiorevelacionfm.cl\/index.php?rest_route=\/wp\/v2\/users\/1"}],"replies":[{"embeddable":true,"href":"https:\/\/radiorevelacionfm.cl\/index.php?rest_route=%2Fwp%2Fv2%2Fcomments&post=25714"}],"version-history":[{"count":2,"href":"https:\/\/radiorevelacionfm.cl\/index.php?rest_route=\/wp\/v2\/posts\/25714\/revisions"}],"predecessor-version":[{"id":25717,"href":"https:\/\/radiorevelacionfm.cl\/index.php?rest_route=\/wp\/v2\/posts\/25714\/revisions\/25717"}],"wp:featuredmedia":[{"embeddable":true,"href":"https:\/\/radiorevelacionfm.cl\/index.php?rest_route=\/wp\/v2\/media\/25715"}],"wp:attachment":[{"href":"https:\/\/radiorevelacionfm.cl\/index.php?rest_route=%2Fwp%2Fv2%2Fmedia&parent=25714"}],"wp:term":[{"taxonomy":"category","embeddable":true,"href":"https:\/\/radiorevelacionfm.cl\/index.php?rest_route=%2Fwp%2Fv2%2Fcategories&post=25714"},{"taxonomy":"post_tag","embeddable":true,"href":"https:\/\/radiorevelacionfm.cl\/index.php?rest_route=%2Fwp%2Fv2%2Ftags&post=25714"}],"curies":[{"name":"wp","href":"https:\/\/api.w.org\/{rel}","templated":true}]}}