{"id":25705,"date":"2022-12-22T15:00:41","date_gmt":"2022-12-22T18:00:41","guid":{"rendered":"https:\/\/radiorevelacionfm.cl\/?p=25705"},"modified":"2022-12-22T15:00:41","modified_gmt":"2022-12-22T18:00:41","slug":"actores-relevantes-del-ecosistema-de-ciencia-y-tecnologia-provenientes-de-aysen-y-magallanes-volvieron-a-reunirse-en-la-ultima-sesion-del-ano-del-comite-de-coordinacion-macrozonal","status":"publish","type":"post","link":"https:\/\/radiorevelacionfm.cl\/?p=25705","title":{"rendered":"Actores relevantes del ecosistema de ciencia y tecnolog\u00eda provenientes de Ays\u00e9n y Magallanes, volvieron a reunirse en la \u00faltima sesi\u00f3n del a\u00f1o del Comit\u00e9 de Coordinaci\u00f3n Macrozonal"},"content":{"rendered":"<div class=\"flex_column av_one_full  flex_column_div av-zero-column-padding first  avia-builder-el-0  el_before_av_one_full  avia-builder-el-first  \" style='border-radius:0px; '><div  class='avia-image-container  av-styling-    avia-builder-el-1  avia-builder-el-no-sibling  avia-align-center '  itemprop=\"image\" itemscope=\"itemscope\" itemtype=\"https:\/\/schema.org\/ImageObject\"  ><div class='avia-image-container-inner'><div class='avia-image-overlay-wrap'><img decoding=\"async\" class='wp-image-25706 avia-img-lazy-loading-not-25706 avia_image' src=\"https:\/\/radiorevelacionfm.cl\/wp-content\/uploads\/2022\/12\/Ciencia-abierta-2-1-1.jpg\" alt='' title='Ciencia abierta 2 (1) (1)' height=\"600\" width=\"800\"  itemprop=\"thumbnailUrl\" srcset=\"https:\/\/radiorevelacionfm.cl\/wp-content\/uploads\/2022\/12\/Ciencia-abierta-2-1-1.jpg 800w, https:\/\/radiorevelacionfm.cl\/wp-content\/uploads\/2022\/12\/Ciencia-abierta-2-1-1-300x225.jpg 300w, https:\/\/radiorevelacionfm.cl\/wp-content\/uploads\/2022\/12\/Ciencia-abierta-2-1-1-768x576.jpg 768w, https:\/\/radiorevelacionfm.cl\/wp-content\/uploads\/2022\/12\/Ciencia-abierta-2-1-1-705x529.jpg 705w, https:\/\/radiorevelacionfm.cl\/wp-content\/uploads\/2022\/12\/Ciencia-abierta-2-1-1-600x450.jpg 600w\" sizes=\"(max-width: 800px) 100vw, 800px\" \/><\/div><\/div><\/div><\/div><div class=\"flex_column av_one_full  flex_column_div av-zero-column-padding first  avia-builder-el-2  el_after_av_one_full  el_before_av_one_full  column-top-margin\" style='border-radius:0px; '><section class=\"av_textblock_section \"  itemscope=\"itemscope\" itemtype=\"https:\/\/schema.org\/BlogPosting\" itemprop=\"blogPost\" ><div class='avia_textblock  '   itemprop=\"text\" ><p style=\"text-align: center;\"><strong><span style=\"font-size: 18pt;\">Actores relevantes del ecosistema de ciencia y tecnolog\u00eda provenientes de Ays\u00e9n y Magallanes, volvieron a reunirse en la \u00faltima sesi\u00f3n del a\u00f1o del Comit\u00e9 de Coordinaci\u00f3n Macrozonal<\/span><\/strong><\/p>\n<div id=\"gtx-trans\" style=\"position: absolute; left: -50px; top: 4.31534px;\">\n<div class=\"gtx-trans-icon\"><\/div>\n<\/div>\n<\/div><\/section><\/div><div class=\"flex_column av_one_full  flex_column_div av-zero-column-padding first  avia-builder-el-4  el_after_av_one_full  el_before_av_hr  column-top-margin\" style='border-radius:0px; '><section class=\"av_textblock_section \"  itemscope=\"itemscope\" itemtype=\"https:\/\/schema.org\/BlogPosting\" itemprop=\"blogPost\" ><div class='avia_textblock  '   itemprop=\"text\" ><p dir=\"ltr\" style=\"text-align: justify;\">Nodo Ciencia Austral realiz\u00f3 \u00faltima sesi\u00f3n\u00a0del comit\u00e9 de coordinaci\u00f3n macrozonal para dialogar sobre ciencia abierta y vinculaci\u00f3n ciencia-comunidad.<\/p>\n<p dir=\"ltr\" style=\"text-align: justify;\">Actores relevantes del ecosistema de ciencia y tecnolog\u00eda provenientes de las regiones de Ays\u00e9n y Magallanes, volvieron a reunirse en la \u00faltima sesi\u00f3n del a\u00f1o del Comit\u00e9 de Coordinaci\u00f3n Macrozonal, convocado por los proyectos Nodo Ciencia Austral y Laboratorios Naturales Subant\u00e1rticos.<\/p>\n<p dir=\"ltr\" style=\"text-align: justify;\">Dos presentaciones de temas relevantes para la CTCI (ciencia, tecnolog\u00eda, conocimiento e innovaci\u00f3n) fueron parte de la programaci\u00f3n del Comit\u00e9 de Coordinaci\u00f3n Macrozonal en la sesi\u00f3n n\u00famero doce del a\u00f1o. En esta instancia de gobernanza para las regiones de Ays\u00e9n y de Magallanes y la Ant\u00e1rtica Chilena, particip\u00f3 la Seremi de Ciencia de la macrozona, Ver\u00f3nica Vallejos, adem\u00e1s de representantes de instituciones p\u00fablicas y privadas. Las tem\u00e1ticas abordadas fueron ciencia abierta con \u00e9nfasis en proyectar un programa para los territorios australes y tambi\u00e9n la vinculaci\u00f3n entre ciencia y comunidades locales, desde un di\u00e1logo horizontal.<\/p>\n<p dir=\"ltr\" style=\"text-align: justify;\"><strong>Ciencia Abierta Austral<\/strong><\/p>\n<p dir=\"ltr\" style=\"text-align: justify;\">Desde el proyecto Nodo Ciencia Austral, que trabaja en la articulaci\u00f3n para la aceleraci\u00f3n del sistema de ciencia, tecnolog\u00eda, conocimiento e innovaci\u00f3n, present\u00f3 el Dr. Ronald Cancino, Investigador de la Universidad de la Frontera y Presidente de la Sociedad Latinoamericana de Estudios Sociales de la Ciencia y la Tecnolog\u00eda. Su ponencia estuvo centrada en compartir los avances sobre diagn\u00f3stico de propuestas de gesti\u00f3n de datos de investigaci\u00f3n e informaci\u00f3n cient\u00edfica. Se comparti\u00f3 un panorama general de las l\u00edneas de investigaci\u00f3n en ciencia abierta en Am\u00e9rica Latina donde comienza a aparecer de manera emergente la \u201cciencia ciudadana\u201d y tambi\u00e9n se realiz\u00f3 una primera propuesta en torno a los ejes que deber\u00eda tener un programa de ciencia abierta en el territorio austral.<\/p>\n<p dir=\"ltr\" style=\"text-align: justify;\">\u201cDiscutimos tambi\u00e9n que en materia de ciencia austral existen algunos pilares estrat\u00e9gicos, por ejemplo, un eje tiene que ver con la articulaci\u00f3n entre la investigaci\u00f3n de fen\u00f3menos locales y fen\u00f3menos globales\u2026 En el fondo, un programa de ciencia abierta austral debiese apostar en torno a la construcci\u00f3n de un programa con contenido cient\u00edfico, contenidos tecnol\u00f3gicos y contenidos que articulen demandas locales y demandas territoriales, construir una agenda de trabajo de implementaci\u00f3n desde el acceso abierto a la ciencia ciudadana\u201d, coment\u00f3 Cancino.<\/p>\n<p dir=\"ltr\" style=\"text-align: justify;\"><strong>Laboratorios y Comunidades<\/strong><\/p>\n<p dir=\"ltr\" style=\"text-align: justify;\">Por otra parte, el investigador David N\u00fa\u00f1ez, del equipo de capital social del proyecto Nodo Laboratorios Naturales, expuso en el Comit\u00e9 de Coordinaci\u00f3n sobre comunidades locales y territorios en la macrozona austral. \u201cUn tema que es fruto de la reflexi\u00f3n que hemos realizado en este proyecto en torno al rol que las comunidades locales pueden tener en el desarrollo de los Laboratorios Ant\u00e1rticos, como su nombre lo indica estos son \u00e1reas geogr\u00e1ficas privilegiadas para investigaciones cient\u00edficas, pero sabemos que estas \u00e1reas son parte del territorio de comunidades ind\u00edgenas y locales, es decir, que es un territorios lleno de significado y de usos tradicionales, como la navegaci\u00f3n, la caza y la pesca, la extracci\u00f3n de madera, entre otros\u201d. A modo de ejemplo en los territorios australes, coment\u00f3 que \u201ca pesar de haber sido fuertemente afectados por la colonizaci\u00f3n, los pueblos kaw\u00e9sqar y yag\u00e1n est\u00e1n presentes y comprometidos con la defensa de sus espacios y lo mismo las comunidades locales que cada vez m\u00e1s se involucran en los problemas y las amenazas ambientales. La invitaci\u00f3n entonces es a buscar un di\u00e1logo horizontal entre la ciencia y las comunidades locales\u00bb.<\/p>\n<p dir=\"ltr\" style=\"text-align: justify;\">Finalmente cabe se\u00f1alar que ambos proyectos, Nodo Ciencia Austral y Laboratorios Naturales Subant\u00e1rticos, son implementados por centros de investigaci\u00f3n e instituciones de educaci\u00f3n superior de la Macrozona Austral y financiados por la Agencia Nacional de Investigaci\u00f3n y Desarrollo (ANID).<\/p>\n<\/div><\/section><\/div><div  style='height:50px' class='hr hr-invisible   avia-builder-el-6  el_after_av_one_full  el_before_av_social_share '><span class='hr-inner ' ><span class='hr-inner-style'><\/span><\/span><\/div><\/p>\n<div  class='av-social-sharing-box  avia-builder-el-7  el_after_av_hr  el_before_av_hr  '><div class='av-share-box'><h5 class='av-share-link-description av-no-toc '>Compartir esta noticia<\/h5><ul class='av-share-box-list noLightbox'><li class='av-share-link av-social-link-facebook' ><a target=\"_blank\" aria-label=\"Compartir en Facebook\" href='https:\/\/www.facebook.com\/sharer.php?u=https:\/\/radiorevelacionfm.cl\/?p=25705&#038;t=Actores%20relevantes%20del%20ecosistema%20de%20ciencia%20y%20tecnolog%C3%ADa%20provenientes%20de%20Ays%C3%A9n%20y%20Magallanes%2C%20volvieron%20a%20reunirse%20en%20la%20%C3%BAltima%20sesi%C3%B3n%20del%20a%C3%B1o%20del%20Comit%C3%A9%20de%20Coordinaci%C3%B3n%20Macrozonal' aria-hidden='false' data-av_icon='\ue8f3' data-av_iconfont='entypo-fontello' title='' data-avia-related-tooltip='Compartir en Facebook' rel=\"noopener\"><span class='avia_hidden_link_text'>Compartir en Facebook<\/span><\/a><\/li><li class='av-share-link av-social-link-twitter' ><a target=\"_blank\" aria-label=\"Compartir en Twitter\" href='https:\/\/twitter.com\/share?text=Actores%20relevantes%20del%20ecosistema%20de%20ciencia%20y%20tecnolog%C3%ADa%20provenientes%20de%20Ays%C3%A9n%20y%20Magallanes%2C%20volvieron%20a%20reunirse%20en%20la%20%C3%BAltima%20sesi%C3%B3n%20del%20a%C3%B1o%20del%20Comit%C3%A9%20de%20Coordinaci%C3%B3n%20Macrozonal&#038;url=https:\/\/radiorevelacionfm.cl\/?p=25705' aria-hidden='false' data-av_icon='\ue8f1' data-av_iconfont='entypo-fontello' title='' data-avia-related-tooltip='Compartir en Twitter' rel=\"noopener\"><span class='avia_hidden_link_text'>Compartir en Twitter<\/span><\/a><\/li><li class='av-share-link av-social-link-whatsapp' ><a target=\"_blank\" aria-label=\"Compartir en Whatsapp\" href='https:\/\/api.whatsapp.com\/send?text=https:\/\/radiorevelacionfm.cl\/?p=25705' aria-hidden='false' data-av_icon='\uf232' data-av_iconfont='entypo-fontello' title='' data-avia-related-tooltip='Compartir en Whatsapp' rel=\"noopener\"><span class='avia_hidden_link_text'>Compartir en Whatsapp<\/span><\/a><\/li><li class='av-share-link av-social-link-linkedin' ><a target=\"_blank\" aria-label=\"Compartir en LinkedIn\" href='https:\/\/linkedin.com\/shareArticle?mini=true&#038;title=Actores%20relevantes%20del%20ecosistema%20de%20ciencia%20y%20tecnolog%C3%ADa%20provenientes%20de%20Ays%C3%A9n%20y%20Magallanes%2C%20volvieron%20a%20reunirse%20en%20la%20%C3%BAltima%20sesi%C3%B3n%20del%20a%C3%B1o%20del%20Comit%C3%A9%20de%20Coordinaci%C3%B3n%20Macrozonal&#038;url=https:\/\/radiorevelacionfm.cl\/?p=25705' aria-hidden='false' data-av_icon='\ue8fc' data-av_iconfont='entypo-fontello' title='' data-avia-related-tooltip='Compartir en LinkedIn' rel=\"noopener\"><span class='avia_hidden_link_text'>Compartir en LinkedIn<\/span><\/a><\/li><li class='av-share-link av-social-link-mail' ><a  aria-label=\"Compartir por correo\" href='mailto:?subject=Actores%20relevantes%20del%20ecosistema%20de%20ciencia%20y%20tecnolog%C3%ADa%20provenientes%20de%20Ays%C3%A9n%20y%20Magallanes%2C%20volvieron%20a%20reunirse%20en%20la%20%C3%BAltima%20sesi%C3%B3n%20del%20a%C3%B1o%20del%20Comit%C3%A9%20de%20Coordinaci%C3%B3n%20Macrozonal&#038;body=https:\/\/radiorevelacionfm.cl\/?p=25705' aria-hidden='false' data-av_icon='\ue805' data-av_iconfont='entypo-fontello' title='' data-avia-related-tooltip='Compartir por correo'><span class='avia_hidden_link_text'>Compartir por correo<\/span><\/a><\/li><\/ul><\/div><\/div>\n<div  style='height:50px' class='hr hr-invisible   avia-builder-el-8  el_after_av_social_share  el_before_av_comments_list '><span class='hr-inner ' ><span class='hr-inner-style'><\/span><\/span><\/div>\n<div  class='av-buildercomment  av-blog-meta-html-info-disabled av-blog-meta-tag-disabled  '><\/div>\n","protected":false},"excerpt":{"rendered":"","protected":false},"author":1,"featured_media":25706,"comment_status":"open","ping_status":"open","sticky":false,"template":"","format":"standard","meta":{"footnotes":""},"categories":[53],"tags":[],"class_list":["post-25705","post","type-post","status-publish","format-standard","has-post-thumbnail","hentry","category-ciencia"],"jetpack_featured_media_url":"https:\/\/radiorevelacionfm.cl\/wp-content\/uploads\/2022\/12\/Ciencia-abierta-2-1-1.jpg","_links":{"self":[{"href":"https:\/\/radiorevelacionfm.cl\/index.php?rest_route=\/wp\/v2\/posts\/25705","targetHints":{"allow":["GET"]}}],"collection":[{"href":"https:\/\/radiorevelacionfm.cl\/index.php?rest_route=\/wp\/v2\/posts"}],"about":[{"href":"https:\/\/radiorevelacionfm.cl\/index.php?rest_route=\/wp\/v2\/types\/post"}],"author":[{"embeddable":true,"href":"https:\/\/radiorevelacionfm.cl\/index.php?rest_route=\/wp\/v2\/users\/1"}],"replies":[{"embeddable":true,"href":"https:\/\/radiorevelacionfm.cl\/index.php?rest_route=%2Fwp%2Fv2%2Fcomments&post=25705"}],"version-history":[{"count":2,"href":"https:\/\/radiorevelacionfm.cl\/index.php?rest_route=\/wp\/v2\/posts\/25705\/revisions"}],"predecessor-version":[{"id":25801,"href":"https:\/\/radiorevelacionfm.cl\/index.php?rest_route=\/wp\/v2\/posts\/25705\/revisions\/25801"}],"wp:featuredmedia":[{"embeddable":true,"href":"https:\/\/radiorevelacionfm.cl\/index.php?rest_route=\/wp\/v2\/media\/25706"}],"wp:attachment":[{"href":"https:\/\/radiorevelacionfm.cl\/index.php?rest_route=%2Fwp%2Fv2%2Fmedia&parent=25705"}],"wp:term":[{"taxonomy":"category","embeddable":true,"href":"https:\/\/radiorevelacionfm.cl\/index.php?rest_route=%2Fwp%2Fv2%2Fcategories&post=25705"},{"taxonomy":"post_tag","embeddable":true,"href":"https:\/\/radiorevelacionfm.cl\/index.php?rest_route=%2Fwp%2Fv2%2Ftags&post=25705"}],"curies":[{"name":"wp","href":"https:\/\/api.w.org\/{rel}","templated":true}]}}