{"id":25674,"date":"2022-12-20T19:30:32","date_gmt":"2022-12-20T22:30:32","guid":{"rendered":"https:\/\/radiorevelacionfm.cl\/?p=25674"},"modified":"2022-12-20T20:11:25","modified_gmt":"2022-12-20T23:11:25","slug":"calisto-por-aprobacion-de-proyecto-que-establece-nuevamente-el-voto-obligatorio-evita-que-las-elecciones-sean-capturadas-por-el-voto-activista-y-militante","status":"publish","type":"post","link":"https:\/\/radiorevelacionfm.cl\/?p=25674","title":{"rendered":"Calisto por aprobaci\u00f3n de proyecto que establece nuevamente el voto obligatorio: \u201cEvita que las elecciones sean capturadas por el voto activista y militante\u201d"},"content":{"rendered":"<div class=\"flex_column av_one_full  flex_column_div av-zero-column-padding first  avia-builder-el-0  el_before_av_one_full  avia-builder-el-first  \" style='border-radius:0px; '><div  class='avia-image-container  av-styling-    avia-builder-el-1  avia-builder-el-no-sibling  avia-align-center '  itemprop=\"image\" itemscope=\"itemscope\" itemtype=\"https:\/\/schema.org\/ImageObject\"  ><div class='avia-image-container-inner'><div class='avia-image-overlay-wrap'><img decoding=\"async\" class='wp-image-18646 avia-img-lazy-loading-not-18646 avia_image' src=\"https:\/\/radiorevelacionfm.cl\/wp-content\/uploads\/2022\/06\/CALISTO-2022-1-1.jpg\" alt='' title='CALISTO 2022 (1) (1)' height=\"600\" width=\"1022\"  itemprop=\"thumbnailUrl\" srcset=\"https:\/\/radiorevelacionfm.cl\/wp-content\/uploads\/2022\/06\/CALISTO-2022-1-1.jpg 1022w, https:\/\/radiorevelacionfm.cl\/wp-content\/uploads\/2022\/06\/CALISTO-2022-1-1-300x176.jpg 300w, https:\/\/radiorevelacionfm.cl\/wp-content\/uploads\/2022\/06\/CALISTO-2022-1-1-768x451.jpg 768w, https:\/\/radiorevelacionfm.cl\/wp-content\/uploads\/2022\/06\/CALISTO-2022-1-1-705x414.jpg 705w, https:\/\/radiorevelacionfm.cl\/wp-content\/uploads\/2022\/06\/CALISTO-2022-1-1-600x352.jpg 600w\" sizes=\"(max-width: 1022px) 100vw, 1022px\" \/><\/div><\/div><\/div><\/div><div class=\"flex_column av_one_full  flex_column_div av-zero-column-padding first  avia-builder-el-2  el_after_av_one_full  el_before_av_one_full  column-top-margin\" style='border-radius:0px; '><section class=\"av_textblock_section \"  itemscope=\"itemscope\" itemtype=\"https:\/\/schema.org\/BlogPosting\" itemprop=\"blogPost\" ><div class='avia_textblock  '   itemprop=\"text\" ><p style=\"text-align: center;\"><strong><span style=\"font-size: 18pt;\">Calisto por aprobaci\u00f3n de proyecto que establece nuevamente el voto obligatorio: \u201cEvita que las elecciones sean capturadas por el voto activista y militante\u201d<\/span><\/strong><\/p>\n<div id=\"gtx-trans\" style=\"position: absolute; left: -50px; top: 4.31534px;\">\n<div class=\"gtx-trans-icon\"><\/div>\n<\/div>\n<\/div><\/section><\/div><div class=\"flex_column av_one_full  flex_column_div av-zero-column-padding first  avia-builder-el-4  el_after_av_one_full  el_before_av_hr  column-top-margin\" style='border-radius:0px; '><section class=\"av_textblock_section \"  itemscope=\"itemscope\" itemtype=\"https:\/\/schema.org\/BlogPosting\" itemprop=\"blogPost\" ><div class='avia_textblock  '   itemprop=\"text\" ><p style=\"font-weight: 400; text-align: justify;\">El legislador valor\u00f3 el avance de esta medida, la que qued\u00f3 lista para ser ley.<\/p>\n<p style=\"font-weight: 400; text-align: justify;\">Como un gran avance calific\u00f3 el diputado Miguel \u00c1ngel Calisto la aprobaci\u00f3n del proyecto que establece el voto obligatorio, iniciativa que qued\u00f3 lista para su promulgaci\u00f3n como ley, y que a juicio del legislador permitir\u00e1 darle mayor legitimidad al sistema pol\u00edtica y a las autoridades que ser\u00e1n elegidas en futuras votaciones.<\/p>\n<p style=\"font-weight: 400; text-align: justify;\">En su intervenci\u00f3n en la C\u00e1mara, el parlamentario se\u00f1al\u00f3 que \u201cla inscripci\u00f3n autom\u00e1tica y el voto voluntario signific\u00f3 una disminuci\u00f3n inmediata en la participaci\u00f3n en las votaciones populares. Ninguna votaci\u00f3n super\u00f3 el 50% de participaci\u00f3n, lo que afecta a la legitimidad del sistema pol\u00edtico. Por eso quiero respaldar este proyecto de la obligatoriedad del voto\u201d.<\/p>\n<p style=\"font-weight: 400; text-align: justify;\">\u201cTanto hemos peleado por el derecho a voto que no podemos renunciar a \u00e9l. Esta es una libertad que valida a la democracia. El voto obligatorio evita que las elecciones sean capturadas por el voto activista, militante, por el voto cautivo de los partidos pol\u00edticos\u201d, indic\u00f3.<\/p>\n<p style=\"font-weight: 400; text-align: justify;\">Calisto agreg\u00f3 que \u201ccreo conveniente considerar seriamente la necesidad de reponer el voto obligatorio, como una forma der reforzar la democracia y la restituci\u00f3n de la confianza en nuestras instituciones. Creo que es necesario entender que la Democracia encierra un conjunto de responsabilidades que est\u00e1n arraigadas en el campo \u00e9tico y el comportamiento de cada uno de nosotros como seres sociales, como parte de una comunidad\u201d.<\/p>\n<p style=\"font-weight: 400; text-align: justify;\">\u201cLos desaf\u00edos actuales, como el cambio clim\u00e1tico, la sobrepoblaci\u00f3n y la crisis del agua, obligan necesariamente a entender que somos parte de una comunidad y que evidentemente tenemos responsabilidades comunes, que involucra la responsabilidad c\u00edvica de participar con el voto para elegir a nuestros representantes\u201d, afirm\u00f3.<\/p>\n<p style=\"font-weight: 400; text-align: justify;\">Finalmente, Miguel \u00c1ngel Calisto asegur\u00f3 que \u201cen la pr\u00e1ctica, podemos ver el efecto del voto obligatorio en el reciente plebiscito de salida, donde m\u00e1s de 13 millones de chilenos participaron masivamente de este proceso en el cual se decidi\u00f3 rechazar la propuesta constitucional. Esto demostr\u00f3 que el voto obligatorio permite que se imponga la sensatez y el sentido com\u00fan\u201d.<\/p>\n<\/div><\/section><\/div><div  style='height:50px' class='hr hr-invisible   avia-builder-el-6  el_after_av_one_full  el_before_av_social_share '><span class='hr-inner ' ><span class='hr-inner-style'><\/span><\/span><\/div><\/p>\n<div  class='av-social-sharing-box  avia-builder-el-7  el_after_av_hr  el_before_av_hr  '><div class='av-share-box'><h5 class='av-share-link-description av-no-toc '>Compartir esta noticia<\/h5><ul class='av-share-box-list noLightbox'><li class='av-share-link av-social-link-facebook' ><a target=\"_blank\" aria-label=\"Compartir en Facebook\" href='https:\/\/www.facebook.com\/sharer.php?u=https:\/\/radiorevelacionfm.cl\/?p=25674&#038;t=Calisto%20por%20aprobaci%C3%B3n%20de%20proyecto%20que%20establece%20nuevamente%20el%20voto%20obligatorio%3A%20%E2%80%9CEvita%20que%20las%20elecciones%20sean%20capturadas%20por%20el%20voto%20activista%20y%20militante%E2%80%9D' aria-hidden='false' data-av_icon='\ue8f3' data-av_iconfont='entypo-fontello' title='' data-avia-related-tooltip='Compartir en Facebook' rel=\"noopener\"><span class='avia_hidden_link_text'>Compartir en Facebook<\/span><\/a><\/li><li class='av-share-link av-social-link-twitter' ><a target=\"_blank\" aria-label=\"Compartir en Twitter\" href='https:\/\/twitter.com\/share?text=Calisto%20por%20aprobaci%C3%B3n%20de%20proyecto%20que%20establece%20nuevamente%20el%20voto%20obligatorio%3A%20%E2%80%9CEvita%20que%20las%20elecciones%20sean%20capturadas%20por%20el%20voto%20activista%20y%20militante%E2%80%9D&#038;url=https:\/\/radiorevelacionfm.cl\/?p=25674' aria-hidden='false' data-av_icon='\ue8f1' data-av_iconfont='entypo-fontello' title='' data-avia-related-tooltip='Compartir en Twitter' rel=\"noopener\"><span class='avia_hidden_link_text'>Compartir en Twitter<\/span><\/a><\/li><li class='av-share-link av-social-link-whatsapp' ><a target=\"_blank\" aria-label=\"Compartir en Whatsapp\" href='https:\/\/api.whatsapp.com\/send?text=https:\/\/radiorevelacionfm.cl\/?p=25674' aria-hidden='false' data-av_icon='\uf232' data-av_iconfont='entypo-fontello' title='' data-avia-related-tooltip='Compartir en Whatsapp' rel=\"noopener\"><span class='avia_hidden_link_text'>Compartir en Whatsapp<\/span><\/a><\/li><li class='av-share-link av-social-link-linkedin' ><a target=\"_blank\" aria-label=\"Compartir en LinkedIn\" href='https:\/\/linkedin.com\/shareArticle?mini=true&#038;title=Calisto%20por%20aprobaci%C3%B3n%20de%20proyecto%20que%20establece%20nuevamente%20el%20voto%20obligatorio%3A%20%E2%80%9CEvita%20que%20las%20elecciones%20sean%20capturadas%20por%20el%20voto%20activista%20y%20militante%E2%80%9D&#038;url=https:\/\/radiorevelacionfm.cl\/?p=25674' aria-hidden='false' data-av_icon='\ue8fc' data-av_iconfont='entypo-fontello' title='' data-avia-related-tooltip='Compartir en LinkedIn' rel=\"noopener\"><span class='avia_hidden_link_text'>Compartir en LinkedIn<\/span><\/a><\/li><li class='av-share-link av-social-link-mail' ><a  aria-label=\"Compartir por correo\" href='mailto:?subject=Calisto%20por%20aprobaci%C3%B3n%20de%20proyecto%20que%20establece%20nuevamente%20el%20voto%20obligatorio%3A%20%E2%80%9CEvita%20que%20las%20elecciones%20sean%20capturadas%20por%20el%20voto%20activista%20y%20militante%E2%80%9D&#038;body=https:\/\/radiorevelacionfm.cl\/?p=25674' aria-hidden='false' data-av_icon='\ue805' data-av_iconfont='entypo-fontello' title='' data-avia-related-tooltip='Compartir por correo'><span class='avia_hidden_link_text'>Compartir por correo<\/span><\/a><\/li><\/ul><\/div><\/div>\n<div  style='height:50px' class='hr hr-invisible   avia-builder-el-8  el_after_av_social_share  el_before_av_comments_list '><span class='hr-inner ' ><span class='hr-inner-style'><\/span><\/span><\/div>\n<div  class='av-buildercomment  av-blog-meta-html-info-disabled av-blog-meta-tag-disabled  '><\/div>\n","protected":false},"excerpt":{"rendered":"","protected":false},"author":1,"featured_media":18646,"comment_status":"open","ping_status":"open","sticky":false,"template":"","format":"standard","meta":{"footnotes":""},"categories":[35],"tags":[],"class_list":["post-25674","post","type-post","status-publish","format-standard","has-post-thumbnail","hentry","category-politica"],"jetpack_featured_media_url":"https:\/\/radiorevelacionfm.cl\/wp-content\/uploads\/2022\/06\/CALISTO-2022-1-1.jpg","_links":{"self":[{"href":"https:\/\/radiorevelacionfm.cl\/index.php?rest_route=\/wp\/v2\/posts\/25674","targetHints":{"allow":["GET"]}}],"collection":[{"href":"https:\/\/radiorevelacionfm.cl\/index.php?rest_route=\/wp\/v2\/posts"}],"about":[{"href":"https:\/\/radiorevelacionfm.cl\/index.php?rest_route=\/wp\/v2\/types\/post"}],"author":[{"embeddable":true,"href":"https:\/\/radiorevelacionfm.cl\/index.php?rest_route=\/wp\/v2\/users\/1"}],"replies":[{"embeddable":true,"href":"https:\/\/radiorevelacionfm.cl\/index.php?rest_route=%2Fwp%2Fv2%2Fcomments&post=25674"}],"version-history":[{"count":2,"href":"https:\/\/radiorevelacionfm.cl\/index.php?rest_route=\/wp\/v2\/posts\/25674\/revisions"}],"predecessor-version":[{"id":25693,"href":"https:\/\/radiorevelacionfm.cl\/index.php?rest_route=\/wp\/v2\/posts\/25674\/revisions\/25693"}],"wp:featuredmedia":[{"embeddable":true,"href":"https:\/\/radiorevelacionfm.cl\/index.php?rest_route=\/wp\/v2\/media\/18646"}],"wp:attachment":[{"href":"https:\/\/radiorevelacionfm.cl\/index.php?rest_route=%2Fwp%2Fv2%2Fmedia&parent=25674"}],"wp:term":[{"taxonomy":"category","embeddable":true,"href":"https:\/\/radiorevelacionfm.cl\/index.php?rest_route=%2Fwp%2Fv2%2Fcategories&post=25674"},{"taxonomy":"post_tag","embeddable":true,"href":"https:\/\/radiorevelacionfm.cl\/index.php?rest_route=%2Fwp%2Fv2%2Ftags&post=25674"}],"curies":[{"name":"wp","href":"https:\/\/api.w.org\/{rel}","templated":true}]}}