{"id":25671,"date":"2022-12-21T09:46:56","date_gmt":"2022-12-21T12:46:56","guid":{"rendered":"https:\/\/radiorevelacionfm.cl\/?p=25671"},"modified":"2022-12-21T09:46:56","modified_gmt":"2022-12-21T12:46:56","slug":"fundacion-integra-inicia-proceso-de-matricula-a-jardines-infantiles-y-salas-cuna","status":"publish","type":"post","link":"https:\/\/radiorevelacionfm.cl\/?p=25671","title":{"rendered":"Fundaci\u00f3n Integra inicia proceso de matr\u00edcula a jardines infantiles y salas cuna"},"content":{"rendered":"<div class=\"flex_column av_one_full  flex_column_div av-zero-column-padding first  avia-builder-el-0  el_before_av_one_full  avia-builder-el-first  \" style='border-radius:0px; '><div  class='avia-image-container  av-styling-    avia-builder-el-1  avia-builder-el-no-sibling  avia-align-center '  itemprop=\"image\" itemscope=\"itemscope\" itemtype=\"https:\/\/schema.org\/ImageObject\"  ><div class='avia-image-container-inner'><div class='avia-image-overlay-wrap'><img decoding=\"async\" class='wp-image-25672 avia-img-lazy-loading-not-25672 avia_image' src=\"https:\/\/radiorevelacionfm.cl\/wp-content\/uploads\/2022\/12\/2-52-1-1.jpeg\" alt='' title='2 (52) (1) (1)' height=\"600\" width=\"800\"  itemprop=\"thumbnailUrl\" srcset=\"https:\/\/radiorevelacionfm.cl\/wp-content\/uploads\/2022\/12\/2-52-1-1.jpeg 800w, https:\/\/radiorevelacionfm.cl\/wp-content\/uploads\/2022\/12\/2-52-1-1-300x225.jpeg 300w, https:\/\/radiorevelacionfm.cl\/wp-content\/uploads\/2022\/12\/2-52-1-1-768x576.jpeg 768w, https:\/\/radiorevelacionfm.cl\/wp-content\/uploads\/2022\/12\/2-52-1-1-705x529.jpeg 705w, https:\/\/radiorevelacionfm.cl\/wp-content\/uploads\/2022\/12\/2-52-1-1-600x450.jpeg 600w\" sizes=\"(max-width: 800px) 100vw, 800px\" \/><\/div><\/div><\/div><\/div><div class=\"flex_column av_one_full  flex_column_div av-zero-column-padding first  avia-builder-el-2  el_after_av_one_full  el_before_av_one_full  column-top-margin\" style='border-radius:0px; '><section class=\"av_textblock_section \"  itemscope=\"itemscope\" itemtype=\"https:\/\/schema.org\/BlogPosting\" itemprop=\"blogPost\" ><div class='avia_textblock  '   itemprop=\"text\" ><p style=\"text-align: center;\"><strong><span style=\"font-size: 18pt;\">Fundaci\u00f3n Integra inicia proceso de matr\u00edcula a jardines infantiles y salas cuna<\/span><\/strong><\/p>\n<div id=\"gtx-trans\" style=\"position: absolute; left: -50px; top: 4.31534px;\">\n<div class=\"gtx-trans-icon\"><\/div>\n<\/div>\n<\/div><\/section><\/div><div class=\"flex_column av_one_full  flex_column_div av-zero-column-padding first  avia-builder-el-4  el_after_av_one_full  el_before_av_hr  column-top-margin\" style='border-radius:0px; '><section class=\"av_textblock_section \"  itemscope=\"itemscope\" itemtype=\"https:\/\/schema.org\/BlogPosting\" itemprop=\"blogPost\" ><div class='avia_textblock  '   itemprop=\"text\" ><p style=\"font-weight: 400; text-align: justify;\">Desde la instituci\u00f3n recordaron que las familias que efectuaron la postulaci\u00f3n, ser\u00e1n contactadas por los equipos educativos para agendar la matr\u00edcula en el respectivo jard\u00edn infantil o sala cuna, proceso que deben realizar de forma presencial.<\/p>\n<p style=\"font-weight: 400; text-align: justify;\">A partir de este lunes 19 de diciembre y hasta el 06 de enero de 2023, las familias que hayan obtenido un cupo podr\u00e1n acercarse a los jardines infantiles y salas cuna de Fundaci\u00f3n Integra, para iniciar el proceso de matr\u00edcula, previa coordinaci\u00f3n con el equipo educativo, que se contactar\u00e1 con las familias para indicarles el d\u00eda y hora en que deben asistir a formalizar su matr\u00edcula.<\/p>\n<p style=\"font-weight: 400; text-align: justify;\">Los apoderados y apoderadas recibir\u00e1n un correo informativo con el resultado de la postulaci\u00f3n y tambi\u00e9n podr\u00e1n revisar los datos ingresando directamente con su usuario y contrase\u00f1a a\u00a0<a href=\"https:\/\/www.integra.cl\/\" data-saferedirecturl=\"https:\/\/www.google.com\/url?q=https:\/\/www.integra.cl\/&amp;source=gmail&amp;ust=1671650666828000&amp;usg=AOvVaw0bGrqpPee-hgCyBULX5A2p\">https:\/\/www.integra.cl\/<\/a><\/p>\n<p style=\"font-weight: 400; text-align: justify;\">La directora regional de Fundaci\u00f3n Integra, Leticia Araya Norambuena destac\u00f3 que \u201clos jardines infantiles de Fundaci\u00f3n Integra no s\u00f3lo entregan aprendizajes significativos, sino que tambi\u00e9n se vela por el bienestar de ni\u00f1os y ni\u00f1as, y acompa\u00f1amos en su desarrollo, a trav\u00e9s de un estrecho trabajo con las familias, con equipos educativos comprometidos y capaces de adaptarse a distintas situaciones y contextos\u201d, agregando que \u201cestamos contentos por la convocatoria que tuvo este proceso, lo que esperamos se traduzca en m\u00e1s ni\u00f1os y ni\u00f1as asistiendo a nuestros establecimientos de forma constante durante el a\u00f1o parvulario 2023\u201d, concluy\u00f3.<\/p>\n<p style=\"font-weight: 400; text-align: justify;\">Los documentos que deben presentar las familias al momento de realizar la matr\u00edcula en los jardines infantiles y salas cuna de Integra, son los siguientes:<\/p>\n<ul style=\"text-align: justify;\">\n<li style=\"font-weight: 400;\">Certificado de nacimiento del ni\u00f1o\/a (asignaci\u00f3n familiar).<\/li>\n<li style=\"font-weight: 400;\">Cuaderno de Salud de ni\u00f1os y ni\u00f1as entre 0 y 9 a\u00f1os.<\/li>\n<li style=\"font-weight: 400;\">Cartola Hogar o Solicitud de Ingreso al Registro Social de Hogares (RHS). *En caso de haberlo declarado en el proceso de inscripci\u00f3n.<\/li>\n<li style=\"font-weight: 400;\">\u00a0 \u00a0 \u00a0Certificado de pertenencia al Subsistema Segundas Oportunidades o carta de \u201cCompromiso \u00c9tico Familiar\u201d. *En caso de haberlo declarado en el proceso de inscripci\u00f3n<\/li>\n<li style=\"font-weight: 400;\">Carta que acredita participaci\u00f3n en el \u201cPrograma Mujeres Trabajadoras Jefas de Hogar\u201d, el cual emite cada municipio. *En caso de haberlo declarado en el proceso de inscripci\u00f3n.<\/li>\n<li style=\"font-weight: 400;\">Resoluci\u00f3n asociada a causa de protecci\u00f3n, cuando el ni\u00f1o\/a est\u00e1 en una situaci\u00f3n judicializada o copia de la resoluci\u00f3n judicial que ordena el ingreso o cupo para el ni\u00f1o\/a. *En caso de haberlo declarado en el proceso de inscripci\u00f3n.<\/li>\n<\/ul>\n<p style=\"font-weight: 400; text-align: justify;\">Fundaci\u00f3n Integra, con 32 a\u00f1os de experiencia, es uno de los principales prestadores de educaci\u00f3n inicial en el pa\u00eds, con m\u00e1s de 1.200 jardines infantiles y salas cuna gratuitos, a los que asisten m\u00e1s de 85 mil ni\u00f1os y ni\u00f1as en todo Chile.<\/p>\n<\/div><\/section><\/div><div  style='height:50px' class='hr hr-invisible   avia-builder-el-6  el_after_av_one_full  el_before_av_social_share '><span class='hr-inner ' ><span class='hr-inner-style'><\/span><\/span><\/div><\/p>\n<div  class='av-social-sharing-box  avia-builder-el-7  el_after_av_hr  el_before_av_hr  '><div class='av-share-box'><h5 class='av-share-link-description av-no-toc '>Compartir esta noticia<\/h5><ul class='av-share-box-list noLightbox'><li class='av-share-link av-social-link-facebook' ><a target=\"_blank\" aria-label=\"Compartir en Facebook\" href='https:\/\/www.facebook.com\/sharer.php?u=https:\/\/radiorevelacionfm.cl\/?p=25671&#038;t=Fundaci%C3%B3n%20Integra%20inicia%20proceso%20de%20matr%C3%ADcula%20a%20jardines%20infantiles%20y%20salas%20cuna' aria-hidden='false' data-av_icon='\ue8f3' data-av_iconfont='entypo-fontello' title='' data-avia-related-tooltip='Compartir en Facebook' rel=\"noopener\"><span class='avia_hidden_link_text'>Compartir en Facebook<\/span><\/a><\/li><li class='av-share-link av-social-link-twitter' ><a target=\"_blank\" aria-label=\"Compartir en Twitter\" href='https:\/\/twitter.com\/share?text=Fundaci%C3%B3n%20Integra%20inicia%20proceso%20de%20matr%C3%ADcula%20a%20jardines%20infantiles%20y%20salas%20cuna&#038;url=https:\/\/radiorevelacionfm.cl\/?p=25671' aria-hidden='false' data-av_icon='\ue8f1' data-av_iconfont='entypo-fontello' title='' data-avia-related-tooltip='Compartir en Twitter' rel=\"noopener\"><span class='avia_hidden_link_text'>Compartir en Twitter<\/span><\/a><\/li><li class='av-share-link av-social-link-whatsapp' ><a target=\"_blank\" aria-label=\"Compartir en Whatsapp\" href='https:\/\/api.whatsapp.com\/send?text=https:\/\/radiorevelacionfm.cl\/?p=25671' aria-hidden='false' data-av_icon='\uf232' data-av_iconfont='entypo-fontello' title='' data-avia-related-tooltip='Compartir en Whatsapp' rel=\"noopener\"><span class='avia_hidden_link_text'>Compartir en Whatsapp<\/span><\/a><\/li><li class='av-share-link av-social-link-linkedin' ><a target=\"_blank\" aria-label=\"Compartir en LinkedIn\" href='https:\/\/linkedin.com\/shareArticle?mini=true&#038;title=Fundaci%C3%B3n%20Integra%20inicia%20proceso%20de%20matr%C3%ADcula%20a%20jardines%20infantiles%20y%20salas%20cuna&#038;url=https:\/\/radiorevelacionfm.cl\/?p=25671' aria-hidden='false' data-av_icon='\ue8fc' data-av_iconfont='entypo-fontello' title='' data-avia-related-tooltip='Compartir en LinkedIn' rel=\"noopener\"><span class='avia_hidden_link_text'>Compartir en LinkedIn<\/span><\/a><\/li><li class='av-share-link av-social-link-mail' ><a  aria-label=\"Compartir por correo\" href='mailto:?subject=Fundaci%C3%B3n%20Integra%20inicia%20proceso%20de%20matr%C3%ADcula%20a%20jardines%20infantiles%20y%20salas%20cuna&#038;body=https:\/\/radiorevelacionfm.cl\/?p=25671' aria-hidden='false' data-av_icon='\ue805' data-av_iconfont='entypo-fontello' title='' data-avia-related-tooltip='Compartir por correo'><span class='avia_hidden_link_text'>Compartir por correo<\/span><\/a><\/li><\/ul><\/div><\/div>\n<div  style='height:50px' class='hr hr-invisible   avia-builder-el-8  el_after_av_social_share  el_before_av_comments_list '><span class='hr-inner ' ><span class='hr-inner-style'><\/span><\/span><\/div>\n<div  class='av-buildercomment  av-blog-meta-html-info-disabled av-blog-meta-tag-disabled  '><\/div>\n","protected":false},"excerpt":{"rendered":"","protected":false},"author":1,"featured_media":25672,"comment_status":"open","ping_status":"open","sticky":false,"template":"","format":"standard","meta":{"footnotes":""},"categories":[49],"tags":[],"class_list":["post-25671","post","type-post","status-publish","format-standard","has-post-thumbnail","hentry","category-educacion"],"jetpack_featured_media_url":"https:\/\/radiorevelacionfm.cl\/wp-content\/uploads\/2022\/12\/2-52-1-1.jpeg","_links":{"self":[{"href":"https:\/\/radiorevelacionfm.cl\/index.php?rest_route=\/wp\/v2\/posts\/25671","targetHints":{"allow":["GET"]}}],"collection":[{"href":"https:\/\/radiorevelacionfm.cl\/index.php?rest_route=\/wp\/v2\/posts"}],"about":[{"href":"https:\/\/radiorevelacionfm.cl\/index.php?rest_route=\/wp\/v2\/types\/post"}],"author":[{"embeddable":true,"href":"https:\/\/radiorevelacionfm.cl\/index.php?rest_route=\/wp\/v2\/users\/1"}],"replies":[{"embeddable":true,"href":"https:\/\/radiorevelacionfm.cl\/index.php?rest_route=%2Fwp%2Fv2%2Fcomments&post=25671"}],"version-history":[{"count":2,"href":"https:\/\/radiorevelacionfm.cl\/index.php?rest_route=\/wp\/v2\/posts\/25671\/revisions"}],"predecessor-version":[{"id":25696,"href":"https:\/\/radiorevelacionfm.cl\/index.php?rest_route=\/wp\/v2\/posts\/25671\/revisions\/25696"}],"wp:featuredmedia":[{"embeddable":true,"href":"https:\/\/radiorevelacionfm.cl\/index.php?rest_route=\/wp\/v2\/media\/25672"}],"wp:attachment":[{"href":"https:\/\/radiorevelacionfm.cl\/index.php?rest_route=%2Fwp%2Fv2%2Fmedia&parent=25671"}],"wp:term":[{"taxonomy":"category","embeddable":true,"href":"https:\/\/radiorevelacionfm.cl\/index.php?rest_route=%2Fwp%2Fv2%2Fcategories&post=25671"},{"taxonomy":"post_tag","embeddable":true,"href":"https:\/\/radiorevelacionfm.cl\/index.php?rest_route=%2Fwp%2Fv2%2Ftags&post=25671"}],"curies":[{"name":"wp","href":"https:\/\/api.w.org\/{rel}","templated":true}]}}