{"id":25668,"date":"2022-12-20T18:24:51","date_gmt":"2022-12-20T21:24:51","guid":{"rendered":"https:\/\/radiorevelacionfm.cl\/?p=25668"},"modified":"2022-12-20T18:24:51","modified_gmt":"2022-12-20T21:24:51","slug":"programa-especial-de-salud-y-pueblos-indigenas-incorpora-agente-de-salud-y-facilitadora-intercultural-en-cesfam-de-puerto-aysen","status":"publish","type":"post","link":"https:\/\/radiorevelacionfm.cl\/?p=25668","title":{"rendered":"Programa Especial de Salud y Pueblos Ind\u00edgenas incorpora agente de salud y facilitadora intercultural en CESFAM de Puerto Ays\u00e9n"},"content":{"rendered":"<div class=\"flex_column av_one_full  flex_column_div av-zero-column-padding first  avia-builder-el-0  el_before_av_one_full  avia-builder-el-first  \" style='border-radius:0px; '><div  class='avia-image-container  av-styling-    avia-builder-el-1  avia-builder-el-no-sibling  avia-align-center '  itemprop=\"image\" itemscope=\"itemscope\" itemtype=\"https:\/\/schema.org\/ImageObject\"  ><div class='avia-image-container-inner'><div class='avia-image-overlay-wrap'><img decoding=\"async\" class='wp-image-25669 avia-img-lazy-loading-not-25669 avia_image' src=\"https:\/\/radiorevelacionfm.cl\/wp-content\/uploads\/2022\/12\/PESPI-1-1.jpg\" alt='' title='PESPI (1) (1)' height=\"600\" width=\"832\"  itemprop=\"thumbnailUrl\" srcset=\"https:\/\/radiorevelacionfm.cl\/wp-content\/uploads\/2022\/12\/PESPI-1-1.jpg 832w, https:\/\/radiorevelacionfm.cl\/wp-content\/uploads\/2022\/12\/PESPI-1-1-300x216.jpg 300w, https:\/\/radiorevelacionfm.cl\/wp-content\/uploads\/2022\/12\/PESPI-1-1-768x554.jpg 768w, https:\/\/radiorevelacionfm.cl\/wp-content\/uploads\/2022\/12\/PESPI-1-1-705x508.jpg 705w, https:\/\/radiorevelacionfm.cl\/wp-content\/uploads\/2022\/12\/PESPI-1-1-600x433.jpg 600w\" sizes=\"(max-width: 832px) 100vw, 832px\" \/><\/div><\/div><\/div><\/div><div class=\"flex_column av_one_full  flex_column_div av-zero-column-padding first  avia-builder-el-2  el_after_av_one_full  el_before_av_one_full  column-top-margin\" style='border-radius:0px; '><section class=\"av_textblock_section \"  itemscope=\"itemscope\" itemtype=\"https:\/\/schema.org\/BlogPosting\" itemprop=\"blogPost\" ><div class='avia_textblock  '   itemprop=\"text\" ><p style=\"text-align: center;\"><span style=\"font-size: 18pt;\"><b>Programa Especial de Salud y Pueblos Ind\u00edgenas incorpora agente de salud y facilitadora intercultural en CESFAM de Puerto Ays\u00e9n<\/b><\/span><\/p>\n<div id=\"gtx-trans\" style=\"position: absolute; left: -50px; top: 4.31534px;\">\n<div class=\"gtx-trans-icon\"><\/div>\n<\/div>\n<\/div><\/section><\/div><div class=\"flex_column av_one_full  flex_column_div av-zero-column-padding first  avia-builder-el-4  el_after_av_one_full  el_before_av_hr  column-top-margin\" style='border-radius:0px; '><section class=\"av_textblock_section \"  itemscope=\"itemscope\" itemtype=\"https:\/\/schema.org\/BlogPosting\" itemprop=\"blogPost\" ><div class='avia_textblock  '   itemprop=\"text\" ><p style=\"font-weight: 400; text-align: justify;\">El Programa Especial de Salud y Pueblos Ind\u00edgenas (PESPI) del Servicio de Salud Ays\u00e9n integr\u00f3 al equipo del CESFAM Ays\u00e9n una facilitadora intercultural y una agente de salud ind\u00edgena, reforzando la atenci\u00f3n de salud con pertinencia cultural en ese establecimiento.<\/p>\n<p style=\"font-weight: 400; text-align: justify;\">As\u00ed, la agente de salud ind\u00edgena realizar\u00e1 atenciones complementarias con el modelo biom\u00e9dico y que atender\u00e1 por derivaci\u00f3n de un profesional o por demanda espont\u00e1nea, es decir, cualquier usuario que requiera atenci\u00f3n puede solicitar una hora de atenci\u00f3n en el SOME del establecimiento o acudir con la facilitadora intercultural para su gesti\u00f3n.<\/p>\n<p style=\"font-weight: 400; text-align: justify;\">Dentro de las prestaciones o atenciones que realizar\u00e1 la profesional se encuentran las enfermedades gastrointestinales y en v\u00edas urinarias, terapias de salud mental, m\u00fasculo esquel\u00e9ticas y dermatol\u00f3gicas, todas patolog\u00edas que est\u00e1n dentro de la cartera de prestaciones elaborada por las propias organizaciones ind\u00edgenas en conjunto con el equipo de salud del territorio local.<\/p>\n<p style=\"font-weight: 400; text-align: justify;\">\u201cLas atenciones han causado una muy buena aceptaci\u00f3n, tanto as\u00ed que hay muchos pacientes y usuarios que se vienen a atender de forma espont\u00e1nea y son menos los que derivan los profesionales a esta atenci\u00f3n. Ya van sobre 30 usuarios atendidos y las horas se llenan durante la ma\u00f1ana, incluso hay que dar sobrecupo. Ha habido una muy buena aceptaci\u00f3n por parte de la comunidad la implementaci\u00f3n de esta estrategia de salud que se ven\u00eda luchado por muchos a\u00f1os para ser incorporada en el establecimiento\u201d, se\u00f1al\u00f3 Marcia Nahuelqu\u00edn Delgado, referente regional del PESPI.<\/p>\n<p style=\"font-weight: 400; text-align: justify;\">La integraci\u00f3n de la facilitadora intercultural tiene tambi\u00e9n por objetivo mejorar los registros con pertinencia cultural, actualizar los datos personales y de contacto de los usuarios, adem\u00e1s de apoyar la gesti\u00f3n de horas para la atenci\u00f3n con la agente de salud ind\u00edgena, adem\u00e1s de la coordinaci\u00f3n de actividades con las organizaciones ind\u00edgenas.<\/p>\n<p style=\"font-weight: 400; text-align: justify;\">En la actualidad, en la regi\u00f3n de Ays\u00e9n, existe alta densidad de personas con ascendencia ind\u00edgena, que alcanza a lo menos el 30% de la poblaci\u00f3n regional, y que estos datos no se reflejan en los registros estad\u00edsticos cl\u00ednicos.<\/p>\n<p style=\"font-weight: 400; text-align: justify;\">Por otra parte, Marcia Nahuelqu\u00edn agreg\u00f3 que \u201ctodas estas acciones son parte de la estrategia del programa de acuerdo a las orientaciones t\u00e9cnicas emanadas del MINSAL, las cuales deben aterrizarse a nuestro territorio y a nuestra realidad, mejorar los registros estad\u00edsticos y otorgar una atenci\u00f3n de salud con pertinencia de salud, no son m\u00e1s que un derecho de los pueblos originarios, derecho expresado en el art\u00edculo 7 de la ley N\u00b0 20.584, sobre Derechos y Deberes de los usuarios, as\u00ed como tambi\u00e9n la Norma N\u00b0 820, que\u00a0 establece\u00a0 la mejora de los registros estad\u00edsticos, electr\u00f3nicos y de papel con la variable de pueblos originarios\u201d, precis\u00f3.<\/p>\n<p style=\"font-weight: 400; text-align: justify;\">Las nuevas incorporaciones son Aurora Mansilla Lep\u00edo como agente de salud ind\u00edgena y Mar\u00eda G\u00f3mez Maripill\u00e1n en el rol de facilitadora intercultural ind\u00edgena.<\/p>\n<\/div><\/section><\/div><div  style='height:50px' class='hr hr-invisible   avia-builder-el-6  el_after_av_one_full  el_before_av_social_share '><span class='hr-inner ' ><span class='hr-inner-style'><\/span><\/span><\/div><\/p>\n<div  class='av-social-sharing-box  avia-builder-el-7  el_after_av_hr  el_before_av_hr  '><div class='av-share-box'><h5 class='av-share-link-description av-no-toc '>Compartir esta noticia<\/h5><ul class='av-share-box-list noLightbox'><li class='av-share-link av-social-link-facebook' ><a target=\"_blank\" aria-label=\"Compartir en Facebook\" href='https:\/\/www.facebook.com\/sharer.php?u=https:\/\/radiorevelacionfm.cl\/?p=25668&#038;t=Programa%20Especial%20de%20Salud%20y%20Pueblos%20Ind%C3%ADgenas%20incorpora%20agente%20de%20salud%20y%20facilitadora%20intercultural%20en%20CESFAM%20de%20Puerto%20Ays%C3%A9n' aria-hidden='false' data-av_icon='\ue8f3' data-av_iconfont='entypo-fontello' title='' data-avia-related-tooltip='Compartir en Facebook' rel=\"noopener\"><span class='avia_hidden_link_text'>Compartir en Facebook<\/span><\/a><\/li><li class='av-share-link av-social-link-twitter' ><a target=\"_blank\" aria-label=\"Compartir en Twitter\" href='https:\/\/twitter.com\/share?text=Programa%20Especial%20de%20Salud%20y%20Pueblos%20Ind%C3%ADgenas%20incorpora%20agente%20de%20salud%20y%20facilitadora%20intercultural%20en%20CESFAM%20de%20Puerto%20Ays%C3%A9n&#038;url=https:\/\/radiorevelacionfm.cl\/?p=25668' aria-hidden='false' data-av_icon='\ue8f1' data-av_iconfont='entypo-fontello' title='' data-avia-related-tooltip='Compartir en Twitter' rel=\"noopener\"><span class='avia_hidden_link_text'>Compartir en Twitter<\/span><\/a><\/li><li class='av-share-link av-social-link-whatsapp' ><a target=\"_blank\" aria-label=\"Compartir en Whatsapp\" href='https:\/\/api.whatsapp.com\/send?text=https:\/\/radiorevelacionfm.cl\/?p=25668' aria-hidden='false' data-av_icon='\uf232' data-av_iconfont='entypo-fontello' title='' data-avia-related-tooltip='Compartir en Whatsapp' rel=\"noopener\"><span class='avia_hidden_link_text'>Compartir en Whatsapp<\/span><\/a><\/li><li class='av-share-link av-social-link-linkedin' ><a target=\"_blank\" aria-label=\"Compartir en LinkedIn\" href='https:\/\/linkedin.com\/shareArticle?mini=true&#038;title=Programa%20Especial%20de%20Salud%20y%20Pueblos%20Ind%C3%ADgenas%20incorpora%20agente%20de%20salud%20y%20facilitadora%20intercultural%20en%20CESFAM%20de%20Puerto%20Ays%C3%A9n&#038;url=https:\/\/radiorevelacionfm.cl\/?p=25668' aria-hidden='false' data-av_icon='\ue8fc' data-av_iconfont='entypo-fontello' title='' data-avia-related-tooltip='Compartir en LinkedIn' rel=\"noopener\"><span class='avia_hidden_link_text'>Compartir en LinkedIn<\/span><\/a><\/li><li class='av-share-link av-social-link-mail' ><a  aria-label=\"Compartir por correo\" href='mailto:?subject=Programa%20Especial%20de%20Salud%20y%20Pueblos%20Ind%C3%ADgenas%20incorpora%20agente%20de%20salud%20y%20facilitadora%20intercultural%20en%20CESFAM%20de%20Puerto%20Ays%C3%A9n&#038;body=https:\/\/radiorevelacionfm.cl\/?p=25668' aria-hidden='false' data-av_icon='\ue805' data-av_iconfont='entypo-fontello' title='' data-avia-related-tooltip='Compartir por correo'><span class='avia_hidden_link_text'>Compartir por correo<\/span><\/a><\/li><\/ul><\/div><\/div>\n<div  style='height:50px' class='hr hr-invisible   avia-builder-el-8  el_after_av_social_share  el_before_av_comments_list '><span class='hr-inner ' ><span class='hr-inner-style'><\/span><\/span><\/div>\n<div  class='av-buildercomment  av-blog-meta-html-info-disabled av-blog-meta-tag-disabled  '><\/div>\n","protected":false},"excerpt":{"rendered":"","protected":false},"author":1,"featured_media":25669,"comment_status":"open","ping_status":"open","sticky":false,"template":"","format":"standard","meta":{"footnotes":""},"categories":[46],"tags":[],"class_list":["post-25668","post","type-post","status-publish","format-standard","has-post-thumbnail","hentry","category-salud"],"jetpack_featured_media_url":"https:\/\/radiorevelacionfm.cl\/wp-content\/uploads\/2022\/12\/PESPI-1-1.jpg","_links":{"self":[{"href":"https:\/\/radiorevelacionfm.cl\/index.php?rest_route=\/wp\/v2\/posts\/25668","targetHints":{"allow":["GET"]}}],"collection":[{"href":"https:\/\/radiorevelacionfm.cl\/index.php?rest_route=\/wp\/v2\/posts"}],"about":[{"href":"https:\/\/radiorevelacionfm.cl\/index.php?rest_route=\/wp\/v2\/types\/post"}],"author":[{"embeddable":true,"href":"https:\/\/radiorevelacionfm.cl\/index.php?rest_route=\/wp\/v2\/users\/1"}],"replies":[{"embeddable":true,"href":"https:\/\/radiorevelacionfm.cl\/index.php?rest_route=%2Fwp%2Fv2%2Fcomments&post=25668"}],"version-history":[{"count":2,"href":"https:\/\/radiorevelacionfm.cl\/index.php?rest_route=\/wp\/v2\/posts\/25668\/revisions"}],"predecessor-version":[{"id":25684,"href":"https:\/\/radiorevelacionfm.cl\/index.php?rest_route=\/wp\/v2\/posts\/25668\/revisions\/25684"}],"wp:featuredmedia":[{"embeddable":true,"href":"https:\/\/radiorevelacionfm.cl\/index.php?rest_route=\/wp\/v2\/media\/25669"}],"wp:attachment":[{"href":"https:\/\/radiorevelacionfm.cl\/index.php?rest_route=%2Fwp%2Fv2%2Fmedia&parent=25668"}],"wp:term":[{"taxonomy":"category","embeddable":true,"href":"https:\/\/radiorevelacionfm.cl\/index.php?rest_route=%2Fwp%2Fv2%2Fcategories&post=25668"},{"taxonomy":"post_tag","embeddable":true,"href":"https:\/\/radiorevelacionfm.cl\/index.php?rest_route=%2Fwp%2Fv2%2Ftags&post=25668"}],"curies":[{"name":"wp","href":"https:\/\/api.w.org\/{rel}","templated":true}]}}