{"id":25657,"date":"2022-12-21T09:26:41","date_gmt":"2022-12-21T12:26:41","guid":{"rendered":"https:\/\/radiorevelacionfm.cl\/?p=25657"},"modified":"2022-12-21T09:26:41","modified_gmt":"2022-12-21T12:26:41","slug":"funcionarios-de-justicia-participan-en-taller-de-profundizacion-sobre-el-enfoque-de-derechos-humanos-para-las-politicas-publicas","status":"publish","type":"post","link":"https:\/\/radiorevelacionfm.cl\/?p=25657","title":{"rendered":"Funcionarios de Justicia participan en Taller de profundizaci\u00f3n sobre el enfoque de Derechos Humanos para las pol\u00edticas p\u00fablicas"},"content":{"rendered":"<div class=\"flex_column av_one_full  flex_column_div av-zero-column-padding first  avia-builder-el-0  el_before_av_one_full  avia-builder-el-first  \" style='border-radius:0px; '><div  class='avia-image-container  av-styling-    avia-builder-el-1  avia-builder-el-no-sibling  avia-align-center '  itemprop=\"image\" itemscope=\"itemscope\" itemtype=\"https:\/\/schema.org\/ImageObject\"  ><div class='avia-image-container-inner'><div class='avia-image-overlay-wrap'><img decoding=\"async\" class='wp-image-25658 avia-img-lazy-loading-not-25658 avia_image' src=\"https:\/\/radiorevelacionfm.cl\/wp-content\/uploads\/2022\/12\/taller-DD-HH-3a-1-1.jpg\" alt='' title='taller DD-HH 3a (1) (1)' height=\"600\" width=\"1005\"  itemprop=\"thumbnailUrl\" srcset=\"https:\/\/radiorevelacionfm.cl\/wp-content\/uploads\/2022\/12\/taller-DD-HH-3a-1-1.jpg 1005w, https:\/\/radiorevelacionfm.cl\/wp-content\/uploads\/2022\/12\/taller-DD-HH-3a-1-1-300x179.jpg 300w, https:\/\/radiorevelacionfm.cl\/wp-content\/uploads\/2022\/12\/taller-DD-HH-3a-1-1-768x459.jpg 768w, https:\/\/radiorevelacionfm.cl\/wp-content\/uploads\/2022\/12\/taller-DD-HH-3a-1-1-705x421.jpg 705w, https:\/\/radiorevelacionfm.cl\/wp-content\/uploads\/2022\/12\/taller-DD-HH-3a-1-1-600x358.jpg 600w\" sizes=\"(max-width: 1005px) 100vw, 1005px\" \/><\/div><\/div><\/div><\/div><div class=\"flex_column av_one_full  flex_column_div av-zero-column-padding first  avia-builder-el-2  el_after_av_one_full  el_before_av_one_full  column-top-margin\" style='border-radius:0px; '><section class=\"av_textblock_section \"  itemscope=\"itemscope\" itemtype=\"https:\/\/schema.org\/BlogPosting\" itemprop=\"blogPost\" ><div class='avia_textblock  '   itemprop=\"text\" ><p style=\"text-align: center;\"><strong><span style=\"font-size: 18pt;\">Funcionarios de Justicia participan en Taller de profundizaci\u00f3n sobre enfoque de Derechos Humanos para las pol\u00edticas p\u00fablicas <\/span><\/strong><\/p>\n<div id=\"gtx-trans\" style=\"position: absolute; left: -50px; top: 4.31534px;\">\n<div class=\"gtx-trans-icon\"><\/div>\n<\/div>\n<\/div><\/section><\/div><div class=\"flex_column av_one_full  flex_column_div av-zero-column-padding first  avia-builder-el-4  el_after_av_one_full  el_before_av_hr  column-top-margin\" style='border-radius:0px; '><section class=\"av_textblock_section \"  itemscope=\"itemscope\" itemtype=\"https:\/\/schema.org\/BlogPosting\" itemprop=\"blogPost\" ><div class='avia_textblock  '   itemprop=\"text\" ><p style=\"text-align: justify;\">Profundizar en torno a la difusi\u00f3n y concientizaci\u00f3n de los Derechos Humanos, d\u00e1ndole un enfoque que pueda transversalizarse en el quehacer cotidiano de los funcionarios\/as\u00a0 p\u00fablicas, fue el objetivo del taller dirigido a funcionarios del sector Justicia, el que estuvo a cargo de las profesionales Amanda Arratia y Daniela Oliva de la Subsecretar\u00eda de DD.HH y que se llev\u00f3 a cabo en dependencias de la Corte de Apelaciones de Coyhaique.<\/p>\n<p style=\"text-align: justify;\">Dicha instancia que reuni\u00f3 a m\u00e1s de 40 funcionarios principalmente de Sename, Registro Civil, Defensor\u00eda Penal, Corporaci\u00f3n de Asistencia Judicial y Servicio M\u00e9dico Legal cont\u00f3 tambi\u00e9n con la participaci\u00f3n del Seremi de Justicia y Derechos Humanos Samuel Navarro Castro, quien particip\u00f3 de toda la jornada.<\/p>\n<p style=\"text-align: justify;\">La profesional del Departamento de formaci\u00f3n y capacitaci\u00f3n en Derechos Humanos de la Subsecretar\u00eda de DD.HH Amanda Arratia se refiri\u00f3 al trabajo realizado, manifestando que \u201ces una labor y un desaf\u00edo que ha estado pendiente por parte de la Subsecretar\u00eda de Derechos Humanos, de poder establecer estos procesos formativos en las regiones del pa\u00eds y poder acercarnos de manera presencial a efectivamente establecer actividades de reflexi\u00f3n, de an\u00e1lisis en donde el enfoque de derechos humanos pueda transversalizarse en el quehacer cotidiano de los funcionarios y funcionarias p\u00fablicas, si bien ven\u00edamos haciendo un trabajo en este sentido antes de la pandemia, creemos que es un inicio que nos permite poder instalar las bases o aquellos conceptos como b\u00e1sicos sobre Derechos Humanos y ah\u00ed los cursos virtuales ayudan mucho a poder entregar harta informaci\u00f3n al respecto, pero estos talleres presenciales permiten poner en discusi\u00f3n y en reflexi\u00f3n esos conceptos que\u00a0 veces parecen estar tan lejanos\u201d.<\/p>\n<p style=\"text-align: justify;\">Respecto a la importancia de esta capacitaci\u00f3n, la dirigente del Servicio de Registro Civil e Identificaci\u00f3n, Patricia Vera Bartch agradeci\u00f3 la actividad, se\u00f1alando \u201cquiero agradecer la posibilidad que se gener\u00f3 a trav\u00e9s de este programa de formaci\u00f3n en Derechos Humanos, ya que da la posibilidad de hacerme parte activa de lo que se establece a partir del acuerdo de soluci\u00f3n amistosa del caso de Gabriela Blass y el tema de los derechos humanos y la discriminaci\u00f3n hacia temas \u00e9tnicos o grupos peque\u00f1os, estos gestos se agradecen, siempre es importante abordar estos temas, y m\u00e1s a\u00fan despu\u00e9s de la pandemia\u201d.<\/p>\n<p style=\"text-align: justify;\">En tanto, el Seremi de Justicia y Derechos Humanos Samuel Navarro Castro destac\u00f3 el inter\u00e9s del Gobierno por poner en agenda estos temas, y m\u00e1s a\u00fan trabajarlos con los funcionarios p\u00fablicos indicando que \u201cnos parece importante, en el contexto de lo que se ha llamado el mes de los Derechos Humanos a ra\u00edz de la declaraci\u00f3n universal de los Derechos Humanos que se verifica el 10 de diciembre de cada a\u00f1o, extender esta capacitaci\u00f3n que es complementaria a otras capacitaciones virtuales que se han tenido durante el a\u00f1o con funcionarios y funcionarias del sector Justicia, esta capacitaci\u00f3n presencial fue muy masiva y participativa, y permiti\u00f3 reforzar los conceptos y la importancia de los Derechos Humanos en el actual momento que se vive es relevante, cuando hay amenazas a algunos derechos, amenazas de negar la existencia de ciertos sucesos, es importante reforzar e incorporar\u00a0 en la pol\u00edtica p\u00fablica, en el trato diario la tem\u00e1tica de los derechos humanos, creo que han salido fortalecidos los funcionarios y funcionarias que han participado de esta pol\u00edtica p\u00fablica, y en este sentido van a incorporar a su quehacer diario la tem\u00e1tica y la \u00f3ptica de los Derechos Humanos que adem\u00e1s tuvo la particularidad en este caso, no solamente de ser presencial sino que adem\u00e1s contar con casos pr\u00e1cticos, que le permiten incorporar de mejor manera esta tem\u00e1tica tan relevante en la actualidad\u201d.<\/p>\n<p style=\"text-align: justify;\">Finalmente, se\u00f1alar que la planificaci\u00f3n de trabajo para el periodo 2023-2024 de la Subsecretar\u00eda de DD.HH considera seguir viajando a regiones, con el objetivo de profundizar en otras \u00e1reas de los derechos humanos, ya sea con las personas mayores, con los derechos de los ni\u00f1os, ni\u00f1as y adolescentes, siendo el inicio de una mirada m\u00e1s transversal respecto a esta tem\u00e1tica.<\/p>\n<\/div><\/section><\/div><div  style='height:50px' class='hr hr-invisible   avia-builder-el-6  el_after_av_one_full  el_before_av_social_share '><span class='hr-inner ' ><span class='hr-inner-style'><\/span><\/span><\/div><\/p>\n<div  class='av-social-sharing-box  avia-builder-el-7  el_after_av_hr  el_before_av_hr  '><div class='av-share-box'><h5 class='av-share-link-description av-no-toc '>Compartir esta noticia<\/h5><ul class='av-share-box-list noLightbox'><li class='av-share-link av-social-link-facebook' ><a target=\"_blank\" aria-label=\"Compartir en Facebook\" href='https:\/\/www.facebook.com\/sharer.php?u=https:\/\/radiorevelacionfm.cl\/?p=25657&#038;t=Funcionarios%20de%20Justicia%20participan%20en%20Taller%20de%20profundizaci%C3%B3n%20sobre%20el%20enfoque%20de%20Derechos%20Humanos%20para%20las%20pol%C3%ADticas%20p%C3%BAblicas' aria-hidden='false' data-av_icon='\ue8f3' data-av_iconfont='entypo-fontello' title='' data-avia-related-tooltip='Compartir en Facebook' rel=\"noopener\"><span class='avia_hidden_link_text'>Compartir en Facebook<\/span><\/a><\/li><li class='av-share-link av-social-link-twitter' ><a target=\"_blank\" aria-label=\"Compartir en Twitter\" href='https:\/\/twitter.com\/share?text=Funcionarios%20de%20Justicia%20participan%20en%20Taller%20de%20profundizaci%C3%B3n%20sobre%20el%20enfoque%20de%20Derechos%20Humanos%20para%20las%20pol%C3%ADticas%20p%C3%BAblicas&#038;url=https:\/\/radiorevelacionfm.cl\/?p=25657' aria-hidden='false' data-av_icon='\ue8f1' data-av_iconfont='entypo-fontello' title='' data-avia-related-tooltip='Compartir en Twitter' rel=\"noopener\"><span class='avia_hidden_link_text'>Compartir en Twitter<\/span><\/a><\/li><li class='av-share-link av-social-link-whatsapp' ><a target=\"_blank\" aria-label=\"Compartir en Whatsapp\" href='https:\/\/api.whatsapp.com\/send?text=https:\/\/radiorevelacionfm.cl\/?p=25657' aria-hidden='false' data-av_icon='\uf232' data-av_iconfont='entypo-fontello' title='' data-avia-related-tooltip='Compartir en Whatsapp' rel=\"noopener\"><span class='avia_hidden_link_text'>Compartir en Whatsapp<\/span><\/a><\/li><li class='av-share-link av-social-link-linkedin' ><a target=\"_blank\" aria-label=\"Compartir en LinkedIn\" href='https:\/\/linkedin.com\/shareArticle?mini=true&#038;title=Funcionarios%20de%20Justicia%20participan%20en%20Taller%20de%20profundizaci%C3%B3n%20sobre%20el%20enfoque%20de%20Derechos%20Humanos%20para%20las%20pol%C3%ADticas%20p%C3%BAblicas&#038;url=https:\/\/radiorevelacionfm.cl\/?p=25657' aria-hidden='false' data-av_icon='\ue8fc' data-av_iconfont='entypo-fontello' title='' data-avia-related-tooltip='Compartir en LinkedIn' rel=\"noopener\"><span class='avia_hidden_link_text'>Compartir en LinkedIn<\/span><\/a><\/li><li class='av-share-link av-social-link-mail' ><a  aria-label=\"Compartir por correo\" href='mailto:?subject=Funcionarios%20de%20Justicia%20participan%20en%20Taller%20de%20profundizaci%C3%B3n%20sobre%20el%20enfoque%20de%20Derechos%20Humanos%20para%20las%20pol%C3%ADticas%20p%C3%BAblicas&#038;body=https:\/\/radiorevelacionfm.cl\/?p=25657' aria-hidden='false' data-av_icon='\ue805' data-av_iconfont='entypo-fontello' title='' data-avia-related-tooltip='Compartir por correo'><span class='avia_hidden_link_text'>Compartir por correo<\/span><\/a><\/li><\/ul><\/div><\/div>\n<div  style='height:50px' class='hr hr-invisible   avia-builder-el-8  el_after_av_social_share  el_before_av_comments_list '><span class='hr-inner ' ><span class='hr-inner-style'><\/span><\/span><\/div>\n<div  class='av-buildercomment  av-blog-meta-html-info-disabled av-blog-meta-tag-disabled  '><\/div>\n","protected":false},"excerpt":{"rendered":"","protected":false},"author":1,"featured_media":25658,"comment_status":"open","ping_status":"open","sticky":false,"template":"","format":"standard","meta":{"footnotes":""},"categories":[55],"tags":[],"class_list":["post-25657","post","type-post","status-publish","format-standard","has-post-thumbnail","hentry","category-justicia"],"jetpack_featured_media_url":"https:\/\/radiorevelacionfm.cl\/wp-content\/uploads\/2022\/12\/taller-DD-HH-3a-1-1.jpg","_links":{"self":[{"href":"https:\/\/radiorevelacionfm.cl\/index.php?rest_route=\/wp\/v2\/posts\/25657","targetHints":{"allow":["GET"]}}],"collection":[{"href":"https:\/\/radiorevelacionfm.cl\/index.php?rest_route=\/wp\/v2\/posts"}],"about":[{"href":"https:\/\/radiorevelacionfm.cl\/index.php?rest_route=\/wp\/v2\/types\/post"}],"author":[{"embeddable":true,"href":"https:\/\/radiorevelacionfm.cl\/index.php?rest_route=\/wp\/v2\/users\/1"}],"replies":[{"embeddable":true,"href":"https:\/\/radiorevelacionfm.cl\/index.php?rest_route=%2Fwp%2Fv2%2Fcomments&post=25657"}],"version-history":[{"count":2,"href":"https:\/\/radiorevelacionfm.cl\/index.php?rest_route=\/wp\/v2\/posts\/25657\/revisions"}],"predecessor-version":[{"id":25695,"href":"https:\/\/radiorevelacionfm.cl\/index.php?rest_route=\/wp\/v2\/posts\/25657\/revisions\/25695"}],"wp:featuredmedia":[{"embeddable":true,"href":"https:\/\/radiorevelacionfm.cl\/index.php?rest_route=\/wp\/v2\/media\/25658"}],"wp:attachment":[{"href":"https:\/\/radiorevelacionfm.cl\/index.php?rest_route=%2Fwp%2Fv2%2Fmedia&parent=25657"}],"wp:term":[{"taxonomy":"category","embeddable":true,"href":"https:\/\/radiorevelacionfm.cl\/index.php?rest_route=%2Fwp%2Fv2%2Fcategories&post=25657"},{"taxonomy":"post_tag","embeddable":true,"href":"https:\/\/radiorevelacionfm.cl\/index.php?rest_route=%2Fwp%2Fv2%2Ftags&post=25657"}],"curies":[{"name":"wp","href":"https:\/\/api.w.org\/{rel}","templated":true}]}}