{"id":25653,"date":"2022-12-21T09:59:15","date_gmt":"2022-12-21T12:59:15","guid":{"rendered":"https:\/\/radiorevelacionfm.cl\/?p=25653"},"modified":"2022-12-21T09:59:15","modified_gmt":"2022-12-21T12:59:15","slug":"refuerzan-llamado-a-abrir-la-puerta-y-responder-encuesta-casen-2022","status":"publish","type":"post","link":"https:\/\/radiorevelacionfm.cl\/?p=25653","title":{"rendered":"Refuerzan llamado a abrir la puerta y responder encuesta Casen 2022"},"content":{"rendered":"<div class=\"flex_column av_one_full  flex_column_div av-zero-column-padding first  avia-builder-el-0  el_before_av_one_full  avia-builder-el-first  \" style='border-radius:0px; '><div  class='avia-image-container  av-styling-    avia-builder-el-1  avia-builder-el-no-sibling  avia-align-center '  itemprop=\"image\" itemscope=\"itemscope\" itemtype=\"https:\/\/schema.org\/ImageObject\"  ><div class='avia-image-container-inner'><div class='avia-image-overlay-wrap'><img decoding=\"async\" class='wp-image-25697 avia-img-lazy-loading-not-25697 avia_image' src=\"https:\/\/radiorevelacionfm.cl\/wp-content\/uploads\/2022\/12\/2-55-1-1.jpeg\" alt='' title='2 (55) (1) (1)' height=\"600\" width=\"800\"  itemprop=\"thumbnailUrl\" srcset=\"https:\/\/radiorevelacionfm.cl\/wp-content\/uploads\/2022\/12\/2-55-1-1.jpeg 800w, https:\/\/radiorevelacionfm.cl\/wp-content\/uploads\/2022\/12\/2-55-1-1-300x225.jpeg 300w, https:\/\/radiorevelacionfm.cl\/wp-content\/uploads\/2022\/12\/2-55-1-1-768x576.jpeg 768w, https:\/\/radiorevelacionfm.cl\/wp-content\/uploads\/2022\/12\/2-55-1-1-705x529.jpeg 705w, https:\/\/radiorevelacionfm.cl\/wp-content\/uploads\/2022\/12\/2-55-1-1-600x450.jpeg 600w\" sizes=\"(max-width: 800px) 100vw, 800px\" \/><\/div><\/div><\/div><\/div><div class=\"flex_column av_one_full  flex_column_div av-zero-column-padding first  avia-builder-el-2  el_after_av_one_full  el_before_av_one_full  column-top-margin\" style='border-radius:0px; '><section class=\"av_textblock_section \"  itemscope=\"itemscope\" itemtype=\"https:\/\/schema.org\/BlogPosting\" itemprop=\"blogPost\" ><div class='avia_textblock  '   itemprop=\"text\" ><p style=\"text-align: center;\"><span style=\"font-size: 18pt;\"><strong>Refuerzan llamado a abrir la puerta y responder encuesta Casen 2022<\/strong><\/span><\/p>\n<div id=\"gtx-trans\" style=\"position: absolute; left: -50px; top: 4.31534px;\">\n<div class=\"gtx-trans-icon\"><\/div>\n<\/div>\n<\/div><\/section><\/div><\/p>\n<div class=\"flex_column av_one_full  flex_column_div av-zero-column-padding first  avia-builder-el-4  el_after_av_one_full  el_before_av_hr  column-top-margin\" style='border-radius:0px; '><section class=\"av_textblock_section \"  itemscope=\"itemscope\" itemtype=\"https:\/\/schema.org\/BlogPosting\" itemprop=\"blogPost\" ><div class='avia_textblock  '   itemprop=\"text\" ><p style=\"text-align: justify;\">Con el eslogan \u201cCon tus respuestas construimos Chile\u201d se invit\u00f3 a la comunidad a participar de la encuesta de Caracterizaci\u00f3n Socioecon\u00f3mica (Casen) 2022, principal instrumento para el dise\u00f1o y evaluaci\u00f3n de la pol\u00edtica social del pa\u00eds que se est\u00e1 aplicando desde este 1\u00b0 noviembre y hasta el 31 de enero del 2023. Seg\u00fan las autoridades regionales el avance regional es m\u00e1s alto que la media nacional, no obstante existe una tasa de rechazo que se espera revertir entendiendo que este \u201ces el \u00fanico instrumento post pandemia que mide la pobreza multidimensional y que vuelve a ser presencial despu\u00e9s del 2017 y su \u00faltima aplicaci\u00f3n telef\u00f3nica en el 2020\u201d.<\/p>\n<p style=\"text-align: justify;\">Rodrigo Araya, Delegado Presidencial de la Regi\u00f3n de Ays\u00e9n, explic\u00f3 que la importancia de este instrumento que es aplicado cada 2 o 3 a\u00f1os y que va en su 15\u00aa versi\u00f3n en nuestro pa\u00eds\u00a0 radica en que permite retratar e identificar la pobreza multidimensional que existe en Chile. \u201cEsta es una encuesta que se est\u00e1 realizando en todo el pa\u00eds y en nuestro territorio considera a 2070 familias que deben ser encuestadas y que tiene como caracter\u00edstica especial, a diferencia de la aplicada el 2020 de manera telef\u00f3nica, el que vuelve a ser presencial al igual que la del 2017 para poder contar con informaci\u00f3n m\u00e1s fidedigna posible y para eso es imprescindible que las personas sepan de la importancia de esta encuesta, abran sus puestas y participen de ella\u201d.<\/p>\n<p style=\"text-align: justify;\">Por su parte, Karina Acevedo Auad, Seremi de Desarrollo Social y Familia de Ays\u00e9n, enfatiz\u00f3 que esta es la encuesta \u201cmadre\u201d para toda la generaci\u00f3n de pol\u00edticas p\u00fablicas a nivel pa\u00eds y que levanta todas las caracter\u00edsticas socioecon\u00f3micas y las diferentes dimensiones de la pobreza en Chile. \u201cPor eso le pedimos a la comunidad que abra sus puertas, va a llegar un encuestador \u00a0con credencial y tablet debidamente identificados, si a\u00fan tiene dudas puede ingresar \u00a0a <a href=\"http:\/\/www.casen2022.cl\">www.casen2022.cl<\/a> el RUT del encuestador. Es sumamente importante que la comunidad sepa que este es un instrumento estad\u00edstico an\u00f3nimo, no tiene que ver con el Registro Social de Hogares y no tiene relaci\u00f3n alguna con la obtenci\u00f3n o p\u00e9rdida de un beneficio, sino que se utiliza para dise\u00f1ar las pol\u00edticas p\u00fablicas de nuestro pa\u00eds\u201d.<\/p>\n<p style=\"text-align: justify;\">En esa misma l\u00ednea, Tatiana Pla, Seremi de Gobierno de la Regi\u00f3n de Ays\u00e9n, reitero que la encuesta de caracterizaci\u00f3n socioecon\u00f3mica nacional no posee representatividad comunal y mide factores de nuestra sociedad en su conjunto, diferenciando zonas geogr\u00e1ficas urbanas y rurales adem\u00e1s de niveles regionales, permitiendo as\u00ed planificar los pr\u00f3ximos a\u00f1os de esfuerzos fiscales. \u201cHay protocolos sanitarios respecto a la aplicaci\u00f3n, no es obligatorio el ingreso a su hogar e incluso se puede solicitar las credenciales, lo importante que nuestra comunidad est\u00e9 tranquila y sepa que las personas que levantan la informaci\u00f3n son encuestadores oficiales preparados para impartir la encuesta\u201d.<\/p>\n<p style=\"text-align: justify;\">Finalmente, cabe destacar que la CASEN sirve para evaluar el impacto de la pol\u00edtica social: estimar la cobertura, la focalizaci\u00f3n y la distribuci\u00f3n del gasto fiscal de los principales programas sociales y que en nuestro pa\u00eds la realiza el Ministerio de Desarrollo Social y Familia con los organismos ejecutores como el INE, la Universidad de Chile, Cadem, entre otros y, que \u00a0a diferencia al 2020 y plena pandemia, la aplicaci\u00f3n de la encuesta Casen 2022 se realizar\u00e1 de manera presencial y confidencial, sujeta al secreto estad\u00edstico regido por la Ley N\u00b017.374.<\/p>\n<\/div><\/section><\/div>\n<div  style='height:50px' class='hr hr-invisible   avia-builder-el-6  el_after_av_one_full  el_before_av_social_share '><span class='hr-inner ' ><span class='hr-inner-style'><\/span><\/span><\/div>\n<div  class='av-social-sharing-box  avia-builder-el-7  el_after_av_hr  el_before_av_hr  '><div class='av-share-box'><h5 class='av-share-link-description av-no-toc '>Compartir esta noticia<\/h5><ul class='av-share-box-list noLightbox'><li class='av-share-link av-social-link-facebook' ><a target=\"_blank\" aria-label=\"Compartir en Facebook\" href='https:\/\/www.facebook.com\/sharer.php?u=https:\/\/radiorevelacionfm.cl\/?p=25653&#038;t=Refuerzan%20llamado%20a%20abrir%20la%20puerta%20y%20responder%20encuesta%20Casen%202022' aria-hidden='false' data-av_icon='\ue8f3' data-av_iconfont='entypo-fontello' title='' data-avia-related-tooltip='Compartir en Facebook' rel=\"noopener\"><span class='avia_hidden_link_text'>Compartir en Facebook<\/span><\/a><\/li><li class='av-share-link av-social-link-twitter' ><a target=\"_blank\" aria-label=\"Compartir en Twitter\" href='https:\/\/twitter.com\/share?text=Refuerzan%20llamado%20a%20abrir%20la%20puerta%20y%20responder%20encuesta%20Casen%202022&#038;url=https:\/\/radiorevelacionfm.cl\/?p=25653' aria-hidden='false' data-av_icon='\ue8f1' data-av_iconfont='entypo-fontello' title='' data-avia-related-tooltip='Compartir en Twitter' rel=\"noopener\"><span class='avia_hidden_link_text'>Compartir en Twitter<\/span><\/a><\/li><li class='av-share-link av-social-link-whatsapp' ><a target=\"_blank\" aria-label=\"Compartir en Whatsapp\" href='https:\/\/api.whatsapp.com\/send?text=https:\/\/radiorevelacionfm.cl\/?p=25653' aria-hidden='false' data-av_icon='\uf232' data-av_iconfont='entypo-fontello' title='' data-avia-related-tooltip='Compartir en Whatsapp' rel=\"noopener\"><span class='avia_hidden_link_text'>Compartir en Whatsapp<\/span><\/a><\/li><li class='av-share-link av-social-link-linkedin' ><a target=\"_blank\" aria-label=\"Compartir en LinkedIn\" href='https:\/\/linkedin.com\/shareArticle?mini=true&#038;title=Refuerzan%20llamado%20a%20abrir%20la%20puerta%20y%20responder%20encuesta%20Casen%202022&#038;url=https:\/\/radiorevelacionfm.cl\/?p=25653' aria-hidden='false' data-av_icon='\ue8fc' data-av_iconfont='entypo-fontello' title='' data-avia-related-tooltip='Compartir en LinkedIn' rel=\"noopener\"><span class='avia_hidden_link_text'>Compartir en LinkedIn<\/span><\/a><\/li><li class='av-share-link av-social-link-mail' ><a  aria-label=\"Compartir por correo\" href='mailto:?subject=Refuerzan%20llamado%20a%20abrir%20la%20puerta%20y%20responder%20encuesta%20Casen%202022&#038;body=https:\/\/radiorevelacionfm.cl\/?p=25653' aria-hidden='false' data-av_icon='\ue805' data-av_iconfont='entypo-fontello' title='' data-avia-related-tooltip='Compartir por correo'><span class='avia_hidden_link_text'>Compartir por correo<\/span><\/a><\/li><\/ul><\/div><\/div>\n<div  style='height:50px' class='hr hr-invisible   avia-builder-el-8  el_after_av_social_share  el_before_av_comments_list '><span class='hr-inner ' ><span class='hr-inner-style'><\/span><\/span><\/div>\n<div  class='av-buildercomment  av-blog-meta-html-info-disabled av-blog-meta-tag-disabled  '><\/div>\n","protected":false},"excerpt":{"rendered":"","protected":false},"author":1,"featured_media":25697,"comment_status":"open","ping_status":"open","sticky":false,"template":"","format":"standard","meta":{"footnotes":""},"categories":[38],"tags":[],"class_list":["post-25653","post","type-post","status-publish","format-standard","has-post-thumbnail","hentry","category-regional"],"jetpack_featured_media_url":"https:\/\/radiorevelacionfm.cl\/wp-content\/uploads\/2022\/12\/2-55-1-1.jpeg","_links":{"self":[{"href":"https:\/\/radiorevelacionfm.cl\/index.php?rest_route=\/wp\/v2\/posts\/25653","targetHints":{"allow":["GET"]}}],"collection":[{"href":"https:\/\/radiorevelacionfm.cl\/index.php?rest_route=\/wp\/v2\/posts"}],"about":[{"href":"https:\/\/radiorevelacionfm.cl\/index.php?rest_route=\/wp\/v2\/types\/post"}],"author":[{"embeddable":true,"href":"https:\/\/radiorevelacionfm.cl\/index.php?rest_route=\/wp\/v2\/users\/1"}],"replies":[{"embeddable":true,"href":"https:\/\/radiorevelacionfm.cl\/index.php?rest_route=%2Fwp%2Fv2%2Fcomments&post=25653"}],"version-history":[{"count":3,"href":"https:\/\/radiorevelacionfm.cl\/index.php?rest_route=\/wp\/v2\/posts\/25653\/revisions"}],"predecessor-version":[{"id":25699,"href":"https:\/\/radiorevelacionfm.cl\/index.php?rest_route=\/wp\/v2\/posts\/25653\/revisions\/25699"}],"wp:featuredmedia":[{"embeddable":true,"href":"https:\/\/radiorevelacionfm.cl\/index.php?rest_route=\/wp\/v2\/media\/25697"}],"wp:attachment":[{"href":"https:\/\/radiorevelacionfm.cl\/index.php?rest_route=%2Fwp%2Fv2%2Fmedia&parent=25653"}],"wp:term":[{"taxonomy":"category","embeddable":true,"href":"https:\/\/radiorevelacionfm.cl\/index.php?rest_route=%2Fwp%2Fv2%2Fcategories&post=25653"},{"taxonomy":"post_tag","embeddable":true,"href":"https:\/\/radiorevelacionfm.cl\/index.php?rest_route=%2Fwp%2Fv2%2Ftags&post=25653"}],"curies":[{"name":"wp","href":"https:\/\/api.w.org\/{rel}","templated":true}]}}