{"id":25650,"date":"2022-12-20T15:00:42","date_gmt":"2022-12-20T18:00:42","guid":{"rendered":"https:\/\/radiorevelacionfm.cl\/?p=25650"},"modified":"2022-12-20T15:00:42","modified_gmt":"2022-12-20T18:00:42","slug":"guaitecas-efectua-actividad-con-foco-en-rescate-del-patrimonio-inmaterial-y-memoria-islena","status":"publish","type":"post","link":"https:\/\/radiorevelacionfm.cl\/?p=25650","title":{"rendered":"Guaitecas efect\u00faa actividad con foco en rescate del patrimonio inmaterial y memoria isle\u00f1a"},"content":{"rendered":"<div class=\"flex_column av_one_full  flex_column_div av-zero-column-padding first  avia-builder-el-0  el_before_av_one_full  avia-builder-el-first  \" style='border-radius:0px; '><div  class='avia-image-container  av-styling-    avia-builder-el-1  avia-builder-el-no-sibling  avia-align-center '  itemprop=\"image\" itemscope=\"itemscope\" itemtype=\"https:\/\/schema.org\/ImageObject\"  ><div class='avia-image-container-inner'><div class='avia-image-overlay-wrap'><img decoding=\"async\" class='wp-image-25651 avia-img-lazy-loading-not-25651 avia_image' src=\"https:\/\/radiorevelacionfm.cl\/wp-content\/uploads\/2022\/12\/Taller-de-Arpillera-Foto-4-1-1.jpeg\" alt='' title='Taller de Arpillera - Foto 4 (1) (1)' height=\"600\" width=\"1333\"  itemprop=\"thumbnailUrl\" srcset=\"https:\/\/radiorevelacionfm.cl\/wp-content\/uploads\/2022\/12\/Taller-de-Arpillera-Foto-4-1-1.jpeg 1333w, https:\/\/radiorevelacionfm.cl\/wp-content\/uploads\/2022\/12\/Taller-de-Arpillera-Foto-4-1-1-300x135.jpeg 300w, https:\/\/radiorevelacionfm.cl\/wp-content\/uploads\/2022\/12\/Taller-de-Arpillera-Foto-4-1-1-1030x464.jpeg 1030w, https:\/\/radiorevelacionfm.cl\/wp-content\/uploads\/2022\/12\/Taller-de-Arpillera-Foto-4-1-1-768x346.jpeg 768w, https:\/\/radiorevelacionfm.cl\/wp-content\/uploads\/2022\/12\/Taller-de-Arpillera-Foto-4-1-1-705x317.jpeg 705w, https:\/\/radiorevelacionfm.cl\/wp-content\/uploads\/2022\/12\/Taller-de-Arpillera-Foto-4-1-1-600x270.jpeg 600w\" sizes=\"(max-width: 1333px) 100vw, 1333px\" \/><\/div><\/div><\/div><\/div><div class=\"flex_column av_one_full  flex_column_div av-zero-column-padding first  avia-builder-el-2  el_after_av_one_full  el_before_av_one_full  column-top-margin\" style='border-radius:0px; '><section class=\"av_textblock_section \"  itemscope=\"itemscope\" itemtype=\"https:\/\/schema.org\/BlogPosting\" itemprop=\"blogPost\" ><div class='avia_textblock  '   itemprop=\"text\" ><p style=\"text-align: center;\"><span style=\"font-size: 18pt;\"><b><span lang=\"ES-MX\">Guaitecas efect\u00faa actividad con foco en rescate del patrimonio inmaterial y memoria isle\u00f1a<\/span><\/b><\/span><\/p>\n<div id=\"gtx-trans\" style=\"position: absolute; left: -50px; top: 4.31534px;\">\n<div class=\"gtx-trans-icon\"><\/div>\n<\/div>\n<\/div><\/section><\/div><div class=\"flex_column av_one_full  flex_column_div av-zero-column-padding first  avia-builder-el-4  el_after_av_one_full  el_before_av_hr  column-top-margin\" style='border-radius:0px; '><section class=\"av_textblock_section \"  itemscope=\"itemscope\" itemtype=\"https:\/\/schema.org\/BlogPosting\" itemprop=\"blogPost\" ><div class='avia_textblock  '   itemprop=\"text\" ><p style=\"font-weight: 400; text-align: justify;\">El proyecto titulado \u201cSaberes y ra\u00edces culturales de Guaitecas\u201d, a cargo de la Municipalidad de Guaitecas, tuvo lugar hace unos d\u00edas en el Centro Cultural\u00a0Ascensi\u00f3n\u00a0e involucr\u00f3 nociones de talleristas, audiovisuales y la participaci\u00f3n de la ciudadan\u00eda en un arduo proceso de rescate y conservaci\u00f3n de la memoria isle\u00f1a.<\/p>\n<p style=\"font-weight: 400; text-align: justify;\">Luego de varias sesiones acaecidas a principio de agosto entre la mesa comunal de Organizaciones Culturales Comunitarias (OCC) y el municipio, se propuso como objetivo fortalecer las pr\u00e1cticas tradicionales mediante la circulaci\u00f3n de oficios y puesta en escena del patrimonio inmaterial. La idea presentada en la l\u00ednea de Iniciativas Culturales Asociativas (ICA) del programa Fortalecimiento de la Identidad Cultural Regional (FICR), fue acogida con entusiasmo.<\/p>\n<p style=\"font-weight: 400; text-align: justify;\">El esfuerzo intersectorial que involucr\u00f3 talleres de manila, arpillera, tejueler\u00eda, creaci\u00f3n de m\u00fasica popular y rescate de memoria oral, implic\u00f3 un impacto directo en las nuevas generaciones y personas mayores, convirti\u00e9ndose estas \u00faltimas en fuente de sabidur\u00eda al constituir los pilares fundacionales de Guaitecas, tanto en sus costumbres como identidad.<\/p>\n<p style=\"font-weight: 400; text-align: justify;\">\u201cEn este sentido, el proyecto viene a generar una sinergia positiva en cuanto a compartir saberes, dar espacio a la creatividad, a los talentos existentes en la comuna y poner en escena una obra teatral que fue realmente significativa para los participantes. Lo mismo el poder establecer los relatos que se dan a trav\u00e9s de las arpilleras en esa expresi\u00f3n creativa de color y composici\u00f3n. Y por otro lado, todo lo relacionado con los oficios tradicionales que vienen a revitalizar la experiencia de antepasados y personas mayores que a\u00fan tienen esta pr\u00e1ctica, que a\u00fan comercializan tejuelas, construyen veleros y desarrollan artesan\u00eda a trav\u00e9s de una fibra que puede pasar inadvertida como es la manila\u201d, coment\u00f3 la encargada de Cultura de Guaitecas, Lorena Gonz\u00e1lez.<\/p>\n<p style=\"font-weight: 400; text-align: justify;\">Otro eje fundamental en la instancia, fue la instalaci\u00f3n de tem\u00e1ticas de g\u00e9nero. \u201cEste ICA tuvo como foco tambi\u00e9n revitalizar las historias de mujeres de Guaitecas\u201d se\u00f1al\u00f3 Felipe Quiroz, seremi de Culturas Ays\u00e9n. \u201cA trav\u00e9s del trabajo de arpilleras intentaron relevar el pasado hist\u00f3rico y cotidiano de las mujeres que habitaron la isla, y la recuperaci\u00f3n de saberes y formas tradicionales\u201d. El seremi tambi\u00e9n enfatiz\u00f3 la participaci\u00f3n de Ram\u00f3n Carimoney, Tesoro Humano Vivo, en el taller de tejueler\u00eda; y Octavio Chiguay, al traspasar nociones de la carpinter\u00eda de rivera en la salvaguarda del patrimonio local.<\/p>\n<p style=\"font-weight: 400; text-align: justify;\">Respecto a los procesos formativos en que participaron moradores y una familia del zonal, la monitora del taller de teatro, Mar\u00eda Aguilar explica que \u201cpudieron aprender de la historia de Guaitecas, otros pudieron agregar m\u00e1s conocimientos del que ya ten\u00edan o resolver dudas, (adem\u00e1s) la familia que particip\u00f3 mostr\u00f3 orgullosamente su historia\u201d.<\/p>\n<p style=\"font-weight: 400; text-align: justify;\">En tanto, la encargada del taller de arpillera, Hilda Ruiz, puso la atenci\u00f3n en los beneficios que trae para j\u00f3venes, ni\u00f1os y ni\u00f1as identificar su pasado. \u201cFue un rescate bueno el saber los oficios ancestrales, porque la cholga seca ya no se hace, solo queda una familia que teje manila, la extracci\u00f3n de cipr\u00e9s poco se hace. Entonces fue s\u00faper importante rescatar y dar a conocer a las nuevas generaciones que eso no puede perderse\u201d.<\/p>\n<p style=\"font-weight: 400; text-align: justify;\">Finalmente, la encargada de Cultura de Guaitecas puso sobre la palestra que \u201cdesaf\u00edos como estos son los que hacen territorio, los que fortalecen la comunidad, los que dan un sello identitario a los territorios y un sentido de vida, porque en la medida que van reconoci\u00e9ndose las ra\u00edces, tambi\u00e9n pueden proyectarse con orgullo los saberes y poner en valor d\u00eda a d\u00eda cada\u201d.<\/p>\n<\/div><\/section><\/div><div  style='height:50px' class='hr hr-invisible   avia-builder-el-6  el_after_av_one_full  el_before_av_social_share '><span class='hr-inner ' ><span class='hr-inner-style'><\/span><\/span><\/div><\/p>\n<div  class='av-social-sharing-box  avia-builder-el-7  el_after_av_hr  el_before_av_hr  '><div class='av-share-box'><h5 class='av-share-link-description av-no-toc '>Compartir esta noticia<\/h5><ul class='av-share-box-list noLightbox'><li class='av-share-link av-social-link-facebook' ><a target=\"_blank\" aria-label=\"Compartir en Facebook\" href='https:\/\/www.facebook.com\/sharer.php?u=https:\/\/radiorevelacionfm.cl\/?p=25650&#038;t=Guaitecas%20efect%C3%BAa%20actividad%20con%20foco%20en%20rescate%20del%20patrimonio%20inmaterial%20y%20memoria%20isle%C3%B1a' aria-hidden='false' data-av_icon='\ue8f3' data-av_iconfont='entypo-fontello' title='' data-avia-related-tooltip='Compartir en Facebook' rel=\"noopener\"><span class='avia_hidden_link_text'>Compartir en Facebook<\/span><\/a><\/li><li class='av-share-link av-social-link-twitter' ><a target=\"_blank\" aria-label=\"Compartir en Twitter\" href='https:\/\/twitter.com\/share?text=Guaitecas%20efect%C3%BAa%20actividad%20con%20foco%20en%20rescate%20del%20patrimonio%20inmaterial%20y%20memoria%20isle%C3%B1a&#038;url=https:\/\/radiorevelacionfm.cl\/?p=25650' aria-hidden='false' data-av_icon='\ue8f1' data-av_iconfont='entypo-fontello' title='' data-avia-related-tooltip='Compartir en Twitter' rel=\"noopener\"><span class='avia_hidden_link_text'>Compartir en Twitter<\/span><\/a><\/li><li class='av-share-link av-social-link-whatsapp' ><a target=\"_blank\" aria-label=\"Compartir en Whatsapp\" href='https:\/\/api.whatsapp.com\/send?text=https:\/\/radiorevelacionfm.cl\/?p=25650' aria-hidden='false' data-av_icon='\uf232' data-av_iconfont='entypo-fontello' title='' data-avia-related-tooltip='Compartir en Whatsapp' rel=\"noopener\"><span class='avia_hidden_link_text'>Compartir en Whatsapp<\/span><\/a><\/li><li class='av-share-link av-social-link-linkedin' ><a target=\"_blank\" aria-label=\"Compartir en LinkedIn\" href='https:\/\/linkedin.com\/shareArticle?mini=true&#038;title=Guaitecas%20efect%C3%BAa%20actividad%20con%20foco%20en%20rescate%20del%20patrimonio%20inmaterial%20y%20memoria%20isle%C3%B1a&#038;url=https:\/\/radiorevelacionfm.cl\/?p=25650' aria-hidden='false' data-av_icon='\ue8fc' data-av_iconfont='entypo-fontello' title='' data-avia-related-tooltip='Compartir en LinkedIn' rel=\"noopener\"><span class='avia_hidden_link_text'>Compartir en LinkedIn<\/span><\/a><\/li><li class='av-share-link av-social-link-mail' ><a  aria-label=\"Compartir por correo\" href='mailto:?subject=Guaitecas%20efect%C3%BAa%20actividad%20con%20foco%20en%20rescate%20del%20patrimonio%20inmaterial%20y%20memoria%20isle%C3%B1a&#038;body=https:\/\/radiorevelacionfm.cl\/?p=25650' aria-hidden='false' data-av_icon='\ue805' data-av_iconfont='entypo-fontello' title='' data-avia-related-tooltip='Compartir por correo'><span class='avia_hidden_link_text'>Compartir por correo<\/span><\/a><\/li><\/ul><\/div><\/div>\n<div  style='height:50px' class='hr hr-invisible   avia-builder-el-8  el_after_av_social_share  el_before_av_comments_list '><span class='hr-inner ' ><span class='hr-inner-style'><\/span><\/span><\/div>\n<div  class='av-buildercomment  av-blog-meta-html-info-disabled av-blog-meta-tag-disabled  '><\/div>\n","protected":false},"excerpt":{"rendered":"","protected":false},"author":1,"featured_media":25651,"comment_status":"open","ping_status":"open","sticky":false,"template":"","format":"standard","meta":{"footnotes":""},"categories":[52],"tags":[],"class_list":["post-25650","post","type-post","status-publish","format-standard","has-post-thumbnail","hentry","category-cultura"],"jetpack_featured_media_url":"https:\/\/radiorevelacionfm.cl\/wp-content\/uploads\/2022\/12\/Taller-de-Arpillera-Foto-4-1-1.jpeg","_links":{"self":[{"href":"https:\/\/radiorevelacionfm.cl\/index.php?rest_route=\/wp\/v2\/posts\/25650","targetHints":{"allow":["GET"]}}],"collection":[{"href":"https:\/\/radiorevelacionfm.cl\/index.php?rest_route=\/wp\/v2\/posts"}],"about":[{"href":"https:\/\/radiorevelacionfm.cl\/index.php?rest_route=\/wp\/v2\/types\/post"}],"author":[{"embeddable":true,"href":"https:\/\/radiorevelacionfm.cl\/index.php?rest_route=\/wp\/v2\/users\/1"}],"replies":[{"embeddable":true,"href":"https:\/\/radiorevelacionfm.cl\/index.php?rest_route=%2Fwp%2Fv2%2Fcomments&post=25650"}],"version-history":[{"count":2,"href":"https:\/\/radiorevelacionfm.cl\/index.php?rest_route=\/wp\/v2\/posts\/25650\/revisions"}],"predecessor-version":[{"id":25656,"href":"https:\/\/radiorevelacionfm.cl\/index.php?rest_route=\/wp\/v2\/posts\/25650\/revisions\/25656"}],"wp:featuredmedia":[{"embeddable":true,"href":"https:\/\/radiorevelacionfm.cl\/index.php?rest_route=\/wp\/v2\/media\/25651"}],"wp:attachment":[{"href":"https:\/\/radiorevelacionfm.cl\/index.php?rest_route=%2Fwp%2Fv2%2Fmedia&parent=25650"}],"wp:term":[{"taxonomy":"category","embeddable":true,"href":"https:\/\/radiorevelacionfm.cl\/index.php?rest_route=%2Fwp%2Fv2%2Fcategories&post=25650"},{"taxonomy":"post_tag","embeddable":true,"href":"https:\/\/radiorevelacionfm.cl\/index.php?rest_route=%2Fwp%2Fv2%2Ftags&post=25650"}],"curies":[{"name":"wp","href":"https:\/\/api.w.org\/{rel}","templated":true}]}}