{"id":2565,"date":"2021-02-12T15:53:15","date_gmt":"2021-02-12T18:53:15","guid":{"rendered":"https:\/\/radiorevelacionfm.cl\/?p=2565"},"modified":"2021-02-12T16:26:05","modified_gmt":"2021-02-12T19:26:05","slug":"autoridad-sanitaria-denuncia-mal-trato-y-actos-xenofobicos-a-funcionarios-en-punto-de-control-de-ingreso-a-la-region-de-aysen","status":"publish","type":"post","link":"https:\/\/radiorevelacionfm.cl\/?p=2565","title":{"rendered":"Autoridad Sanitaria denuncia mal trato y actos xenof\u00f3bicos a funcionarios en Punto de Control de ingreso a la Regi\u00f3n de Ays\u00e9n"},"content":{"rendered":"<div class=\"flex_column av_one_full  flex_column_div av-zero-column-padding first  avia-builder-el-0  el_before_av_one_full  avia-builder-el-first  \" style='border-radius:0px; '><div  class='avia-image-container  av-styling-    avia-builder-el-1  avia-builder-el-no-sibling  avia-align-center '  itemprop=\"image\" itemscope=\"itemscope\" itemtype=\"https:\/\/schema.org\/ImageObject\"  ><div class='avia-image-container-inner'><div class='avia-image-overlay-wrap'><img decoding=\"async\" class='wp-image-2566 avia-img-lazy-loading-not-2566 avia_image' src=\"https:\/\/radiorevelacionfm.cl\/wp-content\/uploads\/2021\/02\/PASO-FRONTERIZO-1.jpg\" alt='' title='PASO-FRONTERIZO (1)' height=\"768\" width=\"1024\"  itemprop=\"thumbnailUrl\" srcset=\"https:\/\/radiorevelacionfm.cl\/wp-content\/uploads\/2021\/02\/PASO-FRONTERIZO-1.jpg 1024w, https:\/\/radiorevelacionfm.cl\/wp-content\/uploads\/2021\/02\/PASO-FRONTERIZO-1-300x225.jpg 300w, https:\/\/radiorevelacionfm.cl\/wp-content\/uploads\/2021\/02\/PASO-FRONTERIZO-1-768x576.jpg 768w, https:\/\/radiorevelacionfm.cl\/wp-content\/uploads\/2021\/02\/PASO-FRONTERIZO-1-705x529.jpg 705w, https:\/\/radiorevelacionfm.cl\/wp-content\/uploads\/2021\/02\/PASO-FRONTERIZO-1-600x450.jpg 600w\" sizes=\"(max-width: 1024px) 100vw, 1024px\" \/><\/div><\/div><\/div><\/div>\n<div class=\"flex_column av_one_full  flex_column_div av-zero-column-padding first  avia-builder-el-2  el_after_av_one_full  el_before_av_one_full  column-top-margin\" style='border-radius:0px; '><section class=\"av_textblock_section \"  itemscope=\"itemscope\" itemtype=\"https:\/\/schema.org\/BlogPosting\" itemprop=\"blogPost\" ><div class='avia_textblock  '   itemprop=\"text\" ><p style=\"text-align: center;\"><strong><span style=\"font-size: 18pt;\">Autoridad Sanitaria denuncia mal trato y actos xenof\u00f3bicos a funcionarios en Punto de Control de ingreso a la Regi\u00f3n de Ays\u00e9n<\/span><\/strong><\/p>\n<div id=\"gtx-trans\" style=\"position: absolute; left: -50px; top: 4.31534px;\">\n<div class=\"gtx-trans-icon\"><\/div>\n<\/div>\n<\/div><\/section><\/div>\n<div class=\"flex_column av_one_full  flex_column_div av-zero-column-padding first  avia-builder-el-4  el_after_av_one_full  el_before_av_hr  column-top-margin\" style='border-radius:0px; '><section class=\"av_textblock_section \"  itemscope=\"itemscope\" itemtype=\"https:\/\/schema.org\/BlogPosting\" itemprop=\"blogPost\" ><div class='avia_textblock  '   itemprop=\"text\" ><p style=\"text-align: justify;\"><em>El pasado 10 de febrero,\u00a0 en el Paso Fronterizo \u00a0Huemules de Balmaceda, fiscalizadores fueron insultados verbalmente por un transportista que ingresaba al territorio. La Autoridad anunci\u00f3 el inicio de acciones legales en resguardo de sus trabajadores.<\/em><\/p>\n<p style=\"text-align: justify;\">Un lamentable incidente vivieron dos funcionarios de la Autoridad Sanitaria, \u00a0luego de que un transportista que ingresaba a la regi\u00f3n y, tras no poder justificar la presencia de un acompa\u00f1ante en su cabina al momento de entrar al territorio, comenzara a insultarlos en pleno control sanitario, ubicado en el paso fronterizo Huemules, en Balmaceda.<\/p>\n<p style=\"text-align: justify;\">\u201cEl hombre, \u00a0al no poder justificar con alg\u00fan contrato laboral la presencia de su acompa\u00f1ante como copiloto, comenz\u00f3 a insultar a nuestros funcionarios, uno de ellos de nacionalidad venezolana, ocasi\u00f3n en el que el transportista se refiri\u00f3 a la funcionaria con dichos xenof\u00f3bicos e insultos de alto calibre. El hombre se ensa\u00f1\u00f3 con nuestros trabajadores y no par\u00f3 de descalificarlos por cerca de 45 minutos, tiempo en que se le cursaba el sumario respectivo\u201d, manifest\u00f3 Jos\u00e9 Daniel Barr\u00eda, Jefe del Departamento de Acci\u00f3n Sanitaria de la Seremi de Salud y responsable de todos los puntos de control e ingreso de personas a la regi\u00f3n en esta pandemia.<\/p>\n<p style=\"text-align: justify;\">Barr\u00eda reproch\u00f3 lo ocurrido y entreg\u00f3 \u00a0todos los antecedentes a los asesores jur\u00eddicos de la instituci\u00f3n quienes iniciar\u00e1n acciones legales. \u201cNuestra Seremi de Salud fue informada de esta situaci\u00f3n e instruy\u00f3 entregar todos los antecedentes al Ministerio P\u00fablico. No podemos tolerar este tipo de situaciones que alteran la salud mental y estabilidad laboral de nuestra gente, nos preocupa el nivel de violencia y el poco respeto al trabajo profesional que, a diario, hacemos en resguardo de la salud p\u00fablica regional \u201c, coment\u00f3 el directivo.<\/p>\n<p style=\"text-align: justify;\">Durante esta pandemia han sido reiteradas las ocasiones en que funcionarios de salud han recibido insultos y malos tratos en los diferentes puntos de ingreso a la regi\u00f3n, principalmente porque los usuarios no tienen c\u00f3mo justificar la falta de antecedentes necesarios para ingresar a la regi\u00f3n.\u00a0 Ante esta seguidilla de hechos, la Autoridad Sanitaria plantear\u00e1 esta situaci\u00f3n \u00a0al Ministerio del Interior para controlar que este tipo de situaciones no pongan en riesgo la integridad f\u00edsica y mental de los trabajadores\u00a0 que realizan esta funci\u00f3n, en los 12 puntos de control que existen en el territorio regional . \u201cTenemos todo el apoyo de nuestros fiscalizadores en esta situaci\u00f3n puntual y cualquier otra en la que tengamos los elementos probatorios para hacerlo. No aceptaremos el trato ofensivo, xenof\u00f3bico y menos, la falta de respeto a una mujer que cumple con un mandato e instrucciones amparadas en la normativa vigente\u201d, concluy\u00f3 Jos\u00e9 Daniel Barr\u00eda, quien adem\u00e1s es director nacional de la Federaci\u00f3n de Funcionarios de la Subsecretaria de Salud P\u00fablica.<\/p>\n<\/div><\/section><\/div><div  style='height:50px' class='hr hr-invisible   avia-builder-el-6  el_after_av_one_full  el_before_av_social_share '><span class='hr-inner ' ><span class='hr-inner-style'><\/span><\/span><\/div><\/p>\n<div  class='av-social-sharing-box  avia-builder-el-7  el_after_av_hr  el_before_av_hr  '><div class='av-share-box'><h5 class='av-share-link-description av-no-toc '>Compartir esta noticia<\/h5><ul class='av-share-box-list noLightbox'><li class='av-share-link av-social-link-facebook' ><a target=\"_blank\" aria-label=\"Compartir en Facebook\" href='https:\/\/www.facebook.com\/sharer.php?u=https:\/\/radiorevelacionfm.cl\/?p=2565&#038;t=Autoridad%20Sanitaria%20denuncia%20mal%20trato%20y%20actos%20xenof%C3%B3bicos%20a%20funcionarios%20en%20Punto%20de%20Control%20de%20ingreso%20a%20la%20Regi%C3%B3n%20de%20Ays%C3%A9n' aria-hidden='false' data-av_icon='\ue8f3' data-av_iconfont='entypo-fontello' title='' data-avia-related-tooltip='Compartir en Facebook' rel=\"noopener\"><span class='avia_hidden_link_text'>Compartir en Facebook<\/span><\/a><\/li><li class='av-share-link av-social-link-twitter' ><a target=\"_blank\" aria-label=\"Compartir en Twitter\" href='https:\/\/twitter.com\/share?text=Autoridad%20Sanitaria%20denuncia%20mal%20trato%20y%20actos%20xenof%C3%B3bicos%20a%20funcionarios%20en%20Punto%20de%20Control%20de%20ingreso%20a%20la%20Regi%C3%B3n%20de%20Ays%C3%A9n&#038;url=https:\/\/radiorevelacionfm.cl\/?p=2565' aria-hidden='false' data-av_icon='\ue8f1' data-av_iconfont='entypo-fontello' title='' data-avia-related-tooltip='Compartir en Twitter' rel=\"noopener\"><span class='avia_hidden_link_text'>Compartir en Twitter<\/span><\/a><\/li><li class='av-share-link av-social-link-whatsapp' ><a target=\"_blank\" aria-label=\"Compartir en Whatsapp\" href='https:\/\/api.whatsapp.com\/send?text=https:\/\/radiorevelacionfm.cl\/?p=2565' aria-hidden='false' data-av_icon='\uf232' data-av_iconfont='entypo-fontello' title='' data-avia-related-tooltip='Compartir en Whatsapp' rel=\"noopener\"><span class='avia_hidden_link_text'>Compartir en Whatsapp<\/span><\/a><\/li><li class='av-share-link av-social-link-linkedin' ><a target=\"_blank\" aria-label=\"Compartir en LinkedIn\" href='https:\/\/linkedin.com\/shareArticle?mini=true&#038;title=Autoridad%20Sanitaria%20denuncia%20mal%20trato%20y%20actos%20xenof%C3%B3bicos%20a%20funcionarios%20en%20Punto%20de%20Control%20de%20ingreso%20a%20la%20Regi%C3%B3n%20de%20Ays%C3%A9n&#038;url=https:\/\/radiorevelacionfm.cl\/?p=2565' aria-hidden='false' data-av_icon='\ue8fc' data-av_iconfont='entypo-fontello' title='' data-avia-related-tooltip='Compartir en LinkedIn' rel=\"noopener\"><span class='avia_hidden_link_text'>Compartir en LinkedIn<\/span><\/a><\/li><li class='av-share-link av-social-link-mail' ><a  aria-label=\"Compartir por correo\" href='mailto:?subject=Autoridad%20Sanitaria%20denuncia%20mal%20trato%20y%20actos%20xenof%C3%B3bicos%20a%20funcionarios%20en%20Punto%20de%20Control%20de%20ingreso%20a%20la%20Regi%C3%B3n%20de%20Ays%C3%A9n&#038;body=https:\/\/radiorevelacionfm.cl\/?p=2565' aria-hidden='false' data-av_icon='\ue805' data-av_iconfont='entypo-fontello' title='' data-avia-related-tooltip='Compartir por correo'><span class='avia_hidden_link_text'>Compartir por correo<\/span><\/a><\/li><\/ul><\/div><\/div>\n<div  style='height:50px' class='hr hr-invisible   avia-builder-el-8  el_after_av_social_share  el_before_av_comments_list '><span class='hr-inner ' ><span class='hr-inner-style'><\/span><\/span><\/div>\n<div  class='av-buildercomment  av-blog-meta-html-info-disabled av-blog-meta-tag-disabled  '><\/div>\n","protected":false},"excerpt":{"rendered":"","protected":false},"author":1,"featured_media":2566,"comment_status":"open","ping_status":"open","sticky":false,"template":"","format":"standard","meta":{"footnotes":""},"categories":[46],"tags":[],"class_list":["post-2565","post","type-post","status-publish","format-standard","has-post-thumbnail","hentry","category-salud"],"jetpack_featured_media_url":"https:\/\/radiorevelacionfm.cl\/wp-content\/uploads\/2021\/02\/PASO-FRONTERIZO-1.jpg","_links":{"self":[{"href":"https:\/\/radiorevelacionfm.cl\/index.php?rest_route=\/wp\/v2\/posts\/2565","targetHints":{"allow":["GET"]}}],"collection":[{"href":"https:\/\/radiorevelacionfm.cl\/index.php?rest_route=\/wp\/v2\/posts"}],"about":[{"href":"https:\/\/radiorevelacionfm.cl\/index.php?rest_route=\/wp\/v2\/types\/post"}],"author":[{"embeddable":true,"href":"https:\/\/radiorevelacionfm.cl\/index.php?rest_route=\/wp\/v2\/users\/1"}],"replies":[{"embeddable":true,"href":"https:\/\/radiorevelacionfm.cl\/index.php?rest_route=%2Fwp%2Fv2%2Fcomments&post=2565"}],"version-history":[{"count":2,"href":"https:\/\/radiorevelacionfm.cl\/index.php?rest_route=\/wp\/v2\/posts\/2565\/revisions"}],"predecessor-version":[{"id":2568,"href":"https:\/\/radiorevelacionfm.cl\/index.php?rest_route=\/wp\/v2\/posts\/2565\/revisions\/2568"}],"wp:featuredmedia":[{"embeddable":true,"href":"https:\/\/radiorevelacionfm.cl\/index.php?rest_route=\/wp\/v2\/media\/2566"}],"wp:attachment":[{"href":"https:\/\/radiorevelacionfm.cl\/index.php?rest_route=%2Fwp%2Fv2%2Fmedia&parent=2565"}],"wp:term":[{"taxonomy":"category","embeddable":true,"href":"https:\/\/radiorevelacionfm.cl\/index.php?rest_route=%2Fwp%2Fv2%2Fcategories&post=2565"},{"taxonomy":"post_tag","embeddable":true,"href":"https:\/\/radiorevelacionfm.cl\/index.php?rest_route=%2Fwp%2Fv2%2Ftags&post=2565"}],"curies":[{"name":"wp","href":"https:\/\/api.w.org\/{rel}","templated":true}]}}