{"id":25643,"date":"2022-12-20T11:57:04","date_gmt":"2022-12-20T14:57:04","guid":{"rendered":"https:\/\/radiorevelacionfm.cl\/?p=25643"},"modified":"2022-12-20T11:57:04","modified_gmt":"2022-12-20T14:57:04","slug":"ganadores-del-concurso-ponle-color-a-tus-derechos-recibieron-reconocimiento","status":"publish","type":"post","link":"https:\/\/radiorevelacionfm.cl\/?p=25643","title":{"rendered":"Ganadores del concurso \u00abPonle Color a tus Derechos\u00bb recibieron reconocimiento"},"content":{"rendered":"<div class=\"flex_column av_one_full  flex_column_div av-zero-column-padding first  avia-builder-el-0  el_before_av_one_full  avia-builder-el-first  \" style='border-radius:0px; '><div  class='avia-image-container  av-styling-    avia-builder-el-1  avia-builder-el-no-sibling  avia-align-center '  itemprop=\"image\" itemscope=\"itemscope\" itemtype=\"https:\/\/schema.org\/ImageObject\"  ><div class='avia-image-container-inner'><div class='avia-image-overlay-wrap'><img decoding=\"async\" class='wp-image-25644 avia-img-lazy-loading-not-25644 avia_image' src=\"https:\/\/radiorevelacionfm.cl\/wp-content\/uploads\/2022\/12\/foto-premiacion-concurso-1_optimized.jpg\" alt='' title='foto-premiacion-concurso-(1)_optimized' height=\"600\" width=\"900\"  itemprop=\"thumbnailUrl\" srcset=\"https:\/\/radiorevelacionfm.cl\/wp-content\/uploads\/2022\/12\/foto-premiacion-concurso-1_optimized.jpg 900w, https:\/\/radiorevelacionfm.cl\/wp-content\/uploads\/2022\/12\/foto-premiacion-concurso-1_optimized-300x200.jpg 300w, https:\/\/radiorevelacionfm.cl\/wp-content\/uploads\/2022\/12\/foto-premiacion-concurso-1_optimized-768x512.jpg 768w, https:\/\/radiorevelacionfm.cl\/wp-content\/uploads\/2022\/12\/foto-premiacion-concurso-1_optimized-705x470.jpg 705w, https:\/\/radiorevelacionfm.cl\/wp-content\/uploads\/2022\/12\/foto-premiacion-concurso-1_optimized-600x400.jpg 600w\" sizes=\"(max-width: 900px) 100vw, 900px\" \/><\/div><\/div><\/div><\/div><div class=\"flex_column av_one_full  flex_column_div av-zero-column-padding first  avia-builder-el-2  el_after_av_one_full  el_before_av_one_full  column-top-margin\" style='border-radius:0px; '><section class=\"av_textblock_section \"  itemscope=\"itemscope\" itemtype=\"https:\/\/schema.org\/BlogPosting\" itemprop=\"blogPost\" ><div class='avia_textblock  '   itemprop=\"text\" ><p style=\"text-align: center;\"><strong><span style=\"font-size: 18pt;\">Ganadores del concurso \u00abPonle Color a tus Derechos\u00bb recibieron reconocimiento <\/span><\/strong><\/p>\n<p class=\"v1MsoNormal\" style=\"text-align: center;\"><span style=\"font-size: 18pt;\"><b>\u00a0<\/b><\/span><\/p>\n<div id=\"gtx-trans\" style=\"position: absolute; left: -50px; top: 4.31534px;\">\n<div class=\"gtx-trans-icon\"><\/div>\n<\/div>\n<\/div><\/section><\/div><div class=\"flex_column av_one_full  flex_column_div av-zero-column-padding first  avia-builder-el-4  el_after_av_one_full  el_before_av_hr  column-top-margin\" style='border-radius:0px; '><section class=\"av_textblock_section \"  itemscope=\"itemscope\" itemtype=\"https:\/\/schema.org\/BlogPosting\" itemprop=\"blogPost\" ><div class='avia_textblock  '   itemprop=\"text\" ><p class=\"v1MsoNormal\" style=\"text-align: justify;\">La Comisi\u00f3n de Promoci\u00f3n de Derechos de la jurisdicci\u00f3n Coyhaique realiz\u00f3 -el pasado viernes 16 de diciembre- la premiaci\u00f3n del concurso \u00abPonle Color a tus Derechos\u00bb, instancia que convoc\u00f3 a m\u00e1s de 75 ni\u00f1os de la regi\u00f3n, quienes plasmaron sus derechos a trav\u00e9s de la pintura y el dibujo.<\/p>\n<p class=\"v1MsoNormal\" style=\"text-align: justify;\">La actividad -realizada en la Corte de Apelaciones- fue encabezada por la ministra encargada de Asuntos de Familia de la jurisdicci\u00f3n, Natalia Rencoret Oliva y por la seremi de Desarrollo Social y Familia, Karina Acevedo Auad. Asimismo particip\u00f3 Sergio Becerra Mera, director regional de Mejor Ni\u00f1ez; Fabiola Burgos Meier, coordinadora macrozona sur de la Defensor\u00eda de la Ni\u00f1ez y Maricel Gonz\u00e1lez, coordinadora regional del Programa Mi Abogado.<\/p>\n<p class=\"v1MsoNormal\" style=\"text-align: justify;\">La ministra Natalia Rencoret Oliva sostuvo que \u00abqueremos agradecer a todos los ni\u00f1os, ni\u00f1as y adolescentes que participaron de esta iniciativa, incluso de lugares tan lejanos como Villa La Tapera y por cierto, a sus profesores que lograron incentivarlos para poder cumplir con su objetivo que es que ellos puedan concientizar sus derechos y transmitirlos a sus pares\u00bb.<\/p>\n<p class=\"v1MsoNormal\" style=\"text-align: justify;\">Por su parte, la seremi de Desarrollo Social y Familia, Karina Acevedo Auad, indic\u00f3 que: \u00abEstas instancias nos permiten generar espacios para que nuestros ni\u00f1os puedan expresarse y puedan vivir bajo derecho y protecci\u00f3n del Estado. Ellos son el futuro del pa\u00eds y esperamos que con estas actividades los podamos motivar y sumar a m\u00e1s ni\u00f1os, ni\u00f1as y adolescentes a conocer sus derechos\u00bb.<\/p>\n<p class=\"v1MsoNormal\" style=\"text-align: justify;\">Finalmente, Sergio Becerra Mera, director de Mejor Ni\u00f1ez, se\u00f1al\u00f3 que \u00abestamos muy contentos por haber sido invitados a participar de este concurso que organiz\u00f3 la Corte de Apelaciones de Coyhaique, porque a cada una de las instituciones que formamos parte de esta comisi\u00f3n nos toca un rol importante para tratar de esforzarnos y lograr que para aquellos ni\u00f1os que han sido afectados en sus derechos, ya no ocurra nunca m\u00e1s\u00bb.<\/p>\n<p class=\"v1MsoNormal\" style=\"text-align: justify;\"><b>Ganadores<\/b><\/p>\n<p class=\"v1MsoNormal\" style=\"text-align: justify;\">M\u00e1s de 75 trabajos fueron los que se dieron cita en la primera versi\u00f3n de este concurso de dibujo y pintura, expresiones donde destacaron el derecho a vivir en familia, derecho a recrearse o jugar, derecho a ser protegido, entre otros.<\/p>\n<p class=\"v1MsoNormal\" style=\"text-align: justify;\">1\u00b0 Lugar: Alan Guiovani Haro Aguilar, del Colegio Campos de Hielo de Coyhaique. \u00abDerecho a tener identidad con mi pa\u00eds de origen\u00bb.<\/p>\n<p class=\"v1MsoNormal\" style=\"text-align: justify;\">2\u00b0 Lugar: Josefa Millaray Opitz Cheuquehuala, del Colegio Alborada de Coyhaique. \u00abDerecho a la importancia de nuestra felicidad\u00bb.<\/p>\n<p class=\"v1MsoNormal\" style=\"text-align: justify;\">2\u00b0 Lugar: Pedro Sebasti\u00e1n Co\u00f1uecar Arra\u00f1o, del Colegio Sagrada Familia de Puerto Ays\u00e9n. \u00abDerecho al descanso, juego y esparcimiento\u00bb.<\/p>\n<p class=\"v1MsoNormal\" style=\"text-align: justify;\">3\u00b0 Lugar: Sof\u00eda Bel\u00e9n Paredes Pillancari, del Colegio Alborada de Coyhaique. \u00abDerecho a una buena educaci\u00f3n\u00bb.<\/p>\n<p class=\"v1MsoNormal\" style=\"text-align: justify;\">Adem\u00e1s se entregaron 6 premios por menci\u00f3n honrosa.<\/p>\n<\/div><\/section><\/div><div  style='height:50px' class='hr hr-invisible   avia-builder-el-6  el_after_av_one_full  el_before_av_social_share '><span class='hr-inner ' ><span class='hr-inner-style'><\/span><\/span><\/div><\/p>\n<div  class='av-social-sharing-box  avia-builder-el-7  el_after_av_hr  el_before_av_hr  '><div class='av-share-box'><h5 class='av-share-link-description av-no-toc '>Compartir esta noticia<\/h5><ul class='av-share-box-list noLightbox'><li class='av-share-link av-social-link-facebook' ><a target=\"_blank\" aria-label=\"Compartir en Facebook\" href='https:\/\/www.facebook.com\/sharer.php?u=https:\/\/radiorevelacionfm.cl\/?p=25643&#038;t=Ganadores%20del%20concurso%20%C2%ABPonle%20Color%20a%20tus%20Derechos%C2%BB%20recibieron%20reconocimiento' aria-hidden='false' data-av_icon='\ue8f3' data-av_iconfont='entypo-fontello' title='' data-avia-related-tooltip='Compartir en Facebook' rel=\"noopener\"><span class='avia_hidden_link_text'>Compartir en Facebook<\/span><\/a><\/li><li class='av-share-link av-social-link-twitter' ><a target=\"_blank\" aria-label=\"Compartir en Twitter\" href='https:\/\/twitter.com\/share?text=Ganadores%20del%20concurso%20%C2%ABPonle%20Color%20a%20tus%20Derechos%C2%BB%20recibieron%20reconocimiento&#038;url=https:\/\/radiorevelacionfm.cl\/?p=25643' aria-hidden='false' data-av_icon='\ue8f1' data-av_iconfont='entypo-fontello' title='' data-avia-related-tooltip='Compartir en Twitter' rel=\"noopener\"><span class='avia_hidden_link_text'>Compartir en Twitter<\/span><\/a><\/li><li class='av-share-link av-social-link-whatsapp' ><a target=\"_blank\" aria-label=\"Compartir en Whatsapp\" href='https:\/\/api.whatsapp.com\/send?text=https:\/\/radiorevelacionfm.cl\/?p=25643' aria-hidden='false' data-av_icon='\uf232' data-av_iconfont='entypo-fontello' title='' data-avia-related-tooltip='Compartir en Whatsapp' rel=\"noopener\"><span class='avia_hidden_link_text'>Compartir en Whatsapp<\/span><\/a><\/li><li class='av-share-link av-social-link-linkedin' ><a target=\"_blank\" aria-label=\"Compartir en LinkedIn\" href='https:\/\/linkedin.com\/shareArticle?mini=true&#038;title=Ganadores%20del%20concurso%20%C2%ABPonle%20Color%20a%20tus%20Derechos%C2%BB%20recibieron%20reconocimiento&#038;url=https:\/\/radiorevelacionfm.cl\/?p=25643' aria-hidden='false' data-av_icon='\ue8fc' data-av_iconfont='entypo-fontello' title='' data-avia-related-tooltip='Compartir en LinkedIn' rel=\"noopener\"><span class='avia_hidden_link_text'>Compartir en LinkedIn<\/span><\/a><\/li><li class='av-share-link av-social-link-mail' ><a  aria-label=\"Compartir por correo\" href='mailto:?subject=Ganadores%20del%20concurso%20%C2%ABPonle%20Color%20a%20tus%20Derechos%C2%BB%20recibieron%20reconocimiento&#038;body=https:\/\/radiorevelacionfm.cl\/?p=25643' aria-hidden='false' data-av_icon='\ue805' data-av_iconfont='entypo-fontello' title='' data-avia-related-tooltip='Compartir por correo'><span class='avia_hidden_link_text'>Compartir por correo<\/span><\/a><\/li><\/ul><\/div><\/div>\n<div  style='height:50px' class='hr hr-invisible   avia-builder-el-8  el_after_av_social_share  el_before_av_comments_list '><span class='hr-inner ' ><span class='hr-inner-style'><\/span><\/span><\/div>\n<div  class='av-buildercomment  av-blog-meta-html-info-disabled av-blog-meta-tag-disabled  '><\/div>\n","protected":false},"excerpt":{"rendered":"","protected":false},"author":1,"featured_media":25644,"comment_status":"open","ping_status":"open","sticky":false,"template":"","format":"standard","meta":{"footnotes":""},"categories":[55],"tags":[],"class_list":["post-25643","post","type-post","status-publish","format-standard","has-post-thumbnail","hentry","category-justicia"],"jetpack_featured_media_url":"https:\/\/radiorevelacionfm.cl\/wp-content\/uploads\/2022\/12\/foto-premiacion-concurso-1_optimized.jpg","_links":{"self":[{"href":"https:\/\/radiorevelacionfm.cl\/index.php?rest_route=\/wp\/v2\/posts\/25643","targetHints":{"allow":["GET"]}}],"collection":[{"href":"https:\/\/radiorevelacionfm.cl\/index.php?rest_route=\/wp\/v2\/posts"}],"about":[{"href":"https:\/\/radiorevelacionfm.cl\/index.php?rest_route=\/wp\/v2\/types\/post"}],"author":[{"embeddable":true,"href":"https:\/\/radiorevelacionfm.cl\/index.php?rest_route=\/wp\/v2\/users\/1"}],"replies":[{"embeddable":true,"href":"https:\/\/radiorevelacionfm.cl\/index.php?rest_route=%2Fwp%2Fv2%2Fcomments&post=25643"}],"version-history":[{"count":2,"href":"https:\/\/radiorevelacionfm.cl\/index.php?rest_route=\/wp\/v2\/posts\/25643\/revisions"}],"predecessor-version":[{"id":25649,"href":"https:\/\/radiorevelacionfm.cl\/index.php?rest_route=\/wp\/v2\/posts\/25643\/revisions\/25649"}],"wp:featuredmedia":[{"embeddable":true,"href":"https:\/\/radiorevelacionfm.cl\/index.php?rest_route=\/wp\/v2\/media\/25644"}],"wp:attachment":[{"href":"https:\/\/radiorevelacionfm.cl\/index.php?rest_route=%2Fwp%2Fv2%2Fmedia&parent=25643"}],"wp:term":[{"taxonomy":"category","embeddable":true,"href":"https:\/\/radiorevelacionfm.cl\/index.php?rest_route=%2Fwp%2Fv2%2Fcategories&post=25643"},{"taxonomy":"post_tag","embeddable":true,"href":"https:\/\/radiorevelacionfm.cl\/index.php?rest_route=%2Fwp%2Fv2%2Ftags&post=25643"}],"curies":[{"name":"wp","href":"https:\/\/api.w.org\/{rel}","templated":true}]}}