{"id":25636,"date":"2022-12-20T10:59:41","date_gmt":"2022-12-20T13:59:41","guid":{"rendered":"https:\/\/radiorevelacionfm.cl\/?p=25636"},"modified":"2022-12-20T10:59:41","modified_gmt":"2022-12-20T13:59:41","slug":"flores-de-aysen-con-destino-a-europa-fueron-certificadas-por-el-sag","status":"publish","type":"post","link":"https:\/\/radiorevelacionfm.cl\/?p=25636","title":{"rendered":"Flores de Ays\u00e9n con destino a Europa fueron certificadas por el SAG"},"content":{"rendered":"<div class=\"flex_column av_one_full  flex_column_div av-zero-column-padding first  avia-builder-el-0  el_before_av_one_full  avia-builder-el-first  \" style='border-radius:0px; '><div  class='avia-image-container  av-styling-    avia-builder-el-1  avia-builder-el-no-sibling  avia-align-center '  itemprop=\"image\" itemscope=\"itemscope\" itemtype=\"https:\/\/schema.org\/ImageObject\"  ><div class='avia-image-container-inner'><div class='avia-image-overlay-wrap'><img decoding=\"async\" class='wp-image-25637 avia-img-lazy-loading-not-25637 avia_image' src=\"https:\/\/radiorevelacionfm.cl\/wp-content\/uploads\/2022\/12\/peonias-1-1.jpg\" alt='' title='peon\u00edas (1) (1)' height=\"600\" width=\"960\"  itemprop=\"thumbnailUrl\" srcset=\"https:\/\/radiorevelacionfm.cl\/wp-content\/uploads\/2022\/12\/peonias-1-1.jpg 960w, https:\/\/radiorevelacionfm.cl\/wp-content\/uploads\/2022\/12\/peonias-1-1-300x188.jpg 300w, https:\/\/radiorevelacionfm.cl\/wp-content\/uploads\/2022\/12\/peonias-1-1-768x480.jpg 768w, https:\/\/radiorevelacionfm.cl\/wp-content\/uploads\/2022\/12\/peonias-1-1-705x441.jpg 705w, https:\/\/radiorevelacionfm.cl\/wp-content\/uploads\/2022\/12\/peonias-1-1-600x375.jpg 600w\" sizes=\"(max-width: 960px) 100vw, 960px\" \/><\/div><\/div><\/div><\/div><div class=\"flex_column av_one_full  flex_column_div av-zero-column-padding first  avia-builder-el-2  el_after_av_one_full  el_before_av_one_full  column-top-margin\" style='border-radius:0px; '><section class=\"av_textblock_section \"  itemscope=\"itemscope\" itemtype=\"https:\/\/schema.org\/BlogPosting\" itemprop=\"blogPost\" ><div class='avia_textblock  '   itemprop=\"text\" ><p style=\"text-align: center;\"><span style=\"font-size: 18pt;\"><strong>Flores de Ays\u00e9n con destino a Europa fueron certificadas por el SAG<\/strong><\/span><\/p>\n<div id=\"gtx-trans\" style=\"position: absolute; left: -50px; top: 4.31534px;\">\n<div class=\"gtx-trans-icon\"><\/div>\n<\/div>\n<\/div><\/section><\/div><div class=\"flex_column av_one_full  flex_column_div av-zero-column-padding first  avia-builder-el-4  el_after_av_one_full  el_before_av_hr  column-top-margin\" style='border-radius:0px; '><section class=\"av_textblock_section \"  itemscope=\"itemscope\" itemtype=\"https:\/\/schema.org\/BlogPosting\" itemprop=\"blogPost\" ><div class='avia_textblock  '   itemprop=\"text\" ><p style=\"text-align: justify;\">Por cuarto a\u00f1o el Servicio Agr\u00edcola y Ganadero (SAG) del Ministerio de Agricultura, realiz\u00f3 la primera certificaci\u00f3n de la temporada 2022\/2023 de varas de peon\u00edas de la empresa Platinium Flowers, con destino a Holanda y otros mercados del viejo continente.<\/p>\n<p style=\"text-align: justify;\">24.000 mil varas de flores frescas \u201cPeon\u00edas\u201d certificadas en el predio ubicado camino Villa Ortega por parte de funcionario\/as del Servicio Agr\u00edcola y Ganadero SAG, del Ministerio de Agricultura, formaron parte de una nueva exportaci\u00f3n desde Ays\u00e9n hacia Europa.<\/p>\n<p style=\"text-align: justify;\">\u201cEl proceso de certificaci\u00f3n fitosanitario, permite generar seguridad a las exportaciones que salen de nuestro pa\u00eds y potencian el sello de origen de estos. Ays\u00e9n posee un potencial enorme en el rubro de la floricultura, que debemos apoyar a trav\u00e9s de un acompa\u00f1amiento en todos los \u00e1mbitos de la cadena productiva. En esa tarea, tanto el SAG, como todos los servicios estamos trabajando para hacer creer este sector productivo\u201d, enfatiz\u00f3 el Seremi de Agricultura, Alan Espinoza Ortiz.<\/p>\n<p style=\"text-align: justify;\">Opini\u00f3n compartida por Mauricio \u00c1lamos Rojas, Gerente de la empresa Platinium Flowers, quien resalt\u00f3 el aumento de este tipo de exportaciones<\/p>\n<p style=\"text-align: justify;\">\u201cLa cosecha de este a\u00f1o fue bastante buena, un a\u00f1o bastante generoso, son plantas que ven\u00edan creciendo con bastante tiempo. Lo que es bastante bueno porque esas plantas ya entraron en producci\u00f3n por eso el aumento fue bastante significativo, alrededor de un 30% comparada con el a\u00f1o pasado\u201d, detall\u00f3 el representante de la empresa exportadora.<\/p>\n<p style=\"text-align: justify;\">La partida enviada este fin de semana se espera arribe en tres d\u00edas a Holanda para luego ser distribuida en distintos pa\u00edses de Europa, \u201ceste a\u00f1o con la guerra ha estado un poquito m\u00e1s dif\u00edcil debido que Rusia era un pa\u00eds comprador, pero realizamos un cambio y nos acomodamos al escenario actual\u201d, precis\u00f3 \u00c1lamos.<\/p>\n<p style=\"text-align: justify;\">\u201cComo Servicio, continuaremos apoyando a los productores\/as que exportan desde la regi\u00f3n de Ays\u00e9n y realizamos la invitaci\u00f3n a que se acerquen al SAG para conocer ventajas de certificar en origen. Son hitos importantes lograr exportar flores desde Ays\u00e9n a Europa y como servicio continuaremos siendo garantes de las condiciones que exigen los mercados de destino\u201d, subray\u00f3 en ese sentido la directora (S) del SAG, Valeria Carrasco S\u00e1ez.<\/p>\n<\/div><\/section><\/div><div  style='height:50px' class='hr hr-invisible   avia-builder-el-6  el_after_av_one_full  el_before_av_social_share '><span class='hr-inner ' ><span class='hr-inner-style'><\/span><\/span><\/div><\/p>\n<div  class='av-social-sharing-box  avia-builder-el-7  el_after_av_hr  el_before_av_hr  '><div class='av-share-box'><h5 class='av-share-link-description av-no-toc '>Compartir esta noticia<\/h5><ul class='av-share-box-list noLightbox'><li class='av-share-link av-social-link-facebook' ><a target=\"_blank\" aria-label=\"Compartir en Facebook\" href='https:\/\/www.facebook.com\/sharer.php?u=https:\/\/radiorevelacionfm.cl\/?p=25636&#038;t=Flores%20de%20Ays%C3%A9n%20con%20destino%20a%20Europa%20fueron%20certificadas%20por%20el%20SAG' aria-hidden='false' data-av_icon='\ue8f3' data-av_iconfont='entypo-fontello' title='' data-avia-related-tooltip='Compartir en Facebook' rel=\"noopener\"><span class='avia_hidden_link_text'>Compartir en Facebook<\/span><\/a><\/li><li class='av-share-link av-social-link-twitter' ><a target=\"_blank\" aria-label=\"Compartir en Twitter\" href='https:\/\/twitter.com\/share?text=Flores%20de%20Ays%C3%A9n%20con%20destino%20a%20Europa%20fueron%20certificadas%20por%20el%20SAG&#038;url=https:\/\/radiorevelacionfm.cl\/?p=25636' aria-hidden='false' data-av_icon='\ue8f1' data-av_iconfont='entypo-fontello' title='' data-avia-related-tooltip='Compartir en Twitter' rel=\"noopener\"><span class='avia_hidden_link_text'>Compartir en Twitter<\/span><\/a><\/li><li class='av-share-link av-social-link-whatsapp' ><a target=\"_blank\" aria-label=\"Compartir en Whatsapp\" href='https:\/\/api.whatsapp.com\/send?text=https:\/\/radiorevelacionfm.cl\/?p=25636' aria-hidden='false' data-av_icon='\uf232' data-av_iconfont='entypo-fontello' title='' data-avia-related-tooltip='Compartir en Whatsapp' rel=\"noopener\"><span class='avia_hidden_link_text'>Compartir en Whatsapp<\/span><\/a><\/li><li class='av-share-link av-social-link-linkedin' ><a target=\"_blank\" aria-label=\"Compartir en LinkedIn\" href='https:\/\/linkedin.com\/shareArticle?mini=true&#038;title=Flores%20de%20Ays%C3%A9n%20con%20destino%20a%20Europa%20fueron%20certificadas%20por%20el%20SAG&#038;url=https:\/\/radiorevelacionfm.cl\/?p=25636' aria-hidden='false' data-av_icon='\ue8fc' data-av_iconfont='entypo-fontello' title='' data-avia-related-tooltip='Compartir en LinkedIn' rel=\"noopener\"><span class='avia_hidden_link_text'>Compartir en LinkedIn<\/span><\/a><\/li><li class='av-share-link av-social-link-mail' ><a  aria-label=\"Compartir por correo\" href='mailto:?subject=Flores%20de%20Ays%C3%A9n%20con%20destino%20a%20Europa%20fueron%20certificadas%20por%20el%20SAG&#038;body=https:\/\/radiorevelacionfm.cl\/?p=25636' aria-hidden='false' data-av_icon='\ue805' data-av_iconfont='entypo-fontello' title='' data-avia-related-tooltip='Compartir por correo'><span class='avia_hidden_link_text'>Compartir por correo<\/span><\/a><\/li><\/ul><\/div><\/div>\n<div  style='height:50px' class='hr hr-invisible   avia-builder-el-8  el_after_av_social_share  el_before_av_comments_list '><span class='hr-inner ' ><span class='hr-inner-style'><\/span><\/span><\/div>\n<div  class='av-buildercomment  av-blog-meta-html-info-disabled av-blog-meta-tag-disabled  '><\/div>\n","protected":false},"excerpt":{"rendered":"","protected":false},"author":1,"featured_media":25637,"comment_status":"open","ping_status":"open","sticky":false,"template":"","format":"standard","meta":{"footnotes":""},"categories":[58],"tags":[],"class_list":["post-25636","post","type-post","status-publish","format-standard","has-post-thumbnail","hentry","category-agricultura"],"jetpack_featured_media_url":"https:\/\/radiorevelacionfm.cl\/wp-content\/uploads\/2022\/12\/peonias-1-1.jpg","_links":{"self":[{"href":"https:\/\/radiorevelacionfm.cl\/index.php?rest_route=\/wp\/v2\/posts\/25636","targetHints":{"allow":["GET"]}}],"collection":[{"href":"https:\/\/radiorevelacionfm.cl\/index.php?rest_route=\/wp\/v2\/posts"}],"about":[{"href":"https:\/\/radiorevelacionfm.cl\/index.php?rest_route=\/wp\/v2\/types\/post"}],"author":[{"embeddable":true,"href":"https:\/\/radiorevelacionfm.cl\/index.php?rest_route=\/wp\/v2\/users\/1"}],"replies":[{"embeddable":true,"href":"https:\/\/radiorevelacionfm.cl\/index.php?rest_route=%2Fwp%2Fv2%2Fcomments&post=25636"}],"version-history":[{"count":2,"href":"https:\/\/radiorevelacionfm.cl\/index.php?rest_route=\/wp\/v2\/posts\/25636\/revisions"}],"predecessor-version":[{"id":25639,"href":"https:\/\/radiorevelacionfm.cl\/index.php?rest_route=\/wp\/v2\/posts\/25636\/revisions\/25639"}],"wp:featuredmedia":[{"embeddable":true,"href":"https:\/\/radiorevelacionfm.cl\/index.php?rest_route=\/wp\/v2\/media\/25637"}],"wp:attachment":[{"href":"https:\/\/radiorevelacionfm.cl\/index.php?rest_route=%2Fwp%2Fv2%2Fmedia&parent=25636"}],"wp:term":[{"taxonomy":"category","embeddable":true,"href":"https:\/\/radiorevelacionfm.cl\/index.php?rest_route=%2Fwp%2Fv2%2Fcategories&post=25636"},{"taxonomy":"post_tag","embeddable":true,"href":"https:\/\/radiorevelacionfm.cl\/index.php?rest_route=%2Fwp%2Fv2%2Ftags&post=25636"}],"curies":[{"name":"wp","href":"https:\/\/api.w.org\/{rel}","templated":true}]}}