{"id":25618,"date":"2022-12-19T19:27:54","date_gmt":"2022-12-19T22:27:54","guid":{"rendered":"https:\/\/radiorevelacionfm.cl\/?p=25618"},"modified":"2022-12-19T19:27:54","modified_gmt":"2022-12-19T22:27:54","slug":"de-cara-a-festividades-de-fin-de-ano-carabineros-lanza-plan-tranquila-navidad-ano-nuevo-seguro","status":"publish","type":"post","link":"https:\/\/radiorevelacionfm.cl\/?p=25618","title":{"rendered":"De cara a festividades de fin de a\u00f1o, Carabineros lanza \u00abPlan tranquila navidad, a\u00f1o nuevo seguro\u00bb"},"content":{"rendered":"<div class=\"flex_column av_one_full  flex_column_div av-zero-column-padding first  avia-builder-el-0  el_before_av_one_full  avia-builder-el-first  \" style='border-radius:0px; '><div  class='avia-image-container  av-styling-    avia-builder-el-1  avia-builder-el-no-sibling  avia-align-center '  itemprop=\"image\" itemscope=\"itemscope\" itemtype=\"https:\/\/schema.org\/ImageObject\"  ><div class='avia-image-container-inner'><div class='avia-image-overlay-wrap'><img decoding=\"async\" class='wp-image-25619 avia-img-lazy-loading-not-25619 avia_image' src=\"https:\/\/radiorevelacionfm.cl\/wp-content\/uploads\/2022\/12\/1ra-com_optimized.-coyhaique1-1-1.jpg\" alt='' title='1ra-com_optimized.-coyhaique1-(1) (1)' height=\"600\" width=\"1133\"  itemprop=\"thumbnailUrl\" srcset=\"https:\/\/radiorevelacionfm.cl\/wp-content\/uploads\/2022\/12\/1ra-com_optimized.-coyhaique1-1-1.jpg 1133w, https:\/\/radiorevelacionfm.cl\/wp-content\/uploads\/2022\/12\/1ra-com_optimized.-coyhaique1-1-1-300x159.jpg 300w, https:\/\/radiorevelacionfm.cl\/wp-content\/uploads\/2022\/12\/1ra-com_optimized.-coyhaique1-1-1-1030x545.jpg 1030w, https:\/\/radiorevelacionfm.cl\/wp-content\/uploads\/2022\/12\/1ra-com_optimized.-coyhaique1-1-1-768x407.jpg 768w, https:\/\/radiorevelacionfm.cl\/wp-content\/uploads\/2022\/12\/1ra-com_optimized.-coyhaique1-1-1-710x375.jpg 710w, https:\/\/radiorevelacionfm.cl\/wp-content\/uploads\/2022\/12\/1ra-com_optimized.-coyhaique1-1-1-705x373.jpg 705w, https:\/\/radiorevelacionfm.cl\/wp-content\/uploads\/2022\/12\/1ra-com_optimized.-coyhaique1-1-1-600x318.jpg 600w\" sizes=\"(max-width: 1133px) 100vw, 1133px\" \/><\/div><\/div><\/div><\/div><div class=\"flex_column av_one_full  flex_column_div av-zero-column-padding first  avia-builder-el-2  el_after_av_one_full  el_before_av_one_full  column-top-margin\" style='border-radius:0px; '><section class=\"av_textblock_section \"  itemscope=\"itemscope\" itemtype=\"https:\/\/schema.org\/BlogPosting\" itemprop=\"blogPost\" ><div class='avia_textblock  '   itemprop=\"text\" ><p style=\"text-align: center;\"><strong><span style=\"font-size: 18pt;\">De cara a festividades de fin de a\u00f1o, Carabineros lanza \u00abPlan tranquila navidad, a\u00f1o nuevo seguro\u00bb<\/span><\/strong><\/p>\n<div id=\"gtx-trans\" style=\"position: absolute; left: -50px; top: 4.31534px;\">\n<div class=\"gtx-trans-icon\"><\/div>\n<\/div>\n<\/div><\/section><\/div><div class=\"flex_column av_one_full  flex_column_div av-zero-column-padding first  avia-builder-el-4  el_after_av_one_full  el_before_av_hr  column-top-margin\" style='border-radius:0px; '><section class=\"av_textblock_section \"  itemscope=\"itemscope\" itemtype=\"https:\/\/schema.org\/BlogPosting\" itemprop=\"blogPost\" ><div class='avia_textblock  '   itemprop=\"text\" ><p class=\"v1MsoNormal\" style=\"text-align: justify;\">Cerca de 80 carabineros estar\u00e1n destinados a reforzar la seguridad mediante servicios focalizados orientados a las rutinas comerciales, residenciales y rutas de acceso en las diferentes comunas de la regi\u00f3n, siendo este el objetivo del \u00abPlan tranquila navidad, a\u00f1o nuevo seguro\u00bb, lanzado esta ma\u00f1ana por Carabineros y autoridades regionales en la Plaza Mirador R\u00edo Simpson en la ciudad de Coyhaique.<\/p>\n<p class=\"v1MsoNormal\" style=\"text-align: justify;\">La actividad reuni\u00f3 una formaci\u00f3n de personal del servicio en la poblaci\u00f3n con apoyo de diversas unidades especialidades, sumado a la presencia de \u00a0autoridades encabezadas por el Delegado Presidencial Regional de Ays\u00e9n, Rodrigo Araya Morales; el Jefe de Zona de Carabineros Ays\u00e9n, General Patricio Javier Santos Poblete; el Coordinador Regional de Seguridad P\u00fablica, Crist\u00f3bal Barcel\u00f3 Veas; el Jefe de la Regi\u00f3n Policial de Ays\u00e9n de la PDI, Prefecto Luis Torralba Ram\u00edrez y la Seremi de Transportes y Telecomunicaciones, Claudia Cantero Delgado.<\/p>\n<p class=\"v1MsoNormal\" style=\"text-align: justify;\"><b>Mejores condiciones de seguridad<\/b><\/p>\n<p class=\"v1MsoNormal\" style=\"text-align: justify;\">El Delegado Presidencial Regional de Ays\u00e9n, Rodrigo Araya Morales, indic\u00f3 que lo anterior es parte de un trabajo coordinado entre las instituciones relacionadas con la seguridad, con el prop\u00f3sito de brindar las mejores condiciones de cara a las festividades de fin de a\u00f1o.<\/p>\n<p class=\"v1MsoNormal\" style=\"text-align: justify;\">\u00abTenemos la dotaci\u00f3n de carabineros que va a estar trabajando en el territorio \u2013desplegados en terreno- justamente para brindar esa seguridad desde el punto de vista del comercio. Vamos a tener controles respecto al transporte y desde el punto de vista sanitario, para evitar que el comercio ilegal o el transporte irregular pueda causar alg\u00fan da\u00f1o a las familias de nuestra comunidad\u00bb, expres\u00f3 la autoridad.<\/p>\n<p class=\"v1MsoNormal\" style=\"text-align: justify;\">\u00abHacemos un llamado a las conductas de cuidado (&#8230;) llamamos a la gente a beber con moderaci\u00f3n, no conducir si han bebido. Son medidas b\u00e1sicas y que permiten terminar el a\u00f1o en muy buenas condiciones y contentas como debiera ser en estas semanas en adelante\u00bb, a\u00f1adi\u00f3.<\/p>\n<p class=\"v1MsoNormal\" style=\"text-align: justify;\"><b>Llamado a moderar comportamiento<\/b><\/p>\n<p class=\"v1MsoNormal\" style=\"text-align: justify;\">Por su parte del Jefe de Zona de Carabineros Ays\u00e9n, General Patricio Javier Santos Poblete, indic\u00f3 que tanto la Instituci\u00f3n de orden y seguridad como la totalidad de la agencia p\u00fablica que participa dentro del control social formal (el cual comienza cuando el control informal -que desarrollan las familias y grupos de referencia- dej\u00f3 de hacerlo), est\u00e1 coordinada para velar por la seguridad de la comunidad en estas fiestas.<\/p>\n<p class=\"v1MsoNormal\" style=\"text-align: justify;\">\u00abLos problemas que tenemos a fin de a\u00f1o est\u00e1n derivados de din\u00e1micas sociales donde existe ingesta alcoh\u00f3lica o actos que terminan siendo imprudentes. (&#8230;) Este plan integra a toda la agencia p\u00fablica y esto es coherente con el plan nacional de seguridad p\u00fablica que impulsa el Gobierno. A nivel nacional estamos dedicados y abocados a focalizar los esfuerzos \u2013en este caso- dentro de las rutinas comerciales y posteriormente al inicio del periodo estival\u00bb, manifest\u00f3 el Jefe de Zona.<\/p>\n<p class=\"v1MsoNormal\" style=\"text-align: justify;\">A dos semanas de concluir el presente a\u00f1o, el General de\u00a0 Carabineros Ays\u00e9n, indic\u00f3 que desde enero a la fecha han sido detenidas cerca de 2.900 personas en flagrancia en la regi\u00f3n, de las cuales el 50% presenta alg\u00fan v\u00ednculo con la ingesta de alcohol. Asimismo, se han desarrollado 140 mil controles a la fecha.<\/p>\n<p class=\"v1MsoNormal\" style=\"text-align: justify;\">El a\u00f1o reci\u00e9n pasado -durante las festividades de fin de a\u00f1o- Carabineros detuvo a 80 personas por diferentes delitos y materializ\u00f3 3.800 controles preventivos.<\/p>\n<p class=\"v1MsoNormal\" style=\"text-align: justify;\">\u00abCarabineros previene controlando. A trav\u00e9s del control descubrimos personas conduciendo en estado de ebriedad, rutinas de drogas, armas circulando en la comunidad y, solo este a\u00f1o a m\u00e1s de 480 personas con \u00f3rdenes judiciales pendientes\u00bb.<\/p>\n<p class=\"v1MsoNormal\" style=\"text-align: justify;\">Lo principal es pedir la ayuda de la comunidad, en moderar su comportamiento, privilegiar la reflexi\u00f3n, la construcci\u00f3n de familia y desde ah\u00ed propender a una sociedad mejor.<\/p>\n<p class=\"v1MsoNormal\" style=\"text-align: justify;\">\u00abComo carabineros desplegamos para este servicio cerca de 80 efectivos en las principales comunas (&#8230;) y los dem\u00e1s destacamentos que cubren el despliegue operativo en las distintas provincias, lo van a hacer con recursos propios. Estos recursos van a estar avocados a las din\u00e1micas de comercio, transporte, turismo y tambi\u00e9n en lugares residenciales, a fomentar aquellas rutinas que sean m\u00e1s bien de control y fiscalizaci\u00f3n para detectar en forma oportuna aquellas desviaciones que puedan derivar en delitos\u00bb, profundiz\u00f3 el General Santos.<\/p>\n<p class=\"v1MsoNormal\" style=\"text-align: justify;\"><b>Autocuidado \u00a0\u00a0\u00a0\u00a0\u00a0\u00a0\u00a0<\/b><\/p>\n<p class=\"v1MsoNormal\" style=\"text-align: justify;\">Asimismo el Jefe de la Regi\u00f3n Policial de Ays\u00e9n de la PDI, Prefecto Luis Torralba Ram\u00edrez indic\u00f3 que las personas deben tener una conducta que permita tener una navidad segura y un a\u00f1o nuevo sin inconvenientes.<\/p>\n<p class=\"v1MsoNormal\" style=\"text-align: justify;\">\u00abRecomendar a las personas el autocuidado, contar con la cantidad necesaria de dinero para poder hacer la compra en lugar de no portar demasiado circulante. Es importante comprar en sitios de internet seguros, en el comercio establecido, permitiendo disminuir el mercado de bienes robados, teniendo as\u00ed la posibilidad de optar a alg\u00fan tipo de recambio o beneficio desde la casa comercial y no usar juguetes en mal estado o que sus componente no sean apropiados para la salud\u00bb, enfatiz\u00f3.<\/p>\n<p class=\"v1MsoNormal\" style=\"text-align: justify;\">El Prefecto de la PDI llam\u00f3 a la comunidad a dialogar con los vecinos, y tener un buen vivir, previniendo el robo en lugar habitado o destinado a la habitaci\u00f3n, pudiendo disfrutar en familia y construir un mejor pa\u00eds.<\/p>\n<p style=\"text-align: justify;\">Por su parte el Coordinador Regional de Seguridad P\u00fablica, Crist\u00f3bal Barcel\u00f3 Veas, inst\u00f3 a la comunidad a denunciar de manera gratuita y an\u00f3nima la ocurrencia de delitos a trav\u00e9s del fono denuncia seguro *4242, con la finalidad de realizar las intervenciones y procesos investigativos correspondientes para derivar los antecedentes a los tribunales de justicia.<\/p>\n<\/div><\/section><\/div><div  style='height:50px' class='hr hr-invisible   avia-builder-el-6  el_after_av_one_full  el_before_av_social_share '><span class='hr-inner ' ><span class='hr-inner-style'><\/span><\/span><\/div><\/p>\n<div  class='av-social-sharing-box  avia-builder-el-7  el_after_av_hr  el_before_av_hr  '><div class='av-share-box'><h5 class='av-share-link-description av-no-toc '>Compartir esta noticia<\/h5><ul class='av-share-box-list noLightbox'><li class='av-share-link av-social-link-facebook' ><a target=\"_blank\" aria-label=\"Compartir en Facebook\" href='https:\/\/www.facebook.com\/sharer.php?u=https:\/\/radiorevelacionfm.cl\/?p=25618&#038;t=De%20cara%20a%20festividades%20de%20fin%20de%20a%C3%B1o%2C%20Carabineros%20lanza%20%C2%ABPlan%20tranquila%20navidad%2C%20a%C3%B1o%20nuevo%20seguro%C2%BB' aria-hidden='false' data-av_icon='\ue8f3' data-av_iconfont='entypo-fontello' title='' data-avia-related-tooltip='Compartir en Facebook' rel=\"noopener\"><span class='avia_hidden_link_text'>Compartir en Facebook<\/span><\/a><\/li><li class='av-share-link av-social-link-twitter' ><a target=\"_blank\" aria-label=\"Compartir en Twitter\" href='https:\/\/twitter.com\/share?text=De%20cara%20a%20festividades%20de%20fin%20de%20a%C3%B1o%2C%20Carabineros%20lanza%20%C2%ABPlan%20tranquila%20navidad%2C%20a%C3%B1o%20nuevo%20seguro%C2%BB&#038;url=https:\/\/radiorevelacionfm.cl\/?p=25618' aria-hidden='false' data-av_icon='\ue8f1' data-av_iconfont='entypo-fontello' title='' data-avia-related-tooltip='Compartir en Twitter' rel=\"noopener\"><span class='avia_hidden_link_text'>Compartir en Twitter<\/span><\/a><\/li><li class='av-share-link av-social-link-whatsapp' ><a target=\"_blank\" aria-label=\"Compartir en Whatsapp\" href='https:\/\/api.whatsapp.com\/send?text=https:\/\/radiorevelacionfm.cl\/?p=25618' aria-hidden='false' data-av_icon='\uf232' data-av_iconfont='entypo-fontello' title='' data-avia-related-tooltip='Compartir en Whatsapp' rel=\"noopener\"><span class='avia_hidden_link_text'>Compartir en Whatsapp<\/span><\/a><\/li><li class='av-share-link av-social-link-linkedin' ><a target=\"_blank\" aria-label=\"Compartir en LinkedIn\" href='https:\/\/linkedin.com\/shareArticle?mini=true&#038;title=De%20cara%20a%20festividades%20de%20fin%20de%20a%C3%B1o%2C%20Carabineros%20lanza%20%C2%ABPlan%20tranquila%20navidad%2C%20a%C3%B1o%20nuevo%20seguro%C2%BB&#038;url=https:\/\/radiorevelacionfm.cl\/?p=25618' aria-hidden='false' data-av_icon='\ue8fc' data-av_iconfont='entypo-fontello' title='' data-avia-related-tooltip='Compartir en LinkedIn' rel=\"noopener\"><span class='avia_hidden_link_text'>Compartir en LinkedIn<\/span><\/a><\/li><li class='av-share-link av-social-link-mail' ><a  aria-label=\"Compartir por correo\" href='mailto:?subject=De%20cara%20a%20festividades%20de%20fin%20de%20a%C3%B1o%2C%20Carabineros%20lanza%20%C2%ABPlan%20tranquila%20navidad%2C%20a%C3%B1o%20nuevo%20seguro%C2%BB&#038;body=https:\/\/radiorevelacionfm.cl\/?p=25618' aria-hidden='false' data-av_icon='\ue805' data-av_iconfont='entypo-fontello' title='' data-avia-related-tooltip='Compartir por correo'><span class='avia_hidden_link_text'>Compartir por correo<\/span><\/a><\/li><\/ul><\/div><\/div>\n<div  style='height:50px' class='hr hr-invisible   avia-builder-el-8  el_after_av_social_share  el_before_av_comments_list '><span class='hr-inner ' ><span class='hr-inner-style'><\/span><\/span><\/div>\n<div  class='av-buildercomment  av-blog-meta-html-info-disabled av-blog-meta-tag-disabled  '><\/div>\n","protected":false},"excerpt":{"rendered":"","protected":false},"author":1,"featured_media":25619,"comment_status":"open","ping_status":"open","sticky":false,"template":"","format":"standard","meta":{"footnotes":""},"categories":[36],"tags":[],"class_list":["post-25618","post","type-post","status-publish","format-standard","has-post-thumbnail","hentry","category-policial"],"jetpack_featured_media_url":"https:\/\/radiorevelacionfm.cl\/wp-content\/uploads\/2022\/12\/1ra-com_optimized.-coyhaique1-1-1.jpg","_links":{"self":[{"href":"https:\/\/radiorevelacionfm.cl\/index.php?rest_route=\/wp\/v2\/posts\/25618","targetHints":{"allow":["GET"]}}],"collection":[{"href":"https:\/\/radiorevelacionfm.cl\/index.php?rest_route=\/wp\/v2\/posts"}],"about":[{"href":"https:\/\/radiorevelacionfm.cl\/index.php?rest_route=\/wp\/v2\/types\/post"}],"author":[{"embeddable":true,"href":"https:\/\/radiorevelacionfm.cl\/index.php?rest_route=\/wp\/v2\/users\/1"}],"replies":[{"embeddable":true,"href":"https:\/\/radiorevelacionfm.cl\/index.php?rest_route=%2Fwp%2Fv2%2Fcomments&post=25618"}],"version-history":[{"count":2,"href":"https:\/\/radiorevelacionfm.cl\/index.php?rest_route=\/wp\/v2\/posts\/25618\/revisions"}],"predecessor-version":[{"id":25625,"href":"https:\/\/radiorevelacionfm.cl\/index.php?rest_route=\/wp\/v2\/posts\/25618\/revisions\/25625"}],"wp:featuredmedia":[{"embeddable":true,"href":"https:\/\/radiorevelacionfm.cl\/index.php?rest_route=\/wp\/v2\/media\/25619"}],"wp:attachment":[{"href":"https:\/\/radiorevelacionfm.cl\/index.php?rest_route=%2Fwp%2Fv2%2Fmedia&parent=25618"}],"wp:term":[{"taxonomy":"category","embeddable":true,"href":"https:\/\/radiorevelacionfm.cl\/index.php?rest_route=%2Fwp%2Fv2%2Fcategories&post=25618"},{"taxonomy":"post_tag","embeddable":true,"href":"https:\/\/radiorevelacionfm.cl\/index.php?rest_route=%2Fwp%2Fv2%2Ftags&post=25618"}],"curies":[{"name":"wp","href":"https:\/\/api.w.org\/{rel}","templated":true}]}}