{"id":25615,"date":"2022-12-20T10:02:44","date_gmt":"2022-12-20T13:02:44","guid":{"rendered":"https:\/\/radiorevelacionfm.cl\/?p=25615"},"modified":"2022-12-20T10:02:44","modified_gmt":"2022-12-20T13:02:44","slug":"en-dia-nacional-contra-el-femicidio-gobierno-insta-a-erradicar-la-violencia-contra-las-mujeres","status":"publish","type":"post","link":"https:\/\/radiorevelacionfm.cl\/?p=25615","title":{"rendered":"En D\u00eda Nacional contra el Femicidio, Gobierno insta a erradicar la violencia contra las mujeres"},"content":{"rendered":"<div class=\"flex_column av_one_full  flex_column_div av-zero-column-padding first  avia-builder-el-0  el_before_av_one_full  avia-builder-el-first  \" style='border-radius:0px; '><div  class='avia-image-container  av-styling-    avia-builder-el-1  avia-builder-el-no-sibling  avia-align-center '  itemprop=\"image\" itemscope=\"itemscope\" itemtype=\"https:\/\/schema.org\/ImageObject\"  ><div class='avia-image-container-inner'><div class='avia-image-overlay-wrap'><img decoding=\"async\" class='wp-image-25616 avia-img-lazy-loading-not-25616 avia_image' src=\"https:\/\/radiorevelacionfm.cl\/wp-content\/uploads\/2022\/12\/whatsapp-image-2022-12-19-at-17_optimized.37.38-1.jpeg\" alt='' title='whatsapp-image-2022-12-19-at-17_optimized.37.38-(1)' height=\"600\" width=\"900\"  itemprop=\"thumbnailUrl\" srcset=\"https:\/\/radiorevelacionfm.cl\/wp-content\/uploads\/2022\/12\/whatsapp-image-2022-12-19-at-17_optimized.37.38-1.jpeg 900w, https:\/\/radiorevelacionfm.cl\/wp-content\/uploads\/2022\/12\/whatsapp-image-2022-12-19-at-17_optimized.37.38-1-300x200.jpeg 300w, https:\/\/radiorevelacionfm.cl\/wp-content\/uploads\/2022\/12\/whatsapp-image-2022-12-19-at-17_optimized.37.38-1-768x512.jpeg 768w, https:\/\/radiorevelacionfm.cl\/wp-content\/uploads\/2022\/12\/whatsapp-image-2022-12-19-at-17_optimized.37.38-1-705x470.jpeg 705w, https:\/\/radiorevelacionfm.cl\/wp-content\/uploads\/2022\/12\/whatsapp-image-2022-12-19-at-17_optimized.37.38-1-600x400.jpeg 600w\" sizes=\"(max-width: 900px) 100vw, 900px\" \/><\/div><\/div><\/div><\/div><div class=\"flex_column av_one_full  flex_column_div av-zero-column-padding first  avia-builder-el-2  el_after_av_one_full  el_before_av_one_full  column-top-margin\" style='border-radius:0px; '><section class=\"av_textblock_section \"  itemscope=\"itemscope\" itemtype=\"https:\/\/schema.org\/BlogPosting\" itemprop=\"blogPost\" ><div class='avia_textblock  '   itemprop=\"text\" ><p style=\"text-align: center;\"><strong><span style=\"font-size: 18pt;\">En D\u00eda Nacional contra el Femicidio, Gobierno insta a erradicar la violencia contra las mujeres<\/span><\/strong><\/p>\n<div id=\"gtx-trans\" style=\"position: absolute; left: -50px; top: 4.31534px;\">\n<div class=\"gtx-trans-icon\"><\/div>\n<\/div>\n<\/div><\/section><\/div><div class=\"flex_column av_one_full  flex_column_div av-zero-column-padding first  avia-builder-el-4  el_after_av_one_full  el_before_av_hr  column-top-margin\" style='border-radius:0px; '><section class=\"av_textblock_section \"  itemscope=\"itemscope\" itemtype=\"https:\/\/schema.org\/BlogPosting\" itemprop=\"blogPost\" ><div class='avia_textblock  '   itemprop=\"text\" ><p style=\"font-weight: 400; text-align: justify;\">Con actividades orientadas a visibilizar la expresi\u00f3n m\u00e1s extrema de violencia contra las mujeres, dignificar la memoria de mujeres asesinadas y reconocer los aportes del movimiento feminista al reconocimiento de la violencia contra las mujeres como problema social, se conmemor\u00f3 el D\u00eda Nacional contra el Femicidio.<\/p>\n<p style=\"font-weight: 400; text-align: justify;\">En noviembre de 2020 se promulga la Ley 21.282 que declara el 19 de diciembre como D\u00eda Nacional contra el Femicidio, d\u00eda en que fue asesinada Javiera Neira Oportus, de seis a\u00f1os, por su padre biol\u00f3gico, en el contexto de violencia de g\u00e9nero extrema hacia su madre.<\/p>\n<p style=\"font-weight: 400; text-align: justify;\">El Presidente Gabriel Boric, junto a la ministra de la Mujer y la Equidad de G\u00e9nero, Antonia Orellana, adem\u00e1s de promulgar ley que tipifica suicidio femicida en memoria de Antonia Barra, anunciaron el apoyo a proyecto de ley reparaci\u00f3n integral a trav\u00e9s de una pensi\u00f3n para hijos\/as hasta 18 a\u00f1os de mujeres v\u00edctimas de femicidio.<\/p>\n<p style=\"font-weight: 400; text-align: justify;\">En la Regi\u00f3n de Ays\u00e9n, el Delegado Presidencial Regional, Rodrigo Araya, y la seremi Andrea M\u00e9ndez, participaron en una intervenci\u00f3n urbana acompa\u00f1ados por parte del gabinete regional y la consejera Paula Acu\u00f1a.<\/p>\n<p style=\"font-weight: 400; text-align: justify;\">En la actividad reafirmaron que contribuir a detectar, detener y erradicar la violencia contra las mujeres es tarea de todos y todas, recordando el lema de la campa\u00f1a de la eliminaci\u00f3n de la violencia contra las mujeres \u201cS\u00ed Es Mi Problema\u201d.<\/p>\n<p style=\"font-weight: 400; text-align: justify;\">\u201cEl Femicidio es la manifestaci\u00f3n m\u00e1s terrible de la violencia hacia las mujeres y en nuestro pa\u00eds lleva ya muchas familias afectadas, muchas mujeres que han sido v\u00edctimas. Nosotros no queremos que eso contin\u00fae y tenemos que ayudar entre todos a erradicar la violencia. La violencia se expresa de muchas maneras y queremos contribuir a trav\u00e9s de todos los sectores, porque \u00b4S\u00ed es Mi Problema\u00b4 que exista la violencia contra las mujeres y nosotros tenemos que hacer todo lo posible para que eso vaya cambiando\u201d, afirm\u00f3 Rodrigo Araya.<\/p>\n<p style=\"font-weight: 400; text-align: justify;\">La Seremi Andrea M\u00e9ndez agreg\u00f3 que atender la violencia contra las mujeres es una preocupaci\u00f3n real de la ciudadan\u00eda, que tiene consecuencias en toda la sociedad.<\/p>\n<p style=\"font-weight: 400; text-align: justify;\">\u201cNosotros como gobierno estamos impulsando la debida urgencia de la Ley Integral contra la Violencia hacia las Mujeres, lo cual significa avanzar en un marco regulatorio amplio, integral, que pueda identificar a tiempo las diversas formas de violencia y que le entregue tambi\u00e9n responsabilidades claras a las distintas instituciones del Estado. Nuestra invitaci\u00f3n en este d\u00eda es a comprender que la violencia extrema contra las mujeres no son hechos aislados ni anecd\u00f3ticos, sino que se sit\u00faan dentro del continuo de violencia que padecen las mujeres y las ni\u00f1as en distintos \u00e1mbitos. Y el llamado tambi\u00e9n es -en coherencia con la campa\u00f1a S\u00ed es mi Problema- que la ciudadan\u00eda en su conjunto y todas las instituciones se involucren, se hagan cargo y se hagan responsables de esta grave situaci\u00f3n\u201d, indic\u00f3.<\/p>\n<p style=\"font-weight: 400; text-align: justify;\">Si presencias un episodio de violencia en el que la vida de una mujer pueda estar en riesgo, llama de inmediato a la PDI al 134, a Carabineros al 133 o al Fono Familia de Carabineros 149. Recibe orientaci\u00f3n en violencia llamando al 1455.<\/p>\n<\/div><\/section><\/div><div  style='height:50px' class='hr hr-invisible   avia-builder-el-6  el_after_av_one_full  el_before_av_social_share '><span class='hr-inner ' ><span class='hr-inner-style'><\/span><\/span><\/div><\/p>\n<div  class='av-social-sharing-box  avia-builder-el-7  el_after_av_hr  el_before_av_hr  '><div class='av-share-box'><h5 class='av-share-link-description av-no-toc '>Compartir esta noticia<\/h5><ul class='av-share-box-list noLightbox'><li class='av-share-link av-social-link-facebook' ><a target=\"_blank\" aria-label=\"Compartir en Facebook\" href='https:\/\/www.facebook.com\/sharer.php?u=https:\/\/radiorevelacionfm.cl\/?p=25615&#038;t=En%20D%C3%ADa%20Nacional%20contra%20el%20Femicidio%2C%20Gobierno%20insta%20a%20erradicar%20la%20violencia%20contra%20las%20mujeres' aria-hidden='false' data-av_icon='\ue8f3' data-av_iconfont='entypo-fontello' title='' data-avia-related-tooltip='Compartir en Facebook' rel=\"noopener\"><span class='avia_hidden_link_text'>Compartir en Facebook<\/span><\/a><\/li><li class='av-share-link av-social-link-twitter' ><a target=\"_blank\" aria-label=\"Compartir en Twitter\" href='https:\/\/twitter.com\/share?text=En%20D%C3%ADa%20Nacional%20contra%20el%20Femicidio%2C%20Gobierno%20insta%20a%20erradicar%20la%20violencia%20contra%20las%20mujeres&#038;url=https:\/\/radiorevelacionfm.cl\/?p=25615' aria-hidden='false' data-av_icon='\ue8f1' data-av_iconfont='entypo-fontello' title='' data-avia-related-tooltip='Compartir en Twitter' rel=\"noopener\"><span class='avia_hidden_link_text'>Compartir en Twitter<\/span><\/a><\/li><li class='av-share-link av-social-link-whatsapp' ><a target=\"_blank\" aria-label=\"Compartir en Whatsapp\" href='https:\/\/api.whatsapp.com\/send?text=https:\/\/radiorevelacionfm.cl\/?p=25615' aria-hidden='false' data-av_icon='\uf232' data-av_iconfont='entypo-fontello' title='' data-avia-related-tooltip='Compartir en Whatsapp' rel=\"noopener\"><span class='avia_hidden_link_text'>Compartir en Whatsapp<\/span><\/a><\/li><li class='av-share-link av-social-link-linkedin' ><a target=\"_blank\" aria-label=\"Compartir en LinkedIn\" href='https:\/\/linkedin.com\/shareArticle?mini=true&#038;title=En%20D%C3%ADa%20Nacional%20contra%20el%20Femicidio%2C%20Gobierno%20insta%20a%20erradicar%20la%20violencia%20contra%20las%20mujeres&#038;url=https:\/\/radiorevelacionfm.cl\/?p=25615' aria-hidden='false' data-av_icon='\ue8fc' data-av_iconfont='entypo-fontello' title='' data-avia-related-tooltip='Compartir en LinkedIn' rel=\"noopener\"><span class='avia_hidden_link_text'>Compartir en LinkedIn<\/span><\/a><\/li><li class='av-share-link av-social-link-mail' ><a  aria-label=\"Compartir por correo\" href='mailto:?subject=En%20D%C3%ADa%20Nacional%20contra%20el%20Femicidio%2C%20Gobierno%20insta%20a%20erradicar%20la%20violencia%20contra%20las%20mujeres&#038;body=https:\/\/radiorevelacionfm.cl\/?p=25615' aria-hidden='false' data-av_icon='\ue805' data-av_iconfont='entypo-fontello' title='' data-avia-related-tooltip='Compartir por correo'><span class='avia_hidden_link_text'>Compartir por correo<\/span><\/a><\/li><\/ul><\/div><\/div>\n<div  style='height:50px' class='hr hr-invisible   avia-builder-el-8  el_after_av_social_share  el_before_av_comments_list '><span class='hr-inner ' ><span class='hr-inner-style'><\/span><\/span><\/div>\n<div  class='av-buildercomment  av-blog-meta-html-info-disabled av-blog-meta-tag-disabled  '><\/div>\n","protected":false},"excerpt":{"rendered":"","protected":false},"author":1,"featured_media":25616,"comment_status":"open","ping_status":"open","sticky":false,"template":"","format":"standard","meta":{"footnotes":""},"categories":[38],"tags":[],"class_list":["post-25615","post","type-post","status-publish","format-standard","has-post-thumbnail","hentry","category-regional"],"jetpack_featured_media_url":"https:\/\/radiorevelacionfm.cl\/wp-content\/uploads\/2022\/12\/whatsapp-image-2022-12-19-at-17_optimized.37.38-1.jpeg","_links":{"self":[{"href":"https:\/\/radiorevelacionfm.cl\/index.php?rest_route=\/wp\/v2\/posts\/25615","targetHints":{"allow":["GET"]}}],"collection":[{"href":"https:\/\/radiorevelacionfm.cl\/index.php?rest_route=\/wp\/v2\/posts"}],"about":[{"href":"https:\/\/radiorevelacionfm.cl\/index.php?rest_route=\/wp\/v2\/types\/post"}],"author":[{"embeddable":true,"href":"https:\/\/radiorevelacionfm.cl\/index.php?rest_route=\/wp\/v2\/users\/1"}],"replies":[{"embeddable":true,"href":"https:\/\/radiorevelacionfm.cl\/index.php?rest_route=%2Fwp%2Fv2%2Fcomments&post=25615"}],"version-history":[{"count":2,"href":"https:\/\/radiorevelacionfm.cl\/index.php?rest_route=\/wp\/v2\/posts\/25615\/revisions"}],"predecessor-version":[{"id":25634,"href":"https:\/\/radiorevelacionfm.cl\/index.php?rest_route=\/wp\/v2\/posts\/25615\/revisions\/25634"}],"wp:featuredmedia":[{"embeddable":true,"href":"https:\/\/radiorevelacionfm.cl\/index.php?rest_route=\/wp\/v2\/media\/25616"}],"wp:attachment":[{"href":"https:\/\/radiorevelacionfm.cl\/index.php?rest_route=%2Fwp%2Fv2%2Fmedia&parent=25615"}],"wp:term":[{"taxonomy":"category","embeddable":true,"href":"https:\/\/radiorevelacionfm.cl\/index.php?rest_route=%2Fwp%2Fv2%2Fcategories&post=25615"},{"taxonomy":"post_tag","embeddable":true,"href":"https:\/\/radiorevelacionfm.cl\/index.php?rest_route=%2Fwp%2Fv2%2Ftags&post=25615"}],"curies":[{"name":"wp","href":"https:\/\/api.w.org\/{rel}","templated":true}]}}