{"id":25611,"date":"2022-12-19T18:40:47","date_gmt":"2022-12-19T21:40:47","guid":{"rendered":"https:\/\/radiorevelacionfm.cl\/?p=25611"},"modified":"2022-12-19T18:40:47","modified_gmt":"2022-12-19T21:40:47","slug":"este-20-de-diciembre-inicia-operaciones-barcaza-caleman-ii-en-conexion-hacia-villa-ohiggins","status":"publish","type":"post","link":"https:\/\/radiorevelacionfm.cl\/?p=25611","title":{"rendered":"Este 20 de diciembre inicia operaciones barcaza Caleman II en conexi\u00f3n hacia Villa O\u2019Higgins"},"content":{"rendered":"<div class=\"flex_column av_one_full  flex_column_div av-zero-column-padding first  avia-builder-el-0  el_before_av_one_full  avia-builder-el-first  \" style='border-radius:0px; '><div  class='avia-image-container  av-styling-    avia-builder-el-1  avia-builder-el-no-sibling  avia-align-center '  itemprop=\"image\" itemscope=\"itemscope\" itemtype=\"https:\/\/schema.org\/ImageObject\"  ><div class='avia-image-container-inner'><div class='avia-image-overlay-wrap'><img decoding=\"async\" class='wp-image-25612 avia-img-lazy-loading-not-25612 avia_image' src=\"https:\/\/radiorevelacionfm.cl\/wp-content\/uploads\/2022\/12\/caleman-ii-1-1_optimized-1.jpg\" alt='' title='caleman-ii-(1)-(1)_optimized (1)' height=\"600\" width=\"1067\"  itemprop=\"thumbnailUrl\" srcset=\"https:\/\/radiorevelacionfm.cl\/wp-content\/uploads\/2022\/12\/caleman-ii-1-1_optimized-1.jpg 1067w, https:\/\/radiorevelacionfm.cl\/wp-content\/uploads\/2022\/12\/caleman-ii-1-1_optimized-1-300x169.jpg 300w, https:\/\/radiorevelacionfm.cl\/wp-content\/uploads\/2022\/12\/caleman-ii-1-1_optimized-1-1030x579.jpg 1030w, https:\/\/radiorevelacionfm.cl\/wp-content\/uploads\/2022\/12\/caleman-ii-1-1_optimized-1-768x432.jpg 768w, https:\/\/radiorevelacionfm.cl\/wp-content\/uploads\/2022\/12\/caleman-ii-1-1_optimized-1-705x396.jpg 705w, https:\/\/radiorevelacionfm.cl\/wp-content\/uploads\/2022\/12\/caleman-ii-1-1_optimized-1-600x337.jpg 600w\" sizes=\"(max-width: 1067px) 100vw, 1067px\" \/><\/div><\/div><\/div><\/div><div class=\"flex_column av_one_full  flex_column_div av-zero-column-padding first  avia-builder-el-2  el_after_av_one_full  el_before_av_one_full  column-top-margin\" style='border-radius:0px; '><section class=\"av_textblock_section \"  itemscope=\"itemscope\" itemtype=\"https:\/\/schema.org\/BlogPosting\" itemprop=\"blogPost\" ><div class='avia_textblock  '   itemprop=\"text\" ><p style=\"text-align: center;\"><strong><span style=\"font-size: 18pt;\">Este 20 de diciembre inicia operaciones barcaza Caleman II en conexi\u00f3n hacia Villa O\u2019Higgins<\/span><\/strong><\/p>\n<div id=\"gtx-trans\" style=\"position: absolute; left: -50px; top: 4.31534px;\">\n<div class=\"gtx-trans-icon\"><\/div>\n<\/div>\n<\/div><\/section><\/div><div class=\"flex_column av_one_full  flex_column_div av-zero-column-padding first  avia-builder-el-4  el_after_av_one_full  el_before_av_hr  column-top-margin\" style='border-radius:0px; '><section class=\"av_textblock_section \"  itemscope=\"itemscope\" itemtype=\"https:\/\/schema.org\/BlogPosting\" itemprop=\"blogPost\" ><div class='avia_textblock  '   itemprop=\"text\" ><p style=\"text-align: justify;\"><span style=\"font-size: 12pt;\">Luego de las pruebas t\u00e9cnicas de rigor, transbordador podr\u00e1 dar la continuidad de los recorridos mar\u00edtimos de conexi\u00f3n hacia Villa O\u2019Higgins, en el tramo Puerto Yungay \u2013 R\u00edo Bravo.<\/span><\/p>\n<p style=\"text-align: justify;\"><span style=\"font-size: 12pt;\">Los habitantes de Villa O\u00b4Higgins y Caleta Tortel podr\u00e1n contar a partir de este martes 20 de diciembre con los servicios de la barcaza Caleman II en la ruta mar\u00edtima por el Fiordo Mitchell. Esta nave se incorpora al servicio en lugar de la embarcaci\u00f3n Padre Antonio Ronchi, que debe ser sometida a la carena programada para su mantenimiento.<\/span><\/p>\n<p style=\"text-align: justify;\"><span style=\"font-size: 12pt;\">La seremiTT Claudia Cantero puntualiz\u00f3 que desde julio del 2020, el transbordador que realiza esta ruta habitualmente no se hab\u00eda sometido a la carena correspondiente. \u201cPara mantener los servicios subvencionados debemos poner especial atenci\u00f3n a las naves que operan en toda la regi\u00f3n y lo que hemos recogido durante nuestro tiempo de Gobierno, es que debemos velar porque estas embarcaciones cumplan con el calendario de mantenciones de rigor, a fin de asegurar que sus servicios se mantengan en el tiempo. En esta tarea tambi\u00e9n hemos contado con la asesor\u00eda de la Direcci\u00f3n de Obras Portuarias del Ministerio de Obras P\u00fablicas\u201d, acot\u00f3 la autoridad sectorial.<\/span><\/p>\n<p style=\"text-align: justify;\"><span style=\"font-size: 12pt;\">Desde Capit\u00e1n Prat, la delegada provincial Marta Montiel celebr\u00f3 la eficiencia de las gestiones que permitir\u00e1 entregar certezas en el desplazamiento de los habitantes de la zona, y tambi\u00e9n de muchos turistas que visitan la zona en esta temporada. \u201cNos alegra poder dar tranquilidad a nuestros vecinos, que no solamente contar\u00e1n con la necesaria conectividad mar\u00edtima en el tramo hacia Villa O\u2019Higgins. Tambi\u00e9n es necesario destacar el esfuerzo por conseguir un barco de mayores dimensiones con el que se podr\u00e1 resolver el aumento de demanda, que se da en los meses de verano ya que con la Caleman II se puede trasladar a 150 pasajeros y 100 mts. lineales de carga\u201d. Montiel a\u00f1adi\u00f3 que esto permitir\u00e1 cumplir los compromisos adquiridos con las autoridades locales y la comunidad\u00a0 provincial.<\/span><\/p>\n<p style=\"text-align: justify;\"><span style=\"font-size: 12pt;\">Las autoridades de Gobierno agregaron que tanto los horarios, como las frecuencias por temporada alta se mantendr\u00e1n y se informar\u00e1n a los usuarios oportunamente.\u00a0<\/span><\/p>\n<div style=\"text-align: justify;\"><\/div>\n<\/div><\/section><\/div><div  style='height:50px' class='hr hr-invisible   avia-builder-el-6  el_after_av_one_full  el_before_av_social_share '><span class='hr-inner ' ><span class='hr-inner-style'><\/span><\/span><\/div><\/p>\n<div  class='av-social-sharing-box  avia-builder-el-7  el_after_av_hr  el_before_av_hr  '><div class='av-share-box'><h5 class='av-share-link-description av-no-toc '>Compartir esta noticia<\/h5><ul class='av-share-box-list noLightbox'><li class='av-share-link av-social-link-facebook' ><a target=\"_blank\" aria-label=\"Compartir en Facebook\" href='https:\/\/www.facebook.com\/sharer.php?u=https:\/\/radiorevelacionfm.cl\/?p=25611&#038;t=Este%2020%20de%20diciembre%20inicia%20operaciones%20barcaza%20Caleman%20II%20en%20conexi%C3%B3n%20hacia%20Villa%20O%E2%80%99Higgins' aria-hidden='false' data-av_icon='\ue8f3' data-av_iconfont='entypo-fontello' title='' data-avia-related-tooltip='Compartir en Facebook' rel=\"noopener\"><span class='avia_hidden_link_text'>Compartir en Facebook<\/span><\/a><\/li><li class='av-share-link av-social-link-twitter' ><a target=\"_blank\" aria-label=\"Compartir en Twitter\" href='https:\/\/twitter.com\/share?text=Este%2020%20de%20diciembre%20inicia%20operaciones%20barcaza%20Caleman%20II%20en%20conexi%C3%B3n%20hacia%20Villa%20O%E2%80%99Higgins&#038;url=https:\/\/radiorevelacionfm.cl\/?p=25611' aria-hidden='false' data-av_icon='\ue8f1' data-av_iconfont='entypo-fontello' title='' data-avia-related-tooltip='Compartir en Twitter' rel=\"noopener\"><span class='avia_hidden_link_text'>Compartir en Twitter<\/span><\/a><\/li><li class='av-share-link av-social-link-whatsapp' ><a target=\"_blank\" aria-label=\"Compartir en Whatsapp\" href='https:\/\/api.whatsapp.com\/send?text=https:\/\/radiorevelacionfm.cl\/?p=25611' aria-hidden='false' data-av_icon='\uf232' data-av_iconfont='entypo-fontello' title='' data-avia-related-tooltip='Compartir en Whatsapp' rel=\"noopener\"><span class='avia_hidden_link_text'>Compartir en Whatsapp<\/span><\/a><\/li><li class='av-share-link av-social-link-linkedin' ><a target=\"_blank\" aria-label=\"Compartir en LinkedIn\" href='https:\/\/linkedin.com\/shareArticle?mini=true&#038;title=Este%2020%20de%20diciembre%20inicia%20operaciones%20barcaza%20Caleman%20II%20en%20conexi%C3%B3n%20hacia%20Villa%20O%E2%80%99Higgins&#038;url=https:\/\/radiorevelacionfm.cl\/?p=25611' aria-hidden='false' data-av_icon='\ue8fc' data-av_iconfont='entypo-fontello' title='' data-avia-related-tooltip='Compartir en LinkedIn' rel=\"noopener\"><span class='avia_hidden_link_text'>Compartir en LinkedIn<\/span><\/a><\/li><li class='av-share-link av-social-link-mail' ><a  aria-label=\"Compartir por correo\" href='mailto:?subject=Este%2020%20de%20diciembre%20inicia%20operaciones%20barcaza%20Caleman%20II%20en%20conexi%C3%B3n%20hacia%20Villa%20O%E2%80%99Higgins&#038;body=https:\/\/radiorevelacionfm.cl\/?p=25611' aria-hidden='false' data-av_icon='\ue805' data-av_iconfont='entypo-fontello' title='' data-avia-related-tooltip='Compartir por correo'><span class='avia_hidden_link_text'>Compartir por correo<\/span><\/a><\/li><\/ul><\/div><\/div>\n<div  style='height:50px' class='hr hr-invisible   avia-builder-el-8  el_after_av_social_share  el_before_av_comments_list '><span class='hr-inner ' ><span class='hr-inner-style'><\/span><\/span><\/div>\n<div  class='av-buildercomment  av-blog-meta-html-info-disabled av-blog-meta-tag-disabled  '><\/div>\n","protected":false},"excerpt":{"rendered":"","protected":false},"author":1,"featured_media":25612,"comment_status":"open","ping_status":"open","sticky":false,"template":"","format":"standard","meta":{"footnotes":""},"categories":[59],"tags":[],"class_list":["post-25611","post","type-post","status-publish","format-standard","has-post-thumbnail","hentry","category-transporte"],"jetpack_featured_media_url":"https:\/\/radiorevelacionfm.cl\/wp-content\/uploads\/2022\/12\/caleman-ii-1-1_optimized-1.jpg","_links":{"self":[{"href":"https:\/\/radiorevelacionfm.cl\/index.php?rest_route=\/wp\/v2\/posts\/25611","targetHints":{"allow":["GET"]}}],"collection":[{"href":"https:\/\/radiorevelacionfm.cl\/index.php?rest_route=\/wp\/v2\/posts"}],"about":[{"href":"https:\/\/radiorevelacionfm.cl\/index.php?rest_route=\/wp\/v2\/types\/post"}],"author":[{"embeddable":true,"href":"https:\/\/radiorevelacionfm.cl\/index.php?rest_route=\/wp\/v2\/users\/1"}],"replies":[{"embeddable":true,"href":"https:\/\/radiorevelacionfm.cl\/index.php?rest_route=%2Fwp%2Fv2%2Fcomments&post=25611"}],"version-history":[{"count":2,"href":"https:\/\/radiorevelacionfm.cl\/index.php?rest_route=\/wp\/v2\/posts\/25611\/revisions"}],"predecessor-version":[{"id":25614,"href":"https:\/\/radiorevelacionfm.cl\/index.php?rest_route=\/wp\/v2\/posts\/25611\/revisions\/25614"}],"wp:featuredmedia":[{"embeddable":true,"href":"https:\/\/radiorevelacionfm.cl\/index.php?rest_route=\/wp\/v2\/media\/25612"}],"wp:attachment":[{"href":"https:\/\/radiorevelacionfm.cl\/index.php?rest_route=%2Fwp%2Fv2%2Fmedia&parent=25611"}],"wp:term":[{"taxonomy":"category","embeddable":true,"href":"https:\/\/radiorevelacionfm.cl\/index.php?rest_route=%2Fwp%2Fv2%2Fcategories&post=25611"},{"taxonomy":"post_tag","embeddable":true,"href":"https:\/\/radiorevelacionfm.cl\/index.php?rest_route=%2Fwp%2Fv2%2Ftags&post=25611"}],"curies":[{"name":"wp","href":"https:\/\/api.w.org\/{rel}","templated":true}]}}