{"id":2561,"date":"2021-02-12T15:19:12","date_gmt":"2021-02-12T18:19:12","guid":{"rendered":"https:\/\/radiorevelacionfm.cl\/?p=2561"},"modified":"2021-02-12T15:19:12","modified_gmt":"2021-02-12T18:19:12","slug":"seremi-del-medio-ambiente-entrega-avances-del-programa-recambio-de-calefactores-y-anuncia-proximos-llamados-a-postulacion","status":"publish","type":"post","link":"https:\/\/radiorevelacionfm.cl\/?p=2561","title":{"rendered":"Seremi del Medio Ambiente entrega avances del programa recambio de calefactores y anuncia pr\u00f3ximos llamados a postulaci\u00f3n"},"content":{"rendered":"<div class=\"flex_column av_one_full  flex_column_div av-zero-column-padding first  avia-builder-el-0  el_before_av_one_full  avia-builder-el-first  \" style='border-radius:0px; '><div  class='avia-image-container  av-styling-    avia-builder-el-1  avia-builder-el-no-sibling  avia-align-center '  itemprop=\"image\" itemscope=\"itemscope\" itemtype=\"https:\/\/schema.org\/ImageObject\"  ><div class='avia-image-container-inner'><div class='avia-image-overlay-wrap'><img decoding=\"async\" class='wp-image-0 avia-img-lazy-loading-not-0 avia_image' src=\"https:\/\/radiorevelacionfm.cl\/wp-content\/uploads\/2021\/02\/Recambio_calefactores-1.jpg\" alt='' title=''   itemprop=\"thumbnailUrl\"  \/><\/div><\/div><\/div><\/div><div class=\"flex_column av_one_full  flex_column_div av-zero-column-padding first  avia-builder-el-2  el_after_av_one_full  el_before_av_one_full  column-top-margin\" style='border-radius:0px; '><section class=\"av_textblock_section \"  itemscope=\"itemscope\" itemtype=\"https:\/\/schema.org\/BlogPosting\" itemprop=\"blogPost\" ><div class='avia_textblock  '   itemprop=\"text\" ><p style=\"text-align: center;\"><span style=\"font-size: 18pt;\"><strong>Seremi del Medio Ambiente entrega avances del programa recambio de calefactores y anuncia pr\u00f3ximos llamados a postulaci\u00f3n<\/strong><\/span><\/p>\n<div id=\"gtx-trans\" style=\"position: absolute; left: -50px; top: 4.31534px;\">\n<div class=\"gtx-trans-icon\"><\/div>\n<\/div>\n<\/div><\/section><\/div><div class=\"flex_column av_one_full  flex_column_div av-zero-column-padding first  avia-builder-el-4  el_after_av_one_full  el_before_av_hr  column-top-margin\" style='border-radius:0px; '><section class=\"av_textblock_section \"  itemscope=\"itemscope\" itemtype=\"https:\/\/schema.org\/BlogPosting\" itemprop=\"blogPost\" ><div class='avia_textblock  '   itemprop=\"text\" ><p style=\"text-align: justify;\">Sandra Casta\u00f1eda, es el nombre de la beneficiaria del programa de recambio de calefactores, que recientemente recibi\u00f3 al equipo de instaladores y la Seremi del Medio Ambiente, M\u00f3nica Sald\u00edas en su hogar, para decirle adi\u00f3s a su combusti\u00f3n a le\u00f1a y darle la bienvenida su nuevo artefacto a parafina \u201cPostul\u00e9 por tres motivos, que la parafina es m\u00e1s econ\u00f3mica que la le\u00f1a, que est\u00e1 costando mucho comprar; que es m\u00e1s pr\u00e1ctico, llego, la enciendo y voy a tener calor; y para apoyar el cuidado del medio ambiente, hay que poner un granito de arena para que la contaminaci\u00f3n se vaya un poco\u201d declar\u00f3 Sandra, mientras eliminaban definitivamente el ca\u00f1o de su casa, agregando que en el sector de la Poblaci\u00f3n Marchant, donde reside, el humo en invierno es muy complejo.<\/p>\n<p style=\"text-align: justify;\">Junto con verificar que las medidas sanitarias que se despliegan en el recambio seguro, la Seremi aprovech\u00f3 la oportunidad para conversar con la Se\u00f1ora Sandra y conocer sus inquietudes, as\u00ed como informar a la comunidad sobre el proceso de recambio de calefactores en la ciudad de Coyhaique \u201cQueremos contarle a la gente que nuestras instalaciones contin\u00faan, a pesar de estar en cuarentena, estamos tomando todas las medidas indicadas por la autoridad sanitaria para tener un Recambio Seguro y seguimos avanzando con nuestro programa porque nuestro objetivo es mejorar la calidad del aire del aire de nuestra zona saturada\u201d.<\/p>\n<p style=\"text-align: justify;\">El programa de Recambio, financiado por el Gobierno Regional y aprobado por su consejo, ha ejecutado a la fecha un total de 7.082 recambios en la ciudad de Coyhaique y, seg\u00fan explica la Seremi, debido a la crisis sanitaria, a\u00fan se encuentran en proceso de instalaci\u00f3n de los \u00faltimos llamados \u201cles pedimos paciencia a los beneficiarios del recambio, hemos tenido demoras, todo producto de la pandemia, pero estamos llegando a todos los hogares que apostaron por la calefacci\u00f3n sustentable\u201d, asegur\u00f3 la Seremi.<\/p>\n<p style=\"text-align: justify;\">Respecto de nuevos llamados, la autoridad se\u00f1al\u00f3 que pronto se abrir\u00e1n nuevas postulaciones \u201cest\u00e1bamos esperando la aprobaci\u00f3n de nuestras bases, porque ahora las licitaciones deben contar con visto bueno de la Dipres y ya lo hemos conseguido as\u00ed que pronto vamos a publicar los nuevos llamados para la ciudad de Coyhaique\u201d, indic\u00f3 M\u00f3nica Sald\u00edas, invitando a la comunidad a mantenerse atenta a las redes sociales de la Seremi del medio Ambiente, as\u00ed como la p\u00e1gina web oficial calefactores.mma.gob.cl<\/p>\n<\/div><\/section><\/div><div  style='height:50px' class='hr hr-invisible   avia-builder-el-6  el_after_av_one_full  el_before_av_social_share '><span class='hr-inner ' ><span class='hr-inner-style'><\/span><\/span><\/div><\/p>\n<div  class='av-social-sharing-box  avia-builder-el-7  el_after_av_hr  el_before_av_hr  '><div class='av-share-box'><h5 class='av-share-link-description av-no-toc '>Compartir esta noticia<\/h5><ul class='av-share-box-list noLightbox'><li class='av-share-link av-social-link-facebook' ><a target=\"_blank\" aria-label=\"Compartir en Facebook\" href='https:\/\/www.facebook.com\/sharer.php?u=https:\/\/radiorevelacionfm.cl\/?p=2561&#038;t=Seremi%20del%20Medio%20Ambiente%20entrega%20avances%20del%20programa%20recambio%20de%20calefactores%20y%20anuncia%20pr%C3%B3ximos%20llamados%20a%20postulaci%C3%B3n' aria-hidden='false' data-av_icon='\ue8f3' data-av_iconfont='entypo-fontello' title='' data-avia-related-tooltip='Compartir en Facebook' rel=\"noopener\"><span class='avia_hidden_link_text'>Compartir en Facebook<\/span><\/a><\/li><li class='av-share-link av-social-link-twitter' ><a target=\"_blank\" aria-label=\"Compartir en Twitter\" href='https:\/\/twitter.com\/share?text=Seremi%20del%20Medio%20Ambiente%20entrega%20avances%20del%20programa%20recambio%20de%20calefactores%20y%20anuncia%20pr%C3%B3ximos%20llamados%20a%20postulaci%C3%B3n&#038;url=https:\/\/radiorevelacionfm.cl\/?p=2561' aria-hidden='false' data-av_icon='\ue8f1' data-av_iconfont='entypo-fontello' title='' data-avia-related-tooltip='Compartir en Twitter' rel=\"noopener\"><span class='avia_hidden_link_text'>Compartir en Twitter<\/span><\/a><\/li><li class='av-share-link av-social-link-whatsapp' ><a target=\"_blank\" aria-label=\"Compartir en Whatsapp\" href='https:\/\/api.whatsapp.com\/send?text=https:\/\/radiorevelacionfm.cl\/?p=2561' aria-hidden='false' data-av_icon='\uf232' data-av_iconfont='entypo-fontello' title='' data-avia-related-tooltip='Compartir en Whatsapp' rel=\"noopener\"><span class='avia_hidden_link_text'>Compartir en Whatsapp<\/span><\/a><\/li><li class='av-share-link av-social-link-linkedin' ><a target=\"_blank\" aria-label=\"Compartir en LinkedIn\" href='https:\/\/linkedin.com\/shareArticle?mini=true&#038;title=Seremi%20del%20Medio%20Ambiente%20entrega%20avances%20del%20programa%20recambio%20de%20calefactores%20y%20anuncia%20pr%C3%B3ximos%20llamados%20a%20postulaci%C3%B3n&#038;url=https:\/\/radiorevelacionfm.cl\/?p=2561' aria-hidden='false' data-av_icon='\ue8fc' data-av_iconfont='entypo-fontello' title='' data-avia-related-tooltip='Compartir en LinkedIn' rel=\"noopener\"><span class='avia_hidden_link_text'>Compartir en LinkedIn<\/span><\/a><\/li><li class='av-share-link av-social-link-mail' ><a  aria-label=\"Compartir por correo\" href='mailto:?subject=Seremi%20del%20Medio%20Ambiente%20entrega%20avances%20del%20programa%20recambio%20de%20calefactores%20y%20anuncia%20pr%C3%B3ximos%20llamados%20a%20postulaci%C3%B3n&#038;body=https:\/\/radiorevelacionfm.cl\/?p=2561' aria-hidden='false' data-av_icon='\ue805' data-av_iconfont='entypo-fontello' title='' data-avia-related-tooltip='Compartir por correo'><span class='avia_hidden_link_text'>Compartir por correo<\/span><\/a><\/li><\/ul><\/div><\/div>\n<div  style='height:50px' class='hr hr-invisible   avia-builder-el-8  el_after_av_social_share  el_before_av_comments_list '><span class='hr-inner ' ><span class='hr-inner-style'><\/span><\/span><\/div>\n<div  class='av-buildercomment  av-blog-meta-html-info-disabled av-blog-meta-tag-disabled  '><\/div>\n","protected":false},"excerpt":{"rendered":"","protected":false},"author":1,"featured_media":0,"comment_status":"open","ping_status":"open","sticky":false,"template":"","format":"standard","meta":{"footnotes":""},"categories":[39],"tags":[],"class_list":["post-2561","post","type-post","status-publish","format-standard","hentry","category-medio-ambiente"],"jetpack_featured_media_url":"","_links":{"self":[{"href":"https:\/\/radiorevelacionfm.cl\/index.php?rest_route=\/wp\/v2\/posts\/2561","targetHints":{"allow":["GET"]}}],"collection":[{"href":"https:\/\/radiorevelacionfm.cl\/index.php?rest_route=\/wp\/v2\/posts"}],"about":[{"href":"https:\/\/radiorevelacionfm.cl\/index.php?rest_route=\/wp\/v2\/types\/post"}],"author":[{"embeddable":true,"href":"https:\/\/radiorevelacionfm.cl\/index.php?rest_route=\/wp\/v2\/users\/1"}],"replies":[{"embeddable":true,"href":"https:\/\/radiorevelacionfm.cl\/index.php?rest_route=%2Fwp%2Fv2%2Fcomments&post=2561"}],"version-history":[{"count":1,"href":"https:\/\/radiorevelacionfm.cl\/index.php?rest_route=\/wp\/v2\/posts\/2561\/revisions"}],"predecessor-version":[{"id":2564,"href":"https:\/\/radiorevelacionfm.cl\/index.php?rest_route=\/wp\/v2\/posts\/2561\/revisions\/2564"}],"wp:attachment":[{"href":"https:\/\/radiorevelacionfm.cl\/index.php?rest_route=%2Fwp%2Fv2%2Fmedia&parent=2561"}],"wp:term":[{"taxonomy":"category","embeddable":true,"href":"https:\/\/radiorevelacionfm.cl\/index.php?rest_route=%2Fwp%2Fv2%2Fcategories&post=2561"},{"taxonomy":"post_tag","embeddable":true,"href":"https:\/\/radiorevelacionfm.cl\/index.php?rest_route=%2Fwp%2Fv2%2Ftags&post=2561"}],"curies":[{"name":"wp","href":"https:\/\/api.w.org\/{rel}","templated":true}]}}