{"id":25601,"date":"2022-12-20T09:32:14","date_gmt":"2022-12-20T12:32:14","guid":{"rendered":"https:\/\/radiorevelacionfm.cl\/?p=25601"},"modified":"2022-12-20T09:32:14","modified_gmt":"2022-12-20T12:32:14","slug":"encuentro-flamenco-conecta-cultura-sorprende-con-presentaciones-en-vivo-y-muestra-de-artesanias","status":"publish","type":"post","link":"https:\/\/radiorevelacionfm.cl\/?p=25601","title":{"rendered":"Encuentro \u201cFlamenco conecta cultura\u201d sorprende con presentaciones en vivo y muestra de artesan\u00edas"},"content":{"rendered":"<div class=\"flex_column av_one_full  flex_column_div av-zero-column-padding first  avia-builder-el-0  el_before_av_one_full  avia-builder-el-first  \" style='border-radius:0px; '><div  class='avia-image-container  av-styling-    avia-builder-el-1  avia-builder-el-no-sibling  avia-align-center '  itemprop=\"image\" itemscope=\"itemscope\" itemtype=\"https:\/\/schema.org\/ImageObject\"  ><div class='avia-image-container-inner'><div class='avia-image-overlay-wrap'><img decoding=\"async\" class='wp-image-25602 avia-img-lazy-loading-not-25602 avia_image' src=\"https:\/\/radiorevelacionfm.cl\/wp-content\/uploads\/2022\/12\/grupo-de-baile-puerto-aysen-1_optimized.jpg\" alt='' title='grupo-de-baile---puerto-ays\u00e9n-(1)_optimized' height=\"600\" width=\"899\"  itemprop=\"thumbnailUrl\" srcset=\"https:\/\/radiorevelacionfm.cl\/wp-content\/uploads\/2022\/12\/grupo-de-baile-puerto-aysen-1_optimized.jpg 899w, https:\/\/radiorevelacionfm.cl\/wp-content\/uploads\/2022\/12\/grupo-de-baile-puerto-aysen-1_optimized-300x200.jpg 300w, https:\/\/radiorevelacionfm.cl\/wp-content\/uploads\/2022\/12\/grupo-de-baile-puerto-aysen-1_optimized-768x513.jpg 768w, https:\/\/radiorevelacionfm.cl\/wp-content\/uploads\/2022\/12\/grupo-de-baile-puerto-aysen-1_optimized-705x471.jpg 705w, https:\/\/radiorevelacionfm.cl\/wp-content\/uploads\/2022\/12\/grupo-de-baile-puerto-aysen-1_optimized-600x400.jpg 600w\" sizes=\"(max-width: 899px) 100vw, 899px\" \/><\/div><\/div><\/div><\/div><div class=\"flex_column av_one_full  flex_column_div av-zero-column-padding first  avia-builder-el-2  el_after_av_one_full  el_before_av_one_full  column-top-margin\" style='border-radius:0px; '><section class=\"av_textblock_section \"  itemscope=\"itemscope\" itemtype=\"https:\/\/schema.org\/BlogPosting\" itemprop=\"blogPost\" ><div class='avia_textblock  '   itemprop=\"text\" ><p style=\"text-align: center;\"><span style=\"font-size: 18pt;\"><strong>Encuentro \u201cFlamenco conecta cultura\u201d sorprende con presentaciones en vivo y muestra de artesan\u00edas <\/strong><\/span><\/p>\n<div id=\"gtx-trans\" style=\"position: absolute; left: -50px; top: 4.31534px;\">\n<div class=\"gtx-trans-icon\"><\/div>\n<\/div>\n<\/div><\/section><\/div><div class=\"flex_column av_one_full  flex_column_div av-zero-column-padding first  avia-builder-el-4  el_after_av_one_full  el_before_av_hr  column-top-margin\" style='border-radius:0px; '><section class=\"av_textblock_section \"  itemscope=\"itemscope\" itemtype=\"https:\/\/schema.org\/BlogPosting\" itemprop=\"blogPost\" ><div class='avia_textblock  '   itemprop=\"text\" ><p style=\"text-align: justify;\">Con la participaci\u00f3n del conjunto Nuevos Aires de la Patagonia, el artista Mauro Z\u00fa\u00f1iga y puestos de artesan\u00edas, concluy\u00f3 la \u00faltima jornada del encuentro que reuni\u00f3 a representantes territoriales para el desarrollo de la vida cultural.<\/p>\n<p style=\"text-align: justify;\">Este mes, los habitantes de Ays\u00e9n y Cisnes experimentaron un intercambio de tradiciones y pr\u00e1cticas identitarias en la actividad \u201cFlamenco conecta cultura\u201d, punto de convergencia organizado por la Agrupaci\u00f3n Social y Cultural del Folclore Espa\u00f1ol en espacios municipales mediante financiamiento de la Seremi de Culturas Ays\u00e9n.<\/p>\n<p style=\"text-align: justify;\">La propuesta levantada en la l\u00ednea de Iniciativas Culturales Asociativas (ICA) del programa Fortalecimiento a la Identidad Cultural Regional en coordinaci\u00f3n con Red Cultura y la mesa art\u00edstica comunal de Ays\u00e9n a mediado de junio, dio paso a un encuentro entre organizaciones que permiti\u00f3 el reforzamiento de v\u00ednculos, acto significativo para la reactivaci\u00f3n de la econom\u00eda creativa y canales de comunicaci\u00f3n en localidades colindantes.<\/p>\n<p style=\"text-align: justify;\">El itinerario ejecutado en dos jornadas, el 3 de diciembre en el Gimnasio Municipal de Puyuhuapi, y el 17 en las dependencias deportivas del Liceo Ra\u00fal Broussain Campino de Puerto Ays\u00e9n, congreg\u00f3 a artesanas, cultores, conjuntos musicales y artistas oriundos de La Junta, Ra\u00fal Mar\u00edn Balmaceda, Melinka, Puerto Cisnes, Islas Huichas, Villa Ma\u00f1ihuales, Los Torreones y Puerto Ays\u00e9n para democratizar el acceso a las artes y favorecer el bienestar com\u00fan.<\/p>\n<p style=\"text-align: justify;\">\u201cNuestro proyecto involucra conectar el territorio, conectarnos como gestores para hacer una red de apoyo\u201d, sostuvo Jimena Mu\u00f1oz, integrante de la Agrupaci\u00f3n Social y Cultural del Folclore Espa\u00f1ol, quien detall\u00f3 que la iniciativa consider\u00f3 una muestra de danza en Puyuhuapi para acercar las similitudes del folclor espa\u00f1ol y chileno, adem\u00e1s de un conversatorio en donde compartieron experiencias de ICA anteriores.<\/p>\n<p style=\"text-align: justify;\">Para el encargado de la cartera de Cultura en la regi\u00f3n, Felipe Quiroz, la actividad vino a posibilitar el desarrollo e intercambio art\u00edstico entre comunidades: \u201cLo cual celebramos con mucho entusiasmo ya que despu\u00e9s de dos a\u00f1os de pandemia gener\u00f3 la posibilidad de encontrarse entre dos comunas, en levantar un trabajo colaborativo que sirviese como una plataforma de di\u00e1logo respecto al quehacer cultural, tanto de la comuna de Cisnes como de Ays\u00e9n\u201d.<\/p>\n<p style=\"text-align: justify;\">Por lo que, en base a la producci\u00f3n simb\u00f3lica y el traspaso generacional de saberes, los puestos de artesan\u00edas visibilizaron la diversidad de trabajos conforme a materias primas provenientes de la naturaleza. \u201cSomos difusores de un mismo tema que es el arte, y en el arte est\u00e1n incluidas las artesan\u00edas, la m\u00fasica, las ra\u00edces de nuestra comuna, de nuestra regi\u00f3n. As\u00ed que para m\u00ed es un honor estar aqu\u00ed, poder mostrar lo que hago y al mismo tiempo compartir con otras personas que trabajan en torno a la cultura\u201d, expres\u00f3 Beatriz Torres, artesana de Puerto Ays\u00e9n.<\/p>\n<p style=\"text-align: justify;\">En cuanto a la percepci\u00f3n del p\u00fablico y visitantes, los comentarios favorables no se hicieron esperar. \u201cEste a\u00f1o se han abierto bastantes espacios a la m\u00fasica, el baile, lo hemos visto durante todo el a\u00f1o, eso me parece s\u00faper bonito, y el hecho de que le den la oportunidad a la gente de mostrar sus trabajos tambi\u00e9n es importante\u201d, sostuvo Marisel Encelegre.<\/p>\n<p style=\"text-align: justify;\">Cabe mencionar que este proyecto ICA se suma a los desarrollados durante el a\u00f1o y recientemente concluidos, como el \u201cPrimer Festival de Ecosistemas de la Patagonia\u201d, a cargo de la Agrupaci\u00f3n Social de Turismo N\u00e1utico y Conservaci\u00f3n de Cet\u00e1ceos, en la comuna de Cisnes la semana pasada.<\/p>\n<\/div><\/section><\/div><div  style='height:50px' class='hr hr-invisible   avia-builder-el-6  el_after_av_one_full  el_before_av_social_share '><span class='hr-inner ' ><span class='hr-inner-style'><\/span><\/span><\/div><\/p>\n<div  class='av-social-sharing-box  avia-builder-el-7  el_after_av_hr  el_before_av_hr  '><div class='av-share-box'><h5 class='av-share-link-description av-no-toc '>Compartir esta noticia<\/h5><ul class='av-share-box-list noLightbox'><li class='av-share-link av-social-link-facebook' ><a target=\"_blank\" aria-label=\"Compartir en Facebook\" href='https:\/\/www.facebook.com\/sharer.php?u=https:\/\/radiorevelacionfm.cl\/?p=25601&#038;t=Encuentro%20%E2%80%9CFlamenco%20conecta%20cultura%E2%80%9D%20sorprende%20con%20presentaciones%20en%20vivo%20y%20muestra%20de%20artesan%C3%ADas' aria-hidden='false' data-av_icon='\ue8f3' data-av_iconfont='entypo-fontello' title='' data-avia-related-tooltip='Compartir en Facebook' rel=\"noopener\"><span class='avia_hidden_link_text'>Compartir en Facebook<\/span><\/a><\/li><li class='av-share-link av-social-link-twitter' ><a target=\"_blank\" aria-label=\"Compartir en Twitter\" href='https:\/\/twitter.com\/share?text=Encuentro%20%E2%80%9CFlamenco%20conecta%20cultura%E2%80%9D%20sorprende%20con%20presentaciones%20en%20vivo%20y%20muestra%20de%20artesan%C3%ADas&#038;url=https:\/\/radiorevelacionfm.cl\/?p=25601' aria-hidden='false' data-av_icon='\ue8f1' data-av_iconfont='entypo-fontello' title='' data-avia-related-tooltip='Compartir en Twitter' rel=\"noopener\"><span class='avia_hidden_link_text'>Compartir en Twitter<\/span><\/a><\/li><li class='av-share-link av-social-link-whatsapp' ><a target=\"_blank\" aria-label=\"Compartir en Whatsapp\" href='https:\/\/api.whatsapp.com\/send?text=https:\/\/radiorevelacionfm.cl\/?p=25601' aria-hidden='false' data-av_icon='\uf232' data-av_iconfont='entypo-fontello' title='' data-avia-related-tooltip='Compartir en Whatsapp' rel=\"noopener\"><span class='avia_hidden_link_text'>Compartir en Whatsapp<\/span><\/a><\/li><li class='av-share-link av-social-link-linkedin' ><a target=\"_blank\" aria-label=\"Compartir en LinkedIn\" href='https:\/\/linkedin.com\/shareArticle?mini=true&#038;title=Encuentro%20%E2%80%9CFlamenco%20conecta%20cultura%E2%80%9D%20sorprende%20con%20presentaciones%20en%20vivo%20y%20muestra%20de%20artesan%C3%ADas&#038;url=https:\/\/radiorevelacionfm.cl\/?p=25601' aria-hidden='false' data-av_icon='\ue8fc' data-av_iconfont='entypo-fontello' title='' data-avia-related-tooltip='Compartir en LinkedIn' rel=\"noopener\"><span class='avia_hidden_link_text'>Compartir en LinkedIn<\/span><\/a><\/li><li class='av-share-link av-social-link-mail' ><a  aria-label=\"Compartir por correo\" href='mailto:?subject=Encuentro%20%E2%80%9CFlamenco%20conecta%20cultura%E2%80%9D%20sorprende%20con%20presentaciones%20en%20vivo%20y%20muestra%20de%20artesan%C3%ADas&#038;body=https:\/\/radiorevelacionfm.cl\/?p=25601' aria-hidden='false' data-av_icon='\ue805' data-av_iconfont='entypo-fontello' title='' data-avia-related-tooltip='Compartir por correo'><span class='avia_hidden_link_text'>Compartir por correo<\/span><\/a><\/li><\/ul><\/div><\/div>\n<div  style='height:50px' class='hr hr-invisible   avia-builder-el-8  el_after_av_social_share  el_before_av_comments_list '><span class='hr-inner ' ><span class='hr-inner-style'><\/span><\/span><\/div>\n<div  class='av-buildercomment  av-blog-meta-html-info-disabled av-blog-meta-tag-disabled  '><\/div>\n","protected":false},"excerpt":{"rendered":"","protected":false},"author":1,"featured_media":25602,"comment_status":"open","ping_status":"open","sticky":false,"template":"","format":"standard","meta":{"footnotes":""},"categories":[52],"tags":[],"class_list":["post-25601","post","type-post","status-publish","format-standard","has-post-thumbnail","hentry","category-cultura"],"jetpack_featured_media_url":"https:\/\/radiorevelacionfm.cl\/wp-content\/uploads\/2022\/12\/grupo-de-baile-puerto-aysen-1_optimized.jpg","_links":{"self":[{"href":"https:\/\/radiorevelacionfm.cl\/index.php?rest_route=\/wp\/v2\/posts\/25601","targetHints":{"allow":["GET"]}}],"collection":[{"href":"https:\/\/radiorevelacionfm.cl\/index.php?rest_route=\/wp\/v2\/posts"}],"about":[{"href":"https:\/\/radiorevelacionfm.cl\/index.php?rest_route=\/wp\/v2\/types\/post"}],"author":[{"embeddable":true,"href":"https:\/\/radiorevelacionfm.cl\/index.php?rest_route=\/wp\/v2\/users\/1"}],"replies":[{"embeddable":true,"href":"https:\/\/radiorevelacionfm.cl\/index.php?rest_route=%2Fwp%2Fv2%2Fcomments&post=25601"}],"version-history":[{"count":2,"href":"https:\/\/radiorevelacionfm.cl\/index.php?rest_route=\/wp\/v2\/posts\/25601\/revisions"}],"predecessor-version":[{"id":25627,"href":"https:\/\/radiorevelacionfm.cl\/index.php?rest_route=\/wp\/v2\/posts\/25601\/revisions\/25627"}],"wp:featuredmedia":[{"embeddable":true,"href":"https:\/\/radiorevelacionfm.cl\/index.php?rest_route=\/wp\/v2\/media\/25602"}],"wp:attachment":[{"href":"https:\/\/radiorevelacionfm.cl\/index.php?rest_route=%2Fwp%2Fv2%2Fmedia&parent=25601"}],"wp:term":[{"taxonomy":"category","embeddable":true,"href":"https:\/\/radiorevelacionfm.cl\/index.php?rest_route=%2Fwp%2Fv2%2Fcategories&post=25601"},{"taxonomy":"post_tag","embeddable":true,"href":"https:\/\/radiorevelacionfm.cl\/index.php?rest_route=%2Fwp%2Fv2%2Ftags&post=25601"}],"curies":[{"name":"wp","href":"https:\/\/api.w.org\/{rel}","templated":true}]}}