{"id":25596,"date":"2022-12-19T17:07:41","date_gmt":"2022-12-19T20:07:41","guid":{"rendered":"https:\/\/radiorevelacionfm.cl\/?p=25596"},"modified":"2022-12-19T17:07:41","modified_gmt":"2022-12-19T20:07:41","slug":"barcaza-padre-antonio-ronchi-zarpara-en-los-proximos-dias-rumbo-a-puerto-montt-para-realizar-proceso-de-carena","status":"publish","type":"post","link":"https:\/\/radiorevelacionfm.cl\/?p=25596","title":{"rendered":"Barcaza Padre Antonio Ronchi zarpar\u00e1 en los pr\u00f3ximos d\u00edas rumbo a Puerto Montt para realizar proceso de carena"},"content":{"rendered":"<div class=\"flex_column av_one_full  flex_column_div av-zero-column-padding first  avia-builder-el-0  el_before_av_one_full  avia-builder-el-first  \" style='border-radius:0px; '><div  class='avia-image-container  av-styling-    avia-builder-el-1  avia-builder-el-no-sibling  avia-align-center '  itemprop=\"image\" itemscope=\"itemscope\" itemtype=\"https:\/\/schema.org\/ImageObject\"  ><div class='avia-image-container-inner'><div class='avia-image-overlay-wrap'><img decoding=\"async\" class='wp-image-25597 avia-img-lazy-loading-not-25597 avia_image' src=\"https:\/\/radiorevelacionfm.cl\/wp-content\/uploads\/2022\/12\/NAVE-PADRE-ANTONIO-RONCHI-1-1.jpg\" alt='' title='NAVE-PADRE-ANTONIO-RONCHI (1) (1)' height=\"600\" width=\"1067\"  itemprop=\"thumbnailUrl\" srcset=\"https:\/\/radiorevelacionfm.cl\/wp-content\/uploads\/2022\/12\/NAVE-PADRE-ANTONIO-RONCHI-1-1.jpg 1067w, https:\/\/radiorevelacionfm.cl\/wp-content\/uploads\/2022\/12\/NAVE-PADRE-ANTONIO-RONCHI-1-1-300x169.jpg 300w, https:\/\/radiorevelacionfm.cl\/wp-content\/uploads\/2022\/12\/NAVE-PADRE-ANTONIO-RONCHI-1-1-1030x579.jpg 1030w, https:\/\/radiorevelacionfm.cl\/wp-content\/uploads\/2022\/12\/NAVE-PADRE-ANTONIO-RONCHI-1-1-768x432.jpg 768w, https:\/\/radiorevelacionfm.cl\/wp-content\/uploads\/2022\/12\/NAVE-PADRE-ANTONIO-RONCHI-1-1-705x396.jpg 705w, https:\/\/radiorevelacionfm.cl\/wp-content\/uploads\/2022\/12\/NAVE-PADRE-ANTONIO-RONCHI-1-1-600x337.jpg 600w\" sizes=\"(max-width: 1067px) 100vw, 1067px\" \/><\/div><\/div><\/div><\/div><div class=\"flex_column av_one_full  flex_column_div av-zero-column-padding first  avia-builder-el-2  el_after_av_one_full  el_before_av_one_full  column-top-margin\" style='border-radius:0px; '><section class=\"av_textblock_section \"  itemscope=\"itemscope\" itemtype=\"https:\/\/schema.org\/BlogPosting\" itemprop=\"blogPost\" ><div class='avia_textblock  '   itemprop=\"text\" ><p style=\"text-align: center;\"><strong><span style=\"font-size: 18pt;\">Barcaza Padre Antonio Ronchi zarpar\u00e1 en los pr\u00f3ximos d\u00edas rumbo a Puerto Montt para realizar proceso de carena<\/span><\/strong><\/p>\n<div id=\"gtx-trans\" style=\"position: absolute; left: -50px; top: 4.31534px;\">\n<div class=\"gtx-trans-icon\"><\/div>\n<\/div>\n<\/div><\/section><\/div><div class=\"flex_column av_one_full  flex_column_div av-zero-column-padding first  avia-builder-el-4  el_after_av_one_full  el_before_av_hr  column-top-margin\" style='border-radius:0px; '><section class=\"av_textblock_section \"  itemscope=\"itemscope\" itemtype=\"https:\/\/schema.org\/BlogPosting\" itemprop=\"blogPost\" ><div class='avia_textblock  '   itemprop=\"text\" ><p style=\"text-align: justify;\">El plazo de ejecuci\u00f3n del proceso de carena a la embarcaci\u00f3n tiene una duraci\u00f3n de dos meses, a los que se suma dos meses m\u00e1s de trabajos de mantenimiento a la nave que debe realizar la empresa operadora Ricardo Vidal Castro (RVC).<\/p>\n<p style=\"text-align: justify;\">El Secretario Regional Ministerial de Obras P\u00fablicas Patricio Sanhueza Ulloa conjuntamente con el Director Regional de Obras Portuarias del MOP, \u00c1lvaro D\u00edaz Contreras informaron que el inicio del contrato de la Direcci\u00f3n Regional de Obras Portuarias de servicio de carena y mantenci\u00f3n para la Barcaza Padre Antonio Ronchi, fue adjudicado a la empresa ASCON y hoy se encuentra en proceso final de tramitaci\u00f3n.<\/p>\n<p style=\"text-align: justify;\">Consultado respecto a detalles de este proceso, el Director Regional de Obras Portuarias indic\u00f3 \u201clas coordinaciones ya realizadas por parte de la Direcci\u00f3n Regional de Obras Portuarias del Ministerio de Obras P\u00fablicas, el Ministerio de Transportes y Telecomunicaciones y operador la empresa Ricardo Vidal Castro (RVC) se dispuso el reemplazo de la nave Padre Antonio Ronchi por la Barcaza Caleman II, la que arrib\u00f3 el 17 de diciembre 2022 a Puerto Yungay. Dentro de los pr\u00f3ximos d\u00edas la Barcaza Padre Antonio Ronchi zarpar\u00e1 desde Puerto Yungay a Puerto Montt para arribar al astillero ASCON. El plazo de ejecuci\u00f3n del proceso de carena es de dos meses, a los que se suman dos meses m\u00e1s de trabajos de mantenimiento a la nave que debe realizar la empresa operadora Ricardo Vidal Castro (RVC)\u201d.<\/p>\n<p style=\"text-align: justify;\">Por su parte, el SEREMI del MOP destac\u00f3 \u201cla gesti\u00f3n realizada por el Ministerio de Transportes y Telecomunicaciones relacionada con la mantenci\u00f3n de las naves, en donde ellos pudieron dar respuesta al requerimiento de los habitantes de la comuna, a sus autoridades y tambi\u00e9n a los gremios de transporte y de turismo donde se requer\u00eda una nave igual o de mayores dimensiones que la que operaba en el sector, lo que se concret\u00f3 con la Barcaza Caleman II la que supera con creces las dimensiones y capacidades que tiene la Barcaza Antonio Ronchi, contando con mayor capacidad para el traslado de pasajeros (150 personas) y transporte de carga (100 metros lineales). La Barcaza Caleman II se har\u00e1 cargo del servicio de transporte subvencionado por el Fiordo Mitchell, entre Puerto Yungay y R\u00edo Bravo, en la zona sur de la regi\u00f3n de Ays\u00e9n y aumentar\u00e1 las frecuencias del servicio a cinco diarias en \u00e9poca estival\u201d.<\/p>\n<\/div><\/section><\/div><div  style='height:50px' class='hr hr-invisible   avia-builder-el-6  el_after_av_one_full  el_before_av_social_share '><span class='hr-inner ' ><span class='hr-inner-style'><\/span><\/span><\/div><\/p>\n<div  class='av-social-sharing-box  avia-builder-el-7  el_after_av_hr  el_before_av_hr  '><div class='av-share-box'><h5 class='av-share-link-description av-no-toc '>Compartir esta noticia<\/h5><ul class='av-share-box-list noLightbox'><li class='av-share-link av-social-link-facebook' ><a target=\"_blank\" aria-label=\"Compartir en Facebook\" href='https:\/\/www.facebook.com\/sharer.php?u=https:\/\/radiorevelacionfm.cl\/?p=25596&#038;t=Barcaza%20Padre%20Antonio%20Ronchi%20zarpar%C3%A1%20en%20los%20pr%C3%B3ximos%20d%C3%ADas%20rumbo%20a%20Puerto%20Montt%20para%20realizar%20proceso%20de%20carena' aria-hidden='false' data-av_icon='\ue8f3' data-av_iconfont='entypo-fontello' title='' data-avia-related-tooltip='Compartir en Facebook' rel=\"noopener\"><span class='avia_hidden_link_text'>Compartir en Facebook<\/span><\/a><\/li><li class='av-share-link av-social-link-twitter' ><a target=\"_blank\" aria-label=\"Compartir en Twitter\" href='https:\/\/twitter.com\/share?text=Barcaza%20Padre%20Antonio%20Ronchi%20zarpar%C3%A1%20en%20los%20pr%C3%B3ximos%20d%C3%ADas%20rumbo%20a%20Puerto%20Montt%20para%20realizar%20proceso%20de%20carena&#038;url=https:\/\/radiorevelacionfm.cl\/?p=25596' aria-hidden='false' data-av_icon='\ue8f1' data-av_iconfont='entypo-fontello' title='' data-avia-related-tooltip='Compartir en Twitter' rel=\"noopener\"><span class='avia_hidden_link_text'>Compartir en Twitter<\/span><\/a><\/li><li class='av-share-link av-social-link-whatsapp' ><a target=\"_blank\" aria-label=\"Compartir en Whatsapp\" href='https:\/\/api.whatsapp.com\/send?text=https:\/\/radiorevelacionfm.cl\/?p=25596' aria-hidden='false' data-av_icon='\uf232' data-av_iconfont='entypo-fontello' title='' data-avia-related-tooltip='Compartir en Whatsapp' rel=\"noopener\"><span class='avia_hidden_link_text'>Compartir en Whatsapp<\/span><\/a><\/li><li class='av-share-link av-social-link-linkedin' ><a target=\"_blank\" aria-label=\"Compartir en LinkedIn\" href='https:\/\/linkedin.com\/shareArticle?mini=true&#038;title=Barcaza%20Padre%20Antonio%20Ronchi%20zarpar%C3%A1%20en%20los%20pr%C3%B3ximos%20d%C3%ADas%20rumbo%20a%20Puerto%20Montt%20para%20realizar%20proceso%20de%20carena&#038;url=https:\/\/radiorevelacionfm.cl\/?p=25596' aria-hidden='false' data-av_icon='\ue8fc' data-av_iconfont='entypo-fontello' title='' data-avia-related-tooltip='Compartir en LinkedIn' rel=\"noopener\"><span class='avia_hidden_link_text'>Compartir en LinkedIn<\/span><\/a><\/li><li class='av-share-link av-social-link-mail' ><a  aria-label=\"Compartir por correo\" href='mailto:?subject=Barcaza%20Padre%20Antonio%20Ronchi%20zarpar%C3%A1%20en%20los%20pr%C3%B3ximos%20d%C3%ADas%20rumbo%20a%20Puerto%20Montt%20para%20realizar%20proceso%20de%20carena&#038;body=https:\/\/radiorevelacionfm.cl\/?p=25596' aria-hidden='false' data-av_icon='\ue805' data-av_iconfont='entypo-fontello' title='' data-avia-related-tooltip='Compartir por correo'><span class='avia_hidden_link_text'>Compartir por correo<\/span><\/a><\/li><\/ul><\/div><\/div>\n<div  style='height:50px' class='hr hr-invisible   avia-builder-el-8  el_after_av_social_share  el_before_av_comments_list '><span class='hr-inner ' ><span class='hr-inner-style'><\/span><\/span><\/div>\n<div  class='av-buildercomment  av-blog-meta-html-info-disabled av-blog-meta-tag-disabled  '><\/div>\n","protected":false},"excerpt":{"rendered":"","protected":false},"author":1,"featured_media":25597,"comment_status":"open","ping_status":"open","sticky":false,"template":"","format":"standard","meta":{"footnotes":""},"categories":[59],"tags":[],"class_list":["post-25596","post","type-post","status-publish","format-standard","has-post-thumbnail","hentry","category-transporte"],"jetpack_featured_media_url":"https:\/\/radiorevelacionfm.cl\/wp-content\/uploads\/2022\/12\/NAVE-PADRE-ANTONIO-RONCHI-1-1.jpg","_links":{"self":[{"href":"https:\/\/radiorevelacionfm.cl\/index.php?rest_route=\/wp\/v2\/posts\/25596","targetHints":{"allow":["GET"]}}],"collection":[{"href":"https:\/\/radiorevelacionfm.cl\/index.php?rest_route=\/wp\/v2\/posts"}],"about":[{"href":"https:\/\/radiorevelacionfm.cl\/index.php?rest_route=\/wp\/v2\/types\/post"}],"author":[{"embeddable":true,"href":"https:\/\/radiorevelacionfm.cl\/index.php?rest_route=\/wp\/v2\/users\/1"}],"replies":[{"embeddable":true,"href":"https:\/\/radiorevelacionfm.cl\/index.php?rest_route=%2Fwp%2Fv2%2Fcomments&post=25596"}],"version-history":[{"count":2,"href":"https:\/\/radiorevelacionfm.cl\/index.php?rest_route=\/wp\/v2\/posts\/25596\/revisions"}],"predecessor-version":[{"id":25600,"href":"https:\/\/radiorevelacionfm.cl\/index.php?rest_route=\/wp\/v2\/posts\/25596\/revisions\/25600"}],"wp:featuredmedia":[{"embeddable":true,"href":"https:\/\/radiorevelacionfm.cl\/index.php?rest_route=\/wp\/v2\/media\/25597"}],"wp:attachment":[{"href":"https:\/\/radiorevelacionfm.cl\/index.php?rest_route=%2Fwp%2Fv2%2Fmedia&parent=25596"}],"wp:term":[{"taxonomy":"category","embeddable":true,"href":"https:\/\/radiorevelacionfm.cl\/index.php?rest_route=%2Fwp%2Fv2%2Fcategories&post=25596"},{"taxonomy":"post_tag","embeddable":true,"href":"https:\/\/radiorevelacionfm.cl\/index.php?rest_route=%2Fwp%2Fv2%2Ftags&post=25596"}],"curies":[{"name":"wp","href":"https:\/\/api.w.org\/{rel}","templated":true}]}}