{"id":25592,"date":"2022-12-19T16:52:48","date_gmt":"2022-12-19T19:52:48","guid":{"rendered":"https:\/\/radiorevelacionfm.cl\/?p=25592"},"modified":"2022-12-19T16:52:48","modified_gmt":"2022-12-19T19:52:48","slug":"exitosa-fusion-permite-que-la-comuna-de-tortel-ya-cuente-con-energia-electrica-24-7","status":"publish","type":"post","link":"https:\/\/radiorevelacionfm.cl\/?p=25592","title":{"rendered":"Exitosa fusi\u00f3n permite que la Comuna de Tortel ya cuente con energ\u00eda el\u00e9ctrica 24\/7"},"content":{"rendered":"<div class=\"flex_column av_one_full  flex_column_div av-zero-column-padding first  avia-builder-el-0  el_before_av_one_full  avia-builder-el-first  \" style='border-radius:0px; '><div  class='avia-image-container  av-styling-    avia-builder-el-1  avia-builder-el-no-sibling  avia-align-center '  itemprop=\"image\" itemscope=\"itemscope\" itemtype=\"https:\/\/schema.org\/ImageObject\"  ><div class='avia-image-container-inner'><div class='avia-image-overlay-wrap'><img decoding=\"async\" class='wp-image-25593 avia-img-lazy-loading-not-25593 avia_image' src=\"https:\/\/radiorevelacionfm.cl\/wp-content\/uploads\/2022\/12\/img_3257-1_optimized-1.jpg\" alt='' title='img_3257-(1)_optimized (1)' height=\"600\" width=\"900\"  itemprop=\"thumbnailUrl\" srcset=\"https:\/\/radiorevelacionfm.cl\/wp-content\/uploads\/2022\/12\/img_3257-1_optimized-1.jpg 900w, https:\/\/radiorevelacionfm.cl\/wp-content\/uploads\/2022\/12\/img_3257-1_optimized-1-300x200.jpg 300w, https:\/\/radiorevelacionfm.cl\/wp-content\/uploads\/2022\/12\/img_3257-1_optimized-1-768x512.jpg 768w, https:\/\/radiorevelacionfm.cl\/wp-content\/uploads\/2022\/12\/img_3257-1_optimized-1-705x470.jpg 705w, https:\/\/radiorevelacionfm.cl\/wp-content\/uploads\/2022\/12\/img_3257-1_optimized-1-600x400.jpg 600w\" sizes=\"(max-width: 900px) 100vw, 900px\" \/><\/div><\/div><\/div><\/div><div class=\"flex_column av_one_full  flex_column_div av-zero-column-padding first  avia-builder-el-2  el_after_av_one_full  el_before_av_one_full  column-top-margin\" style='border-radius:0px; '><section class=\"av_textblock_section \"  itemscope=\"itemscope\" itemtype=\"https:\/\/schema.org\/BlogPosting\" itemprop=\"blogPost\" ><div class='avia_textblock  '   itemprop=\"text\" ><p style=\"text-align: center;\"><strong><span style=\"font-size: 18pt;\">Exitosa fusi\u00f3n permite que la Comuna de Tortel ya cuente con energ\u00eda el\u00e9ctrica 24\/7<\/span><\/strong><\/p>\n<div id=\"gtx-trans\" style=\"position: absolute; left: -50px; top: 4.31534px;\">\n<div class=\"gtx-trans-icon\"><\/div>\n<\/div>\n<\/div><\/section><\/div><div class=\"flex_column av_one_full  flex_column_div av-zero-column-padding first  avia-builder-el-4  el_after_av_one_full  el_before_av_hr  column-top-margin\" style='border-radius:0px; '><section class=\"av_textblock_section \"  itemscope=\"itemscope\" itemtype=\"https:\/\/schema.org\/BlogPosting\" itemprop=\"blogPost\" ><div class='avia_textblock  '   itemprop=\"text\" ><p style=\"text-align: justify;\">El proyecto de sincronismo, que vincula el sistema h\u00eddrico y diesel de la comuna de Tortel, comienza a mostrar sus primeros resultados. Y es que este territorio, ubicado en la zona sur de la regi\u00f3n de Ays\u00e9n, est\u00e1 vivenciando los beneficios de una exitosa fusi\u00f3n entre la corriente de agua y petr\u00f3leo, a partir de una modernizaci\u00f3n con fibra \u00f3ptica en el sistema.<\/p>\n<p style=\"text-align: justify;\">Una importante gesti\u00f3n municipal, liderada por don Abel Becerra Vidal, alcalde de la comuna de Tortel, permiti\u00f3 cumplir una de las promesas realizadas durante su campa\u00f1a: tener suministro de energ\u00eda el\u00e9ctrica 24\/7, permitiendo que vecinos de la localidad puedan tener a su disposici\u00f3n electricidad sin limitaciones.<\/p>\n<p style=\"text-align: justify;\">\u201cEl sistema de sincronismo consiste en generar comunicaci\u00f3n entre el sistema h\u00eddrico y diesel, a partir de una operaci\u00f3n que se hace por completo a distancia. En ella, nos ahorramos recursos importantes, como menor inversi\u00f3n en capital humano y presupuesto en general, espec\u00edficamente\u201d, asegura Abel Becerra Vidal, edil de Tortel.<\/p>\n<p style=\"text-align: justify;\">El proyecto que fue financiado con un Subsidio de Generaci\u00f3n de Sistemas Aislados del Gobierno Regional y el Ministerio de Energ\u00eda, a partir de un trabajo mancomunado entre la I. Municipalidad de Tortel y la sociedad civil, conllev\u00f3 cuatro meses de desarrollo hasta generar el sincronismo. Tras ello se procedi\u00f3 a un periodo de prueba, una marcha blanca y la normalizaci\u00f3n del uso del sistema.<\/p>\n<p style=\"text-align: justify;\">Para el municipio de Tortel, el \u00e9xito de la iniciativa no s\u00f3lo est\u00e1 en la posibilidad de contar con un suministro estable de electricidad, sino que una parte importante del proceso de sincronismo, fue que permiti\u00f3 comenzar la puesta en marcha del sistema de alcantarillado en la localidad, \u00e9xito fundamental de esta administraci\u00f3n.<\/p>\n<p style=\"text-align: justify;\">\u201cCon este logro quedamos con una sensaci\u00f3n de conformidad. Contar con electricidad y agua constante, es parte de lo que necesit\u00e1bamos tener. Y aunque esto debi\u00f3 estar dado desde hace mucho tiempo, para asegurar el bienestar de nuestros pobladores, tenemos que a futuro encontrar la manera de bajar el consumo de di\u00e9sel, como mecanismo central en el funcionamiento de la red el\u00e9ctrica\u201d se\u00f1ala don Abel Becerra Vidal.<\/p>\n<p style=\"text-align: justify;\">Y es que, a pesar del significativo logro alcanzado, la gesti\u00f3n municipal no cesa, pues se barajan opciones para potenciar un uso sustentable de la red de conexi\u00f3n, ya que los requerimientos de combustibles podr\u00edan ser problem\u00e1ticos ante la escasez.<\/p>\n<p style=\"text-align: justify;\">As\u00ed, el alcalde Abel Becerra Vidal, en conjunto con su equipo de SECPLAN, eval\u00faan la posibilidad de hacer una mini planta fotovoltaica, en tanto consideran la elaboraci\u00f3n de un proyecto de central en el cruce hacia Yungay, como opci\u00f3n permanente a la producci\u00f3n de energ\u00eda. No obstante, por el momento, la gesti\u00f3n municipal evidencia un esfuerzo constante para cumplir las promesas realizadas durante la campa\u00f1a del hoy alcalde de Tortel.<\/p>\n<\/div><\/section><\/div><div  style='height:50px' class='hr hr-invisible   avia-builder-el-6  el_after_av_one_full  el_before_av_social_share '><span class='hr-inner ' ><span class='hr-inner-style'><\/span><\/span><\/div><\/p>\n<div  class='av-social-sharing-box  avia-builder-el-7  el_after_av_hr  el_before_av_hr  '><div class='av-share-box'><h5 class='av-share-link-description av-no-toc '>Compartir esta noticia<\/h5><ul class='av-share-box-list noLightbox'><li class='av-share-link av-social-link-facebook' ><a target=\"_blank\" aria-label=\"Compartir en Facebook\" href='https:\/\/www.facebook.com\/sharer.php?u=https:\/\/radiorevelacionfm.cl\/?p=25592&#038;t=Exitosa%20fusi%C3%B3n%20permite%20que%20la%20Comuna%20de%20Tortel%20ya%20cuente%20con%20energ%C3%ADa%20el%C3%A9ctrica%2024%2F7' aria-hidden='false' data-av_icon='\ue8f3' data-av_iconfont='entypo-fontello' title='' data-avia-related-tooltip='Compartir en Facebook' rel=\"noopener\"><span class='avia_hidden_link_text'>Compartir en Facebook<\/span><\/a><\/li><li class='av-share-link av-social-link-twitter' ><a target=\"_blank\" aria-label=\"Compartir en Twitter\" href='https:\/\/twitter.com\/share?text=Exitosa%20fusi%C3%B3n%20permite%20que%20la%20Comuna%20de%20Tortel%20ya%20cuente%20con%20energ%C3%ADa%20el%C3%A9ctrica%2024%2F7&#038;url=https:\/\/radiorevelacionfm.cl\/?p=25592' aria-hidden='false' data-av_icon='\ue8f1' data-av_iconfont='entypo-fontello' title='' data-avia-related-tooltip='Compartir en Twitter' rel=\"noopener\"><span class='avia_hidden_link_text'>Compartir en Twitter<\/span><\/a><\/li><li class='av-share-link av-social-link-whatsapp' ><a target=\"_blank\" aria-label=\"Compartir en Whatsapp\" href='https:\/\/api.whatsapp.com\/send?text=https:\/\/radiorevelacionfm.cl\/?p=25592' aria-hidden='false' data-av_icon='\uf232' data-av_iconfont='entypo-fontello' title='' data-avia-related-tooltip='Compartir en Whatsapp' rel=\"noopener\"><span class='avia_hidden_link_text'>Compartir en Whatsapp<\/span><\/a><\/li><li class='av-share-link av-social-link-linkedin' ><a target=\"_blank\" aria-label=\"Compartir en LinkedIn\" href='https:\/\/linkedin.com\/shareArticle?mini=true&#038;title=Exitosa%20fusi%C3%B3n%20permite%20que%20la%20Comuna%20de%20Tortel%20ya%20cuente%20con%20energ%C3%ADa%20el%C3%A9ctrica%2024%2F7&#038;url=https:\/\/radiorevelacionfm.cl\/?p=25592' aria-hidden='false' data-av_icon='\ue8fc' data-av_iconfont='entypo-fontello' title='' data-avia-related-tooltip='Compartir en LinkedIn' rel=\"noopener\"><span class='avia_hidden_link_text'>Compartir en LinkedIn<\/span><\/a><\/li><li class='av-share-link av-social-link-mail' ><a  aria-label=\"Compartir por correo\" href='mailto:?subject=Exitosa%20fusi%C3%B3n%20permite%20que%20la%20Comuna%20de%20Tortel%20ya%20cuente%20con%20energ%C3%ADa%20el%C3%A9ctrica%2024%2F7&#038;body=https:\/\/radiorevelacionfm.cl\/?p=25592' aria-hidden='false' data-av_icon='\ue805' data-av_iconfont='entypo-fontello' title='' data-avia-related-tooltip='Compartir por correo'><span class='avia_hidden_link_text'>Compartir por correo<\/span><\/a><\/li><\/ul><\/div><\/div>\n<div  style='height:50px' class='hr hr-invisible   avia-builder-el-8  el_after_av_social_share  el_before_av_comments_list '><span class='hr-inner ' ><span class='hr-inner-style'><\/span><\/span><\/div>\n<div  class='av-buildercomment  av-blog-meta-html-info-disabled av-blog-meta-tag-disabled  '><\/div>\n","protected":false},"excerpt":{"rendered":"","protected":false},"author":1,"featured_media":25593,"comment_status":"open","ping_status":"open","sticky":false,"template":"","format":"standard","meta":{"footnotes":""},"categories":[38],"tags":[],"class_list":["post-25592","post","type-post","status-publish","format-standard","has-post-thumbnail","hentry","category-regional"],"jetpack_featured_media_url":"https:\/\/radiorevelacionfm.cl\/wp-content\/uploads\/2022\/12\/img_3257-1_optimized-1.jpg","_links":{"self":[{"href":"https:\/\/radiorevelacionfm.cl\/index.php?rest_route=\/wp\/v2\/posts\/25592","targetHints":{"allow":["GET"]}}],"collection":[{"href":"https:\/\/radiorevelacionfm.cl\/index.php?rest_route=\/wp\/v2\/posts"}],"about":[{"href":"https:\/\/radiorevelacionfm.cl\/index.php?rest_route=\/wp\/v2\/types\/post"}],"author":[{"embeddable":true,"href":"https:\/\/radiorevelacionfm.cl\/index.php?rest_route=\/wp\/v2\/users\/1"}],"replies":[{"embeddable":true,"href":"https:\/\/radiorevelacionfm.cl\/index.php?rest_route=%2Fwp%2Fv2%2Fcomments&post=25592"}],"version-history":[{"count":2,"href":"https:\/\/radiorevelacionfm.cl\/index.php?rest_route=\/wp\/v2\/posts\/25592\/revisions"}],"predecessor-version":[{"id":25595,"href":"https:\/\/radiorevelacionfm.cl\/index.php?rest_route=\/wp\/v2\/posts\/25592\/revisions\/25595"}],"wp:featuredmedia":[{"embeddable":true,"href":"https:\/\/radiorevelacionfm.cl\/index.php?rest_route=\/wp\/v2\/media\/25593"}],"wp:attachment":[{"href":"https:\/\/radiorevelacionfm.cl\/index.php?rest_route=%2Fwp%2Fv2%2Fmedia&parent=25592"}],"wp:term":[{"taxonomy":"category","embeddable":true,"href":"https:\/\/radiorevelacionfm.cl\/index.php?rest_route=%2Fwp%2Fv2%2Fcategories&post=25592"},{"taxonomy":"post_tag","embeddable":true,"href":"https:\/\/radiorevelacionfm.cl\/index.php?rest_route=%2Fwp%2Fv2%2Ftags&post=25592"}],"curies":[{"name":"wp","href":"https:\/\/api.w.org\/{rel}","templated":true}]}}