{"id":25575,"date":"2022-12-19T10:57:22","date_gmt":"2022-12-19T13:57:22","guid":{"rendered":"https:\/\/radiorevelacionfm.cl\/?p=25575"},"modified":"2022-12-19T10:57:22","modified_gmt":"2022-12-19T13:57:22","slug":"como-lograr-el-exito-a-traves-de-la-gestion-de-marca-de-tu-empresa","status":"publish","type":"post","link":"https:\/\/radiorevelacionfm.cl\/?p=25575","title":{"rendered":"C\u00f3mo lograr el \u00e9xito a trav\u00e9s de la gesti\u00f3n de marca de tu empresa"},"content":{"rendered":"<div class=\"flex_column av_one_full  flex_column_div av-zero-column-padding first  avia-builder-el-0  el_before_av_one_full  avia-builder-el-first  \" style='border-radius:0px; '><div  class='avia-image-container  av-styling-    avia-builder-el-1  avia-builder-el-no-sibling  avia-align-center '  itemprop=\"image\" itemscope=\"itemscope\" itemtype=\"https:\/\/schema.org\/ImageObject\"  ><div class='avia-image-container-inner'><div class='avia-image-overlay-wrap'><img decoding=\"async\" class='wp-image-25576 avia-img-lazy-loading-not-25576 avia_image' src=\"https:\/\/radiorevelacionfm.cl\/wp-content\/uploads\/2022\/12\/RED.-Post-28.06-9-1-1.jpg\" alt='' title='RED. Post 28.06-9 (1) (1)' height=\"600\" width=\"600\"  itemprop=\"thumbnailUrl\" srcset=\"https:\/\/radiorevelacionfm.cl\/wp-content\/uploads\/2022\/12\/RED.-Post-28.06-9-1-1.jpg 600w, https:\/\/radiorevelacionfm.cl\/wp-content\/uploads\/2022\/12\/RED.-Post-28.06-9-1-1-300x300.jpg 300w, https:\/\/radiorevelacionfm.cl\/wp-content\/uploads\/2022\/12\/RED.-Post-28.06-9-1-1-80x80.jpg 80w, https:\/\/radiorevelacionfm.cl\/wp-content\/uploads\/2022\/12\/RED.-Post-28.06-9-1-1-36x36.jpg 36w, https:\/\/radiorevelacionfm.cl\/wp-content\/uploads\/2022\/12\/RED.-Post-28.06-9-1-1-180x180.jpg 180w, https:\/\/radiorevelacionfm.cl\/wp-content\/uploads\/2022\/12\/RED.-Post-28.06-9-1-1-100x100.jpg 100w\" sizes=\"(max-width: 600px) 100vw, 600px\" \/><\/div><\/div><\/div><\/div><div class=\"flex_column av_one_full  flex_column_div av-zero-column-padding first  avia-builder-el-2  el_after_av_one_full  el_before_av_one_full  column-top-margin\" style='border-radius:0px; '><section class=\"av_textblock_section \"  itemscope=\"itemscope\" itemtype=\"https:\/\/schema.org\/BlogPosting\" itemprop=\"blogPost\" ><div class='avia_textblock  '   itemprop=\"text\" ><p style=\"text-align: center;\"><span style=\"font-size: 18pt;\"><b><span lang=\"ES\">C\u00f3mo lograr el \u00e9xito a trav\u00e9s de la gesti\u00f3n de marca de tu empresa<\/span><\/b><\/span><\/p>\n<div id=\"gtx-trans\" style=\"position: absolute; left: -50px; top: 4.31534px;\">\n<div class=\"gtx-trans-icon\"><\/div>\n<\/div>\n<\/div><\/section><\/div><div class=\"flex_column av_one_full  flex_column_div av-zero-column-padding first  avia-builder-el-4  el_after_av_one_full  el_before_av_hr  column-top-margin\" style='border-radius:0px; '><section class=\"av_textblock_section \"  itemscope=\"itemscope\" itemtype=\"https:\/\/schema.org\/BlogPosting\" itemprop=\"blogPost\" ><div class='avia_textblock  '   itemprop=\"text\" ><p class=\"v1MsoNormal\" style=\"text-align: justify;\" align=\"center\"><span lang=\"ES\">Conocido mundialmente como Branding, esta herramienta permite a las peque\u00f1as empresas obtener un mayor reconocimiento de sus clientes, a la vez alcanzar la fidelizaci\u00f3n de los mismos y lograr desarrollar una estrategia clara para avanzar y obtener mayores ganancias de manera de consolidar una marca dentro del mercado.<\/span><\/p>\n<p class=\"v1MsoNormal\" style=\"text-align: justify;\"><span lang=\"ES\">El programa de Fortalecimiento Digital para Pymes de Corfo Ays\u00e9n, ya tiene lista su oferta de contenidos para este 2023 con el que se espera apoyar a empresas de toda la regi\u00f3n en diversas materias que permitir\u00e1n optimizar la gesti\u00f3n de cada negocio.<\/span><\/p>\n<p class=\"v1MsoNormal\" style=\"text-align: justify;\"><span lang=\"ES\">En ese sentido, dentro de los talleres que se impartir\u00e1n el de branding busca que las empresas de la regi\u00f3n logren diferenciarse en el entendido que una marca es mucho m\u00e1s que un logotipo y una identidad visual, sino que adem\u00e1s se compone por un conjunto de sentimientos y experiencias que vive el cliente a partir de los productos y servicios que ofrece cada empresa.<\/span><\/p>\n<p class=\"v1MsoNormal\" style=\"text-align: justify;\"><span lang=\"ES\">Para ello, Natalia Rojas dise\u00f1adora y parte de fpyme Ays\u00e9n destac\u00f3 \u00abes vital tener en cuenta la importancia del branding para cualquier emprendimiento, ya que es una estrategia que nos ayuda a relacionarnos con nuestros clientes, entonces todo lo que podamos hacer para que estos nos reconozcan y nos prefieran y poder posicionarnos dentro del mercado, son justamente las estrategias de branding, todo lo que podamos trabajar a trav\u00e9s de promociones, regalos, post ventas y en general todos los servicios asociados a la venta de nuestros productos\u00bb.<\/span><\/p>\n<p class=\"v1MsoNormal\" style=\"text-align: justify;\"><span lang=\"ES\">As\u00ed como esta importante herramienta Fpyme Ays\u00e9n ejecutar\u00e1 talleres relativos a los softwares aliados al programa, fortalecimientos en Excel, mailing, redes sociales, p\u00e1ginas web, google my business, entre otros, de manera que las empresas comiencen a implementar lo aprendido y logren optimizar sus tiempos.<\/span><\/p>\n<p class=\"v1MsoNormal\" style=\"text-align: justify;\"><span lang=\"ES\">Recuerda que si eres pyme y a\u00fan no has hecho tu chequeo digital, debes ingresar a\u00a0<\/span><a href=\"http:\/\/www.fpymeaysen.cl\/\" target=\"_blank\" rel=\"noopener noreferrer\"><span lang=\"ES\">www.fpymeaysen.cl<\/span><\/a><span lang=\"ES\">\u00a0y contestar el formulario que te permitir\u00e1 acceder a los beneficios del programa. S\u00edguenos tambi\u00e9n en las redes sociales de Facebook e Instagram como Fpyme_Aysen.<\/span><\/p>\n<\/div><\/section><\/div><div  style='height:50px' class='hr hr-invisible   avia-builder-el-6  el_after_av_one_full  el_before_av_social_share '><span class='hr-inner ' ><span class='hr-inner-style'><\/span><\/span><\/div><\/p>\n<div  class='av-social-sharing-box  avia-builder-el-7  el_after_av_hr  el_before_av_hr  '><div class='av-share-box'><h5 class='av-share-link-description av-no-toc '>Compartir esta noticia<\/h5><ul class='av-share-box-list noLightbox'><li class='av-share-link av-social-link-facebook' ><a target=\"_blank\" aria-label=\"Compartir en Facebook\" href='https:\/\/www.facebook.com\/sharer.php?u=https:\/\/radiorevelacionfm.cl\/?p=25575&#038;t=C%C3%B3mo%20lograr%20el%20%C3%A9xito%20a%20trav%C3%A9s%20de%20la%20gesti%C3%B3n%20de%20marca%20de%20tu%20empresa' aria-hidden='false' data-av_icon='\ue8f3' data-av_iconfont='entypo-fontello' title='' data-avia-related-tooltip='Compartir en Facebook' rel=\"noopener\"><span class='avia_hidden_link_text'>Compartir en Facebook<\/span><\/a><\/li><li class='av-share-link av-social-link-twitter' ><a target=\"_blank\" aria-label=\"Compartir en Twitter\" href='https:\/\/twitter.com\/share?text=C%C3%B3mo%20lograr%20el%20%C3%A9xito%20a%20trav%C3%A9s%20de%20la%20gesti%C3%B3n%20de%20marca%20de%20tu%20empresa&#038;url=https:\/\/radiorevelacionfm.cl\/?p=25575' aria-hidden='false' data-av_icon='\ue8f1' data-av_iconfont='entypo-fontello' title='' data-avia-related-tooltip='Compartir en Twitter' rel=\"noopener\"><span class='avia_hidden_link_text'>Compartir en Twitter<\/span><\/a><\/li><li class='av-share-link av-social-link-whatsapp' ><a target=\"_blank\" aria-label=\"Compartir en Whatsapp\" href='https:\/\/api.whatsapp.com\/send?text=https:\/\/radiorevelacionfm.cl\/?p=25575' aria-hidden='false' data-av_icon='\uf232' data-av_iconfont='entypo-fontello' title='' data-avia-related-tooltip='Compartir en Whatsapp' rel=\"noopener\"><span class='avia_hidden_link_text'>Compartir en Whatsapp<\/span><\/a><\/li><li class='av-share-link av-social-link-linkedin' ><a target=\"_blank\" aria-label=\"Compartir en LinkedIn\" href='https:\/\/linkedin.com\/shareArticle?mini=true&#038;title=C%C3%B3mo%20lograr%20el%20%C3%A9xito%20a%20trav%C3%A9s%20de%20la%20gesti%C3%B3n%20de%20marca%20de%20tu%20empresa&#038;url=https:\/\/radiorevelacionfm.cl\/?p=25575' aria-hidden='false' data-av_icon='\ue8fc' data-av_iconfont='entypo-fontello' title='' data-avia-related-tooltip='Compartir en LinkedIn' rel=\"noopener\"><span class='avia_hidden_link_text'>Compartir en LinkedIn<\/span><\/a><\/li><li class='av-share-link av-social-link-mail' ><a  aria-label=\"Compartir por correo\" href='mailto:?subject=C%C3%B3mo%20lograr%20el%20%C3%A9xito%20a%20trav%C3%A9s%20de%20la%20gesti%C3%B3n%20de%20marca%20de%20tu%20empresa&#038;body=https:\/\/radiorevelacionfm.cl\/?p=25575' aria-hidden='false' data-av_icon='\ue805' data-av_iconfont='entypo-fontello' title='' data-avia-related-tooltip='Compartir por correo'><span class='avia_hidden_link_text'>Compartir por correo<\/span><\/a><\/li><\/ul><\/div><\/div>\n<div  style='height:50px' class='hr hr-invisible   avia-builder-el-8  el_after_av_social_share  el_before_av_comments_list '><span class='hr-inner ' ><span class='hr-inner-style'><\/span><\/span><\/div>\n<div  class='av-buildercomment  av-blog-meta-html-info-disabled av-blog-meta-tag-disabled  '><\/div>\n","protected":false},"excerpt":{"rendered":"","protected":false},"author":1,"featured_media":25577,"comment_status":"open","ping_status":"open","sticky":false,"template":"","format":"standard","meta":{"footnotes":""},"categories":[45],"tags":[],"class_list":["post-25575","post","type-post","status-publish","format-standard","has-post-thumbnail","hentry","category-comercio"],"jetpack_featured_media_url":"https:\/\/radiorevelacionfm.cl\/wp-content\/uploads\/2022\/12\/red_optimized.-post-28.06-9-2.jpg","_links":{"self":[{"href":"https:\/\/radiorevelacionfm.cl\/index.php?rest_route=\/wp\/v2\/posts\/25575","targetHints":{"allow":["GET"]}}],"collection":[{"href":"https:\/\/radiorevelacionfm.cl\/index.php?rest_route=\/wp\/v2\/posts"}],"about":[{"href":"https:\/\/radiorevelacionfm.cl\/index.php?rest_route=\/wp\/v2\/types\/post"}],"author":[{"embeddable":true,"href":"https:\/\/radiorevelacionfm.cl\/index.php?rest_route=\/wp\/v2\/users\/1"}],"replies":[{"embeddable":true,"href":"https:\/\/radiorevelacionfm.cl\/index.php?rest_route=%2Fwp%2Fv2%2Fcomments&post=25575"}],"version-history":[{"count":2,"href":"https:\/\/radiorevelacionfm.cl\/index.php?rest_route=\/wp\/v2\/posts\/25575\/revisions"}],"predecessor-version":[{"id":25579,"href":"https:\/\/radiorevelacionfm.cl\/index.php?rest_route=\/wp\/v2\/posts\/25575\/revisions\/25579"}],"wp:featuredmedia":[{"embeddable":true,"href":"https:\/\/radiorevelacionfm.cl\/index.php?rest_route=\/wp\/v2\/media\/25577"}],"wp:attachment":[{"href":"https:\/\/radiorevelacionfm.cl\/index.php?rest_route=%2Fwp%2Fv2%2Fmedia&parent=25575"}],"wp:term":[{"taxonomy":"category","embeddable":true,"href":"https:\/\/radiorevelacionfm.cl\/index.php?rest_route=%2Fwp%2Fv2%2Fcategories&post=25575"},{"taxonomy":"post_tag","embeddable":true,"href":"https:\/\/radiorevelacionfm.cl\/index.php?rest_route=%2Fwp%2Fv2%2Ftags&post=25575"}],"curies":[{"name":"wp","href":"https:\/\/api.w.org\/{rel}","templated":true}]}}